{"id":469558,"date":"2025-10-17T08:50:13","date_gmt":"2025-10-17T08:50:13","guid":{"rendered":"https:\/\/www.europesays.com\/fr\/469558\/"},"modified":"2025-10-17T08:50:13","modified_gmt":"2025-10-17T08:50:13","slug":"a-marseille-luc-ferry-ancien-ministre-de-leducation-alerte-sur-les-mefaits-de-lia","status":"publish","type":"post","link":"https:\/\/www.europesays.com\/fr\/469558\/","title":{"rendered":"\u00c0 Marseille, Luc Ferry, ancien ministre de l&rsquo;\u00c9ducation, alerte sur les m\u00e9faits de l&rsquo;IA"},"content":{"rendered":"<p><a href=\"https:\/\/www.laprovence.com\/article\/economie\/289268878747614\/provence-ai-l-intelligence-artificielle-marseillaise-pour-reduire-les-lenteurs-administratives\" target=\"_blank\" rel=\"noopener\">Intelligence artificielle<\/a>, grand remplacement ou compl\u00e9mentarit\u00e9\u00a0? C&rsquo;\u00e9tait le th\u00e8me de la conf\u00e9rence anim\u00e9e par l&rsquo;ancien ministre de l&rsquo;\u00c9ducation nationale Luc Ferry, ce mercredi, \u00e0 la mairie des 9e et 10e arrondissements.<\/p>\n<p>Une rencontre pr\u00e9sent\u00e9e par Richard Findykian, en partenariat avec RCF et La Provence. L&rsquo;occasion pour le philosophe, qui travaille sur le sujet depuis 25\u00a0ans, \u00ab\u00a0d&rsquo;alerter sur l&rsquo;av\u00e8nement dans la d\u00e9cennie qui vient d&rsquo;une Super Intelligence Artificielle qui sera capable de nous surpasser dans tous les domaines\u00a0\u00bb, a comment\u00e9 Luc Ferry, qui vient de publier un nouvel essai sur le sujet aux \u00e9ditions de l&rsquo;Observatoire.<\/p>\n<p>L&rsquo;int\u00e9gralit\u00e9 de l&rsquo;intervention de Luc Ferry dans l&rsquo;\u00e9mission sp\u00e9ciale de Richard Findykian, sera diffus\u00e9e sur le r\u00e9seau des radios RCF d\u00e8s lundi 20 octobre.<\/p>\n","protected":false},"excerpt":{"rendered":"Intelligence artificielle, grand remplacement ou compl\u00e9mentarit\u00e9\u00a0? C&rsquo;\u00e9tait le th\u00e8me de la conf\u00e9rence anim\u00e9e par l&rsquo;ancien ministre de l&rsquo;\u00c9ducation&hellip;\n","protected":false},"author":2,"featured_media":469559,"comment_status":"","ping_status":"","sticky":false,"template":"","format":"standard","meta":{"footnotes":""},"categories":[2814],"tags":[17,1111,11,898,4255,1777,674,49543,1011,27,12222,12254,884,3784,12,882,16,25],"class_list":{"0":"post-469558","1":"post","2":"type-post","3":"status-publish","4":"format-standard","5":"has-post-thumbnail","7":"category-marseille","8":"tag-17","9":"tag-actu","10":"tag-actualites","11":"tag-alerte","12":"tag-ancien","13":"tag-eu","14":"tag-europe","15":"tag-ferry","16":"tag-fr","17":"tag-france","18":"tag-leducation","19":"tag-luc","20":"tag-marseille","21":"tag-ministre","22":"tag-news","23":"tag-provence-alpes-cote-dazur","24":"tag-region","25":"tag-republique-francaise"},"share_on_mastodon":{"url":"https:\/\/pubeurope.com\/@fr\/115388653564854338","error":""},"_links":{"self":[{"href":"https:\/\/www.europesays.com\/fr\/wp-json\/wp\/v2\/posts\/469558","targetHints":{"allow":["GET"]}}],"collection":[{"href":"https:\/\/www.europesays.com\/fr\/wp-json\/wp\/v2\/posts"}],"about":[{"href":"https:\/\/www.europesays.com\/fr\/wp-json\/wp\/v2\/types\/post"}],"author":[{"embeddable":true,"href":"https:\/\/www.europesays.com\/fr\/wp-json\/wp\/v2\/users\/2"}],"replies":[{"embeddable":true,"href":"https:\/\/www.europesays.com\/fr\/wp-json\/wp\/v2\/comments?post=469558"}],"version-history":[{"count":0,"href":"https:\/\/www.europesays.com\/fr\/wp-json\/wp\/v2\/posts\/469558\/revisions"}],"wp:featuredmedia":[{"embeddable":true,"href":"https:\/\/www.europesays.com\/fr\/wp-json\/wp\/v2\/media\/469559"}],"wp:attachment":[{"href":"https:\/\/www.europesays.com\/fr\/wp-json\/wp\/v2\/media?parent=469558"}],"wp:term":[{"taxonomy":"category","embeddable":true,"href":"https:\/\/www.europesays.com\/fr\/wp-json\/wp\/v2\/categories?post=469558"},{"taxonomy":"post_tag","embeddable":true,"href":"https:\/\/www.europesays.com\/fr\/wp-json\/wp\/v2\/tags?post=469558"}],"curies":[{"name":"wp","href":"https:\/\/api.w.org\/{rel}","templated":true}]}}