{"id":469560,"date":"2025-10-17T08:51:12","date_gmt":"2025-10-17T08:51:12","guid":{"rendered":"https:\/\/www.europesays.com\/fr\/469560\/"},"modified":"2025-10-17T08:51:12","modified_gmt":"2025-10-17T08:51:12","slug":"a-marseille-reportage-au-coeur-des-worldskills-lolympiade-tournee-vers-lexcellence-des-metiers","status":"publish","type":"post","link":"https:\/\/www.europesays.com\/fr\/469560\/","title":{"rendered":"\u00c0 Marseille, reportage au c\u0153ur des WorldSkills, l&rsquo;olympiade tourn\u00e9e vers l&rsquo;excellence des m\u00e9tiers"},"content":{"rendered":"<p>\u00c0 proximit\u00e9 du stade V\u00e9lodrome, le coup d\u2019envoi de la 48e\u00a0\u00e9dition des <a href=\"https:\/\/www.laprovence.com\/article\/economie\/3264945591714314\/worldskills-une-competition-pour-valoriser-le-savoir-faire-72-jeunes-de-la-region-paca-en-lice-a-marseille\" target=\"_blank\" rel=\"noopener\">WorldSkills France<\/a>, une olympiade nationale des m\u00e9tiers, a \u00e9t\u00e9 donn\u00e9 ce jeudi 16 octobre matin au Parc Chanot de Marseille. Pendant trois jours, 800\u00a0comp\u00e9titeurs \u00e2g\u00e9s majoritairement entre 16 et 23\u00a0ans ayant tir\u00e9 leur \u00e9pingle du jeu lors des qualifications r\u00e9gionales, s\u2019opposent \u00e0 travers 67\u00a0disciplines r\u00e9parties en sept p\u00f4les (alimentation, automobile et engins, b\u00e2timent et travaux publics, communication num\u00e9rique, industrie, service et v\u00e9g\u00e9tal).<\/p>\n<p>Chaque d\u00e9tail compte<\/p>\n<p>D\u00e8s 9\u00a0heures, pl\u00e9thore de talents, dont ceux \u00e9valu\u00e9s sur la cat\u00e9gorie \u00ab\u00a0Boulangerie\u00a0\u00bb mettent la main \u00e0 la p\u00e2te pour pr\u00e9parer des croissants et <a href=\"https:\/\/www.laprovence.com\/article\/region\/1609634061244\/jean-marc-et-isabelle-les-nouveaux-maitres-panisse-de-port-saint-louis-du-rhone\" target=\"_blank\" rel=\"noopener\">panisses<\/a> &#8211;\u00a0Marseille oblige\u00a0-, et donnent le ton pour le reste de la comp\u00e9tition. Concentration \u00e0 toute \u00e9preuve, gestes millim\u00e9tr\u00e9s, nettoyage des \u00e9quipements\u00a0: tout est scrut\u00e9 \u00e0 loupe par des jur\u00e9s professionnels, en charge de l\u2019\u00e9valuation finale.<\/p>\n<p>\u00ab\u00a0On a plusieurs crit\u00e8res, dont la qualit\u00e9 g\u00e9n\u00e9rale, la fa\u00e7on de proc\u00e9der, l\u2019aspect s\u00e9curit\u00e9 ou encore le rangement du mat\u00e9riel\u00a0\u00bb, explique Valentin, jur\u00e9 pour le nettoyage de vitres, un des 18\u00a0m\u00e9tiers int\u00e9gr\u00e9s dans Parcours+, un dispositif qui permet \u00e0 une quarantaine&#8230;<\/p>\n","protected":false},"excerpt":{"rendered":"\u00c0 proximit\u00e9 du stade V\u00e9lodrome, le coup d\u2019envoi de la 48e\u00a0\u00e9dition des WorldSkills France, une olympiade nationale des&hellip;\n","protected":false},"author":2,"featured_media":469561,"comment_status":"","ping_status":"","sticky":false,"template":"","format":"standard","meta":{"footnotes":""},"categories":[2814],"tags":[17,1111,11,6521,154,33,1777,674,1011,27,59318,884,12,882,2687,25,4441,33546],"class_list":{"0":"post-469560","1":"post","2":"type-post","3":"status-publish","4":"format-standard","5":"has-post-thumbnail","7":"category-marseille","8":"tag-17","9":"tag-actu","10":"tag-actualites","11":"tag-coeur","12":"tag-des","13":"tag-economie","14":"tag-eu","15":"tag-europe","16":"tag-fr","17":"tag-france","18":"tag-lolympiade","19":"tag-marseille","20":"tag-news","21":"tag-provence-alpes-cote-dazur","22":"tag-reportage","23":"tag-republique-francaise","24":"tag-tournee","25":"tag-worldskills"},"share_on_mastodon":{"url":"https:\/\/pubeurope.com\/@fr\/115388657495872707","error":""},"_links":{"self":[{"href":"https:\/\/www.europesays.com\/fr\/wp-json\/wp\/v2\/posts\/469560","targetHints":{"allow":["GET"]}}],"collection":[{"href":"https:\/\/www.europesays.com\/fr\/wp-json\/wp\/v2\/posts"}],"about":[{"href":"https:\/\/www.europesays.com\/fr\/wp-json\/wp\/v2\/types\/post"}],"author":[{"embeddable":true,"href":"https:\/\/www.europesays.com\/fr\/wp-json\/wp\/v2\/users\/2"}],"replies":[{"embeddable":true,"href":"https:\/\/www.europesays.com\/fr\/wp-json\/wp\/v2\/comments?post=469560"}],"version-history":[{"count":0,"href":"https:\/\/www.europesays.com\/fr\/wp-json\/wp\/v2\/posts\/469560\/revisions"}],"wp:featuredmedia":[{"embeddable":true,"href":"https:\/\/www.europesays.com\/fr\/wp-json\/wp\/v2\/media\/469561"}],"wp:attachment":[{"href":"https:\/\/www.europesays.com\/fr\/wp-json\/wp\/v2\/media?parent=469560"}],"wp:term":[{"taxonomy":"category","embeddable":true,"href":"https:\/\/www.europesays.com\/fr\/wp-json\/wp\/v2\/categories?post=469560"},{"taxonomy":"post_tag","embeddable":true,"href":"https:\/\/www.europesays.com\/fr\/wp-json\/wp\/v2\/tags?post=469560"}],"curies":[{"name":"wp","href":"https:\/\/api.w.org\/{rel}","templated":true}]}}