{"id":469562,"date":"2025-10-17T08:52:14","date_gmt":"2025-10-17T08:52:14","guid":{"rendered":"https:\/\/www.europesays.com\/fr\/469562\/"},"modified":"2025-10-17T08:52:14","modified_gmt":"2025-10-17T08:52:14","slug":"lyon-ce-restaurant-de-quartier-ferme-durgence-par-la-prefete-du-rhone","status":"publish","type":"post","link":"https:\/\/www.europesays.com\/fr\/469562\/","title":{"rendered":"Lyon. Ce restaurant de quartier ferm\u00e9 d&rsquo;urgence par la pr\u00e9f\u00e8te du Rh\u00f4ne"},"content":{"rendered":"<p>            Par<br \/>\n        <strong><br \/>\n            <a href=\"https:\/\/actu.fr\/auteur\/theo-zuili\" title=\"Consulter tous les articles de Th\u00e9o Zuili\" target=\"_blank\" rel=\"noopener\">Th\u00e9o Zuili<\/a><br \/>\n        <\/strong><\/p>\n<p>        Publi\u00e9 le<\/p>\n<p>            17 oct. 2025 \u00e0 10h18        <\/p>\n<p>Visit\u00e9e le 16 octobre 2025 par les services d\u2019hygi\u00e8ne de la <a href=\"https:\/\/actu.fr\/tag\/prefecture-du-rhone\" target=\"_blank\" rel=\"noopener\">pr\u00e9fecture du Rh\u00f4ne<\/a>, une brasserie pizz\u00e9ria du 3\u1d49 arrondissement de <a href=\"https:\/\/actu.fr\/auvergne-rhone-alpes\/lyon_69123\" target=\"_blank\" rel=\"noopener\">Lyon<\/a> doit baisser ses rideaux jusqu\u2019\u00e0 nouvel ordre. L\u2019\u00e9tablissement<strong> La Squadra<\/strong>, situ\u00e9 en bordure de la place Guichard au 19 rue Voltaire o\u00f9 il \u00e9tend sa grande terrasse, pr\u00e9sentait \u00ab\u00a0des manquements graves aux r\u00e8gles d\u2019hygi\u00e8ne\u00a0\u00bb.<\/p>\n<p>    <a href=\"https:\/\/www.google.com\/maps\/embed?pb=!1m18!1m12!1m3!1d2495.881993651635!2d4.849498989448479!3d45.75900519333649!2m3!1f0!2f0!3f0!3m2!1i1024!2i768!4f13.1!3m3!1m2!1s0x47f4ea5e69fc2f53%3A0x17797f5dc59c3460!2sLa%20Squadra!5e1!3m2!1sfr!2sfr!4v1760687744333!5m2!1sfr!2sfr\" title=\"Ouvrie le lien\" target=\"_blank\" rel=\"noopener\">Cliquez ici pour visualiser le contenu<\/a><\/p>\n<p>Des d\u00e9jections de rongeurs<\/p>\n<p class=\" wall-content\">Suite \u00e0 un contr\u00f4le, la pr\u00e9f\u00e8te du Rh\u00f4ne a d\u00e9cid\u00e9 la fermeture en urgence de ce restaurant ouvert depuis pr\u00e8s de 20 ans pour des manquements graves aux minima des r\u00e8gles d\u2019hygi\u00e8ne et de s\u00e9curit\u00e9 alimentaire : les agents ont<strong> recens\u00e9 d\u2019importants risques de contamination<\/strong> et d\u2019intoxication qui en r\u00e9sulte.<\/p>\n<p class=\" wall-content\">Parmi ces \u00e9l\u00e9ments, des pr\u00e9sences de nuisibles : cadavres de blattes, cloportes, traces de souris\u2026 Les locaux et mat\u00e9riels \u00e9taient sales ou d\u00e9grad\u00e9s, avec un manque apparent d\u2019entretien et de nettoyage.<\/p>\n<p class=\" wall-content\">Un mauvais stockage et conservation des aliments a \u00e9t\u00e9 signal\u00e9e, dont certains p\u00e9rim\u00e9s. Mais \u00e9galement un manque de tra\u00e7abilit\u00e9 des denr\u00e9es ou encore de vestiaire pour le personnel et de formation \u00e0 l\u2019hygi\u00e8ne\u2026<\/p>\n<p>Ferm\u00e9 jusqu\u2019\u00e0 nouvel ordre<\/p>\n<p class=\" wall-content\">La pr\u00e9f\u00e8te estime que la poursuite de l\u2019activit\u00e9<strong> mettrait en danger la sant\u00e9 publique<\/strong>. La fermeture est prononc\u00e9e par arr\u00eat\u00e9 pr\u00e9fectoral et sera lev\u00e9e d\u00e8s que l\u2019\u00e9tablissement r\u00e9pondra aux normes en vigueur.\u00a0<\/p>\n<p class=\" wall-content\">Les g\u00e9rants devront prouver aux autorit\u00e9s avoir r\u00e9alis\u00e9 un nettoyage et la d\u00e9sinfection int\u00e9grale des locaux et \u00e9quipements, la r\u00e9novation des surfaces, le remplacement des joints, la suppression des passages de nuisibles\u2026 Ils devront \u00e9galement assurer un respect strict\u00a0des temp\u00e9ratures de conservation et de la rotation des denr\u00e9es.<\/p>\n<p>Votre r\u00e9gion, votre actu !<\/p>\n<p>Recevez chaque jour les infos qui comptent pour vous.<\/p>\n<p>\t<a href=\"https:\/\/actu.fr\/newsletter\" class=\"ac-btn ac-btn--corner ac-btn--medium ac-btn--blue800\" target=\"_blank\" rel=\"noopener\">S&rsquo;incrire<\/a><\/p>\n<p>La r\u00e9daction d\u2019actu Lyon n\u2019est pas parvenue \u00e0 joindre les propri\u00e9taires.<\/p>\n<p class=\" wall-content\">Personnalisez votre actualit\u00e9 en ajoutant vos villes et m\u00e9dias en favori avec <a href=\"https:\/\/moncompte.actu.fr\" title=\"D\u00e9couvez Mon Actu\" rel=\"nofollow noopener\" data-trk=\"{&quot;cta&quot;:{&quot;action&quot;:&quot;https:\\\/\\\/moncompte.actu.fr&quot;,&quot;category&quot;:&quot;mon compte&quot;,&quot;from&quot;:&quot;article footer&quot;,&quot;name&quot;:&quot;Mon actu&quot;,&quot;type&quot;:&quot;cta&quot;}}\" target=\"_blank\">Mon Actu<\/a>.<\/p>\n","protected":false},"excerpt":{"rendered":"Par Th\u00e9o Zuili Publi\u00e9 le 17 oct. 2025 \u00e0 10h18 Visit\u00e9e le 16 octobre 2025 par les services&hellip;\n","protected":false},"author":2,"featured_media":469563,"comment_status":"","ping_status":"","sticky":false,"template":"","format":"standard","meta":{"footnotes":""},"categories":[1889],"tags":[1111,11,2430,1777,674,1011,27,1661,2428,12,9450,25,1340,104],"class_list":{"0":"post-469562","1":"post","2":"type-post","3":"status-publish","4":"format-standard","5":"has-post-thumbnail","7":"category-lyon","8":"tag-actu","9":"tag-actualites","10":"tag-auvergne-rhone-alpes","11":"tag-eu","12":"tag-europe","13":"tag-fr","14":"tag-france","15":"tag-gastronomie","16":"tag-lyon","17":"tag-news","18":"tag-prefecture-du-rhone","19":"tag-republique-francaise","20":"tag-restaurant","21":"tag-societe"},"share_on_mastodon":{"url":"https:\/\/pubeurope.com\/@fr\/115388661484400762","error":""},"_links":{"self":[{"href":"https:\/\/www.europesays.com\/fr\/wp-json\/wp\/v2\/posts\/469562","targetHints":{"allow":["GET"]}}],"collection":[{"href":"https:\/\/www.europesays.com\/fr\/wp-json\/wp\/v2\/posts"}],"about":[{"href":"https:\/\/www.europesays.com\/fr\/wp-json\/wp\/v2\/types\/post"}],"author":[{"embeddable":true,"href":"https:\/\/www.europesays.com\/fr\/wp-json\/wp\/v2\/users\/2"}],"replies":[{"embeddable":true,"href":"https:\/\/www.europesays.com\/fr\/wp-json\/wp\/v2\/comments?post=469562"}],"version-history":[{"count":0,"href":"https:\/\/www.europesays.com\/fr\/wp-json\/wp\/v2\/posts\/469562\/revisions"}],"wp:featuredmedia":[{"embeddable":true,"href":"https:\/\/www.europesays.com\/fr\/wp-json\/wp\/v2\/media\/469563"}],"wp:attachment":[{"href":"https:\/\/www.europesays.com\/fr\/wp-json\/wp\/v2\/media?parent=469562"}],"wp:term":[{"taxonomy":"category","embeddable":true,"href":"https:\/\/www.europesays.com\/fr\/wp-json\/wp\/v2\/categories?post=469562"},{"taxonomy":"post_tag","embeddable":true,"href":"https:\/\/www.europesays.com\/fr\/wp-json\/wp\/v2\/tags?post=469562"}],"curies":[{"name":"wp","href":"https:\/\/api.w.org\/{rel}","templated":true}]}}