{"id":469564,"date":"2025-10-17T08:53:11","date_gmt":"2025-10-17T08:53:11","guid":{"rendered":"https:\/\/www.europesays.com\/fr\/469564\/"},"modified":"2025-10-17T08:53:11","modified_gmt":"2025-10-17T08:53:11","slug":"un-conducteur-de-trottinette-mortellement-fauche-par-une-moto-au-sud-de-lyon","status":"publish","type":"post","link":"https:\/\/www.europesays.com\/fr\/469564\/","title":{"rendered":"Un conducteur de trottinette mortellement fauch\u00e9 par une moto au sud de Lyon"},"content":{"rendered":"<p>\n    Un jeune homme de 23 ans est d\u00e9c\u00e9d\u00e9 jeudi soir \u00e0 Givors (Rh\u00f4ne) apr\u00e8s avoir \u00e9t\u00e9 renvers\u00e9 par un motard dans le quartier des Vernes.<\/p>\n<p class=\"fig-paragraph\">Nouveau drame de la route sur les routes rhodaniennes. Un jeune homme de 23 ans est d\u00e9c\u00e9d\u00e9 jeudi soir dans le quartier des Vernes de Givors, au sud du d\u00e9partement, selon une information du Progr\u00e8s, confirm\u00e9e au Figaro. Il a \u00e9t\u00e9 fauch\u00e9 par une moto peu apr\u00e8s 22 heures, alors\u00a0<a href=\"http:\/\/www.lefigaro.fr\/nice\/a-nice-le-port-du-casque-sera-obligatoire-pour-les-usagers-des-trottinettes-electriques-20251003\" data-fig-type=\"NewsFlash\" data-gtm-custom-categorie=\"navigation\" data-gtm-custom-action=\"crossclick\" data-gtm-custom-label=\"Contextuel\" data-gtm-event=\"customEventSPE\" data-fig-domain=\"LEFIGARO\" target=\"_blank\" rel=\"noopener\">qu\u2019il circulait \u00e0 trottinette<\/a>\u00a0au niveau de la rue Jacques Duclos.<\/p>\n<p class=\"fig-paragraph\">Le jeune homme a \u00e9t\u00e9 soign\u00e9 sur place par les secours mais il est d\u00e9c\u00e9d\u00e9 des suites de ses blessures, pr\u00e9cisent les pompiers du Rh\u00f4ne. Le conducteur de la moto n\u2019a pas \u00e9t\u00e9 pris en charge. Il aurait\u00a0<a href=\"http:\/\/www.lefigaro.fr\/lyon\/pres-de-lyon-un-automobiliste-arrete-apres-4-delits-de-fuite-en-un-mois-20241021\" data-fig-type=\"NewsFlash\" data-gtm-custom-categorie=\"navigation\" data-gtm-custom-action=\"crossclick\" data-gtm-custom-label=\"Contextuel\" data-gtm-event=\"customEventSPE\" data-fig-domain=\"LEFIGARO\" target=\"_blank\" rel=\"noopener\">pris la fuite<\/a>\u00a0apr\u00e8s le choc, indique une source proche du dossier au Figaro. Une enqu\u00eate a \u00e9t\u00e9 ouverte pour \u00e9tablir les circonstances exactes de l\u2019accident.<\/p>\n<p class=\"fig-body-link\">\n            \u00c0 lire aussi<br \/>\n        <a class=\"fig-body-link__link\" href=\"http:\/\/www.lefigaro.fr\/lyon\/serie-d-accidents-mortels-a-lyon-les-trottinettes-sont-elles-vraiment-plus-dangereuses-que-les-velos-20250611\" data-fig-type=\"NewsFlash\" data-gtm-custom-categorie=\"navigation\" data-gtm-custom-action=\"crossclick\" data-gtm-custom-label=\"Contextuel\" data-gtm-event=\"customEventSPE\" data-fig-domain=\"LEFIGARO\" target=\"_blank\" rel=\"noopener\">S\u00e9rie d\u2019accidents mortels \u00e0 Lyon\u00a0: les trottinettes sont-elles vraiment plus dangereuses que les v\u00e9los\u00a0?<br \/>\n    <\/a>\n<\/p>\n<p>                                    <a class=\"fig-a11y-skip a11y-hidden\" href=\"#fig-a11y-skip-main-inarticle\"><br \/>\n        Passer la publicit\u00e9<br \/>\n    <\/a><\/p>\n<p>Ann\u00e9e noire sur les routes rhodaniennes<\/p>\n<p class=\"fig-paragraph\">Ce nouveau drame intervient dans un contexte de\u00a0<a href=\"http:\/\/www.lefigaro.fr\/lyon\/le-nombre-de-morts-sur-les-routes-de-lyon-et-du-rhone-a-plus-que-double-depuis-le-debut-de-l-annee-20250617\" data-fig-type=\"NewsFlash\" data-gtm-custom-categorie=\"navigation\" data-gtm-custom-action=\"crossclick\" data-gtm-custom-label=\"Contextuel\" data-gtm-event=\"customEventSPE\" data-fig-domain=\"LEFIGARO\" target=\"_blank\" rel=\"noopener\">flamb\u00e9e des accidents mortels sur les routes du d\u00e9partement<\/a>. La pr\u00e9fecture avait tir\u00e9 la sonnette d\u2019alarme au printemps alors que le nombre de tu\u00e9s sur les routes a doubl\u00e9 par rapport \u00e0 l\u2019an dernier au cours du premier semestre. Les usagers de trottinette ont pay\u00e9 un lourd tribut sur les premiers mois de l\u2019ann\u00e9e.<\/p>\n<p class=\"fig-paragraph\">Le nombre d\u2019accidents reste pourtant stable, celui de bless\u00e9s aussi. Ce serait donc la violence des chocs qui augmenterait leur mortalit\u00e9 en tout cas, acquiesce une source bien inform\u00e9e.<\/p>\n","protected":false},"excerpt":{"rendered":"Un jeune homme de 23 ans est d\u00e9c\u00e9d\u00e9 jeudi soir \u00e0 Givors (Rh\u00f4ne) apr\u00e8s avoir \u00e9t\u00e9 renvers\u00e9 par&hellip;\n","protected":false},"author":2,"featured_media":469565,"comment_status":"","ping_status":"","sticky":false,"template":"","format":"standard","meta":{"footnotes":""},"categories":[1889],"tags":[119,1111,11,2430,1777,674,1011,27,2428,12,25,7103],"class_list":{"0":"post-469564","1":"post","2":"type-post","3":"status-publish","4":"format-standard","5":"has-post-thumbnail","7":"category-lyon","8":"tag-accident","9":"tag-actu","10":"tag-actualites","11":"tag-auvergne-rhone-alpes","12":"tag-eu","13":"tag-europe","14":"tag-fr","15":"tag-france","16":"tag-lyon","17":"tag-news","18":"tag-republique-francaise","19":"tag-trottinettes-electriques"},"share_on_mastodon":{"url":"https:\/\/pubeurope.com\/@fr\/115388665232370181","error":""},"_links":{"self":[{"href":"https:\/\/www.europesays.com\/fr\/wp-json\/wp\/v2\/posts\/469564","targetHints":{"allow":["GET"]}}],"collection":[{"href":"https:\/\/www.europesays.com\/fr\/wp-json\/wp\/v2\/posts"}],"about":[{"href":"https:\/\/www.europesays.com\/fr\/wp-json\/wp\/v2\/types\/post"}],"author":[{"embeddable":true,"href":"https:\/\/www.europesays.com\/fr\/wp-json\/wp\/v2\/users\/2"}],"replies":[{"embeddable":true,"href":"https:\/\/www.europesays.com\/fr\/wp-json\/wp\/v2\/comments?post=469564"}],"version-history":[{"count":0,"href":"https:\/\/www.europesays.com\/fr\/wp-json\/wp\/v2\/posts\/469564\/revisions"}],"wp:featuredmedia":[{"embeddable":true,"href":"https:\/\/www.europesays.com\/fr\/wp-json\/wp\/v2\/media\/469565"}],"wp:attachment":[{"href":"https:\/\/www.europesays.com\/fr\/wp-json\/wp\/v2\/media?parent=469564"}],"wp:term":[{"taxonomy":"category","embeddable":true,"href":"https:\/\/www.europesays.com\/fr\/wp-json\/wp\/v2\/categories?post=469564"},{"taxonomy":"post_tag","embeddable":true,"href":"https:\/\/www.europesays.com\/fr\/wp-json\/wp\/v2\/tags?post=469564"}],"curies":[{"name":"wp","href":"https:\/\/api.w.org\/{rel}","templated":true}]}}