{"id":469570,"date":"2025-10-17T08:57:15","date_gmt":"2025-10-17T08:57:15","guid":{"rendered":"https:\/\/www.europesays.com\/fr\/469570\/"},"modified":"2025-10-17T08:57:15","modified_gmt":"2025-10-17T08:57:15","slug":"les-meilleures-pieces-a-voir-ce-week-end-du-17-au-19-octobre-2025","status":"publish","type":"post","link":"https:\/\/www.europesays.com\/fr\/469570\/","title":{"rendered":"les meilleures pi\u00e8ces \u00e0 voir ce week-end du 17 au 19 octobre 2025"},"content":{"rendered":"<p class=\"mb-4 text-lg md:leading-8 break-words\"><strong>Id\u00e9es de sorties &#8211; La sc\u00e8ne parisienne vous attend\u00a0! Du 17 au 19\u00a0octobre 2025, d\u00e9couvrez notre s\u00e9lection de pi\u00e8ces \u00e0 voir ce week-end pour une sortie culturelle r\u00e9ussie, sans vous ruiner.<\/strong><\/p>\n<p class=\"mb-4 text-lg md:leading-8 break-words\">Envie de rire, de frissonner ou de vous \u00e9vader le temps d\u2019une pi\u00e8ce de th\u00e9\u00e2tre\u00a0? Ce week-end, cap sur les sc\u00e8nes parisiennes avec notre s\u00e9lection de sorties \u00e0 petit prix. Gr\u00e2ce \u00e0 <a href=\"https:\/\/www.ticketnunc.com\/?utm_source=20_minutes&amp;utm_medium=articles&amp;utm_campaign=article_20_minutes&amp;at_medium=RSS%20feed&amp;at_campaign=ynews&amp;utm_source=yahoo&amp;utm_medium=rss&amp;utm_campaign=news_feed&amp;utm_content=in_article_link\" rel=\"nofollow noopener\" target=\"_blank\" data-ylk=\"slk:TicketNunc;elm:context_link;itc:0;sec:content-canvas\" class=\"link \">TicketNunc<\/a>, profitez d\u2019offres de derni\u00e8re minute, disponibles entre 24 et 72 heures avant la repr\u00e9sentation.<\/p>\n<p class=\"mb-4 text-lg md:leading-8 break-words\">Ne manquez pas l\u2019occasion de (re) d\u00e9couvrir Paris autrement, entre \u00e9motions, rires et belles d\u00e9couvertes artistiques.<\/p>\n<p class=\"mb-4 text-lg md:leading-8 break-words\">Voici notre s\u00e9lection de six pi\u00e8ces \u00e0 ne pas manquer ce week-end, du 17 au 19\u00a0octobre 2025\u00a0:<\/p>\n<p>OUBLIE-MOI<img alt=\"[object Object]\" loading=\"lazy\" width=\"500\" height=\"750\" decoding=\"async\" data-nimg=\"1\" class=\"rounded-lg\" style=\"color:transparent\" src=\"https:\/\/www.europesays.com\/fr\/wp-content\/uploads\/2025\/10\/b80bd3e82aab5a8365bea020970fa826.jpeg\"\/><\/p>\n<p>[object Object]<\/p>\n<p class=\"mb-4 text-lg md:leading-8 break-words\">Jeanne et Arthur vivent une histoire parfaite\u2026 jusqu\u2019\u00e0 ce que tout bascule pour une simple course\u00a0: du lait et un timbre. Port\u00e9e par une mise en sc\u00e8ne sensible et r\u00e9compens\u00e9e par 4 Moli\u00e8res en\u00a02023, cette pi\u00e8ce bouleversante parle d\u2019amour, de m\u00e9moire, et de ce qu\u2019on ne voudrait jamais oublier.<\/p>\n<ul class=\"mb-4\">\n<li class=\"ml-4 list-disc\">\n<p class=\"mb-4 text-lg md:leading-8 break-words\">La Bruy\u00e8re, 5 Rue la Bruy\u00e8re, 75009 Paris<\/p>\n<\/li>\n<\/ul>\n<p><a href=\"https:\/\/www.ticketnunc.com\/spectacles\/oublie-moi?utm_source=20_minutes&amp;utm_medium=articles&amp;utm_campaign=article_20_minutes\" rel=\"nofollow noopener\" target=\"_blank\" data-ylk=\"slk:Voir la pi\u00e8ce;elm:context_link;itc:0;sec:content-canvas\" class=\"link \">Voir la pi\u00e8ce<\/a>LE JEU DE L\u2019AMOUR ET DU HASARD<img alt=\"[object Object]\" loading=\"lazy\" width=\"500\" height=\"707\" decoding=\"async\" data-nimg=\"1\" class=\"rounded-lg\" style=\"color:transparent\" src=\"https:\/\/www.europesays.com\/fr\/wp-content\/uploads\/2025\/10\/5bd464f897856b60fd2f5287b1038bce.jpeg\"\/><\/p>\n<p>[object Object]<\/p>\n<p class=\"mb-4 text-lg md:leading-8 break-words\">Pour tester la sinc\u00e9rit\u00e9 de Dorante, Silvia \u00e9change ses habits avec sa servante, sans savoir que lui fait pareil avec son valet. Entre quiproquos, faux-semblants et manipulations, ces deux couples se lancent dans un jeu d\u2019amour et de hasard aussi cruel que dr\u00f4le.<\/p>\n<ul class=\"mb-4\">\n<li class=\"ml-4 list-disc\">\n<p class=\"mb-4 text-lg md:leading-8 break-words\">Th\u00e9\u00e2tre des Mathurins, 36 rue des Mathurins, 75008 Paris<\/p>\n<\/li>\n<\/ul>\n<p><a href=\"https:\/\/www.ticketnunc.com\/spectacles\/le-jeu-de-lamour-et-du-hasard?utm_source=20_minutes&amp;utm_medium=articles&amp;utm_campaign=article_20_minutes\" rel=\"nofollow noopener\" target=\"_blank\" data-ylk=\"slk:Voir la pi\u00e8ce;elm:context_link;itc:0;sec:content-canvas\" class=\"link \">Voir la pi\u00e8ce<\/a>\u00c7a Commence\u2026<img alt=\"[object Object]\" loading=\"lazy\" width=\"500\" height=\"707\" decoding=\"async\" data-nimg=\"1\" class=\"rounded-lg\" style=\"color:transparent\" src=\"https:\/\/www.europesays.com\/fr\/wp-content\/uploads\/2025\/10\/ed9a379c3eb22b41fc968fc1cf7d36c4.jpeg\"\/><\/p>\n<p>[object Object]<\/p>\n<p class=\"mb-4 text-lg md:leading-8 break-words\">Quand Juliette, \u00e9tudiante en psycho, voit sa grand-m\u00e8re Maryse confront\u00e9e aux premiers signes d\u2019Alzheimer, leur relation vacille. Entre \u00e9motions intimes et questionnements sur notre soci\u00e9t\u00e9, cette pi\u00e8ce bouleversante m\u00eale tendresse et humour pour interroger la m\u00e9moire et le vi(&#8230;)<\/p>\n<p class=\"mb-4 text-lg md:leading-8 break-words\"><a href=\"https:\/\/www.20minutes.fr\/arts-stars\/loisirs\/4179817-20251017-theatre-paris-meilleures-pieces-voir-week-end-17-19-octobre-2025?at_medium=RSS%20feed&amp;at_campaign=ynews&amp;utm_source=yahoo&amp;utm_medium=rss&amp;utm_campaign=news_feed&amp;utm_content=read_more_link&quot;\" rel=\"nofollow noopener\" target=\"_blank\" data-ylk=\"slk:Lire la suite sur 20minutes;elm:context_link;itc:0;sec:content-canvas\" class=\"link \">Lire la suite sur 20minutes<\/a><\/p>\n<p>\u00c0 lire aussi :<br \/><a href=\"https:\/\/www.20minutes.fr\/arts-stars\/culture\/musique\/4179488-20251017-studio-lara-fabian-fait-pleurer-confie-ycare?at_medium=RSS%20feed&amp;at_campaign=ynews&amp;utm_source=yahoo&amp;utm_medium=rss&amp;utm_campaign=news_feed&amp;utm_content=related_content_link\" rel=\"nofollow noopener\" target=\"_blank\" data-ylk=\"slk:\u00ab\u00a0En studio, Lara Fabian m\u2019a fait pleurer\u00a0\u00bb, confie Ycare;elm:context_link;itc:0;sec:content-canvas\" class=\"link \">\u00ab\u00a0En studio, Lara Fabian m\u2019a fait pleurer\u00a0\u00bb, confie Ycare<\/a><br \/><a href=\"https:\/\/www.20minutes.fr\/arts-stars\/culture\/4179783-20251016-pourquoi-tableau-desespere-courbet-appartient-desormais-qatar?at_medium=RSS%20feed&amp;at_campaign=ynews&amp;utm_source=yahoo&amp;utm_medium=rss&amp;utm_campaign=news_feed&amp;utm_content=related_content_link\" rel=\"nofollow noopener\" target=\"_blank\" data-ylk=\"slk:Pourquoi le tableau \u00ab\u00a0Le d\u00e9sesp\u00e9r\u00e9\u00a0\u00bb de Courbet appartient-il d\u00e9sormais au Qatar\u00a0?;elm:context_link;itc:0;sec:content-canvas\" class=\"link \">Pourquoi le tableau \u00ab\u00a0Le d\u00e9sesp\u00e9r\u00e9\u00a0\u00bb de Courbet appartient-il d\u00e9sormais au Qatar\u00a0?<\/a><\/p>\n","protected":false},"excerpt":{"rendered":"Id\u00e9es de sorties &#8211; La sc\u00e8ne parisienne vous attend\u00a0! Du 17 au 19\u00a0octobre 2025, d\u00e9couvrez notre s\u00e9lection de&hellip;\n","protected":false},"author":2,"featured_media":469571,"comment_status":"","ping_status":"","sticky":false,"template":"","format":"standard","meta":{"footnotes":""},"categories":[1888],"tags":[1111,1928,11,1927,1777,674,1011,27,26316,59319,12,1926,7518,626,1925,30016,15080,25],"class_list":{"0":"post-469570","1":"post","2":"type-post","3":"status-publish","4":"format-standard","5":"has-post-thumbnail","7":"category-paris","8":"tag-actu","9":"tag-actu-paris","10":"tag-actualites","11":"tag-actualites-paris","12":"tag-eu","13":"tag-europe","14":"tag-fr","15":"tag-france","16":"tag-idees-de-sorties","17":"tag-le-jeu-de-lamour-et-du-hasard","18":"tag-news","19":"tag-news-paris","20":"tag-octobre","21":"tag-paris","22":"tag-paris-news","23":"tag-piece-de-theatre","24":"tag-pieces","25":"tag-republique-francaise"},"share_on_mastodon":{"url":"https:\/\/pubeurope.com\/@fr\/115388681675988685","error":""},"_links":{"self":[{"href":"https:\/\/www.europesays.com\/fr\/wp-json\/wp\/v2\/posts\/469570","targetHints":{"allow":["GET"]}}],"collection":[{"href":"https:\/\/www.europesays.com\/fr\/wp-json\/wp\/v2\/posts"}],"about":[{"href":"https:\/\/www.europesays.com\/fr\/wp-json\/wp\/v2\/types\/post"}],"author":[{"embeddable":true,"href":"https:\/\/www.europesays.com\/fr\/wp-json\/wp\/v2\/users\/2"}],"replies":[{"embeddable":true,"href":"https:\/\/www.europesays.com\/fr\/wp-json\/wp\/v2\/comments?post=469570"}],"version-history":[{"count":0,"href":"https:\/\/www.europesays.com\/fr\/wp-json\/wp\/v2\/posts\/469570\/revisions"}],"wp:featuredmedia":[{"embeddable":true,"href":"https:\/\/www.europesays.com\/fr\/wp-json\/wp\/v2\/media\/469571"}],"wp:attachment":[{"href":"https:\/\/www.europesays.com\/fr\/wp-json\/wp\/v2\/media?parent=469570"}],"wp:term":[{"taxonomy":"category","embeddable":true,"href":"https:\/\/www.europesays.com\/fr\/wp-json\/wp\/v2\/categories?post=469570"},{"taxonomy":"post_tag","embeddable":true,"href":"https:\/\/www.europesays.com\/fr\/wp-json\/wp\/v2\/tags?post=469570"}],"curies":[{"name":"wp","href":"https:\/\/api.w.org\/{rel}","templated":true}]}}