{"id":469580,"date":"2025-10-17T09:02:26","date_gmt":"2025-10-17T09:02:26","guid":{"rendered":"https:\/\/www.europesays.com\/fr\/469580\/"},"modified":"2025-10-17T09:02:26","modified_gmt":"2025-10-17T09:02:26","slug":"lex-conseiller-de-donald-trump-devenu-detracteur-du-president-john-bolton-inculpe-de-divulgation-et-retention-de-documents-relevant-de-la-defense-nationale","status":"publish","type":"post","link":"https:\/\/www.europesays.com\/fr\/469580\/","title":{"rendered":"L&rsquo;ex-conseiller de Donald Trump devenu d\u00e9tracteur du pr\u00e9sident, John Bolton, inculp\u00e9 de divulgation et r\u00e9tention de documents relevant de la d\u00e9fense nationale"},"content":{"rendered":"\n<p class=\"c-chapo \">\n  John Bolton avait publi\u00e9 en juin 2020 un livre au vitriol sur son passage dans l&rsquo;administration de Donald Trump, qu&rsquo;il d\u00e9crivait comme \u00ab\u00a0inapte\u00a0\u00bb \u00e0 diriger les Etats-Unis.\n<\/p>\n<p>      lire plus tard<\/p>\n<p id=\"dialog__title\" class=\"dialog__title\">Pour sauvegarder cet article, connectez-vous ou cr\u00e9ez un compte franceinfo<\/p>\n<p class=\"dialog__description\">Sans paiement. Sans abonnement.<\/p>\n<p>        Fermer la fen\u00eatre d\u2019activation des notifications France Info<\/p>\n<p>      cr\u00e9er votre compte<\/p>\n<p>      se connecter<\/p>\n<p>        Fermer la fen\u00eatre de pr\u00e9sentation<\/p>\n<p>    <img loading=\"lazy\" decoding=\"async\" class=\"signature__image lazyload\" width=\"100\" height=\"100\" data- alt=\"\" src=\"https:\/\/www.europesays.com\/fr\/wp-content\/uploads\/2025\/05\/64a68815cd1a7_placeholder-36b69ec8.png\"\/><\/p>\n<p>    Publi\u00e9 le 17\/10\/2025 10:53<\/p>\n<p>        Temps de lecture : 2min<\/p>\n<p>    <img decoding=\"async\"  alt=\"John Bolton, l'ex-conseiller \u00e0 la s\u00e9curit\u00e9 nationale de Donald Trump lors de son premier mandat, \u00e0 Washington, le 1er mai 2019. (BRENDAN SMIALOWSKI \/ AFP)\" width=\"432\" height=\"243\" src=\"https:\/\/www.europesays.com\/fr\/wp-content\/uploads\/2025\/10\/000-793m39f-68f1fdd57bf66700455929.jpg\" fetchpriority=\"high\"\/><\/p>\n<p>      John Bolton, l&rsquo;ex-conseiller \u00e0 la s\u00e9curit\u00e9 nationale de Donald Trump lors de son premier mandat, \u00e0 Washington, le 1er mai 2019. (BRENDAN SMIALOWSKI \/ AFP)<\/p>\n<p>Il devient ainsi la troisi\u00e8me personne vis\u00e9e par les critiques de Donald Trump \u00e0 \u00eatre inculp\u00e9e depuis le retour du milliardaire \u00e0 la Maison Blanche. <a href=\"https:\/\/www.franceinfo.fr\/monde\/usa\/presidentielle\/donald-trump\/aux-etats-unis-le-fbi-a-perquisitionne-le-domicile-de-john-bolton-ex-conseiller-de-donald-trump-devenu-un-fervent-critique_7449037.html\" rel=\"nofollow noopener\" target=\"_blank\">John Bolton<\/a>, <a href=\"https:\/\/www.franceinfo.fr\/monde\/usa\/presidentielle\/donald-trump\/donald-trump-limoge-john-bolton-son-conseiller-a-la-securite-nationale_3611313.html\" rel=\"nofollow noopener\" target=\"_blank\">conseiller \u00e0 la s\u00e9curit\u00e9 nationale de Donald Trump<\/a> lors du premier mandat du pr\u00e9sident r\u00e9publicain, a \u00e9t\u00e9 inculp\u00e9 jeudi 16 octobre de 18 chefs d&rsquo;accusation de divulgation ou de r\u00e9tention de documents relevant de la d\u00e9fense nationale, selon un acte d&rsquo;accusation du jury de l&rsquo;Etat du Maryland.<\/p>\n<p>L&rsquo;acte d&rsquo;accusation reproche \u00e0 John Bolton d&rsquo;avoir \u00ab\u00a0abus\u00e9 de sa position de conseiller \u00e0 la s\u00e9curit\u00e9 nationale en partageant plus d&rsquo;un millier de pages de documents sur ses activit\u00e9s au quotidien\u00a0\u00bb avec deux personnes de son entourage ne disposant pas d&rsquo;une accr\u00e9ditation de s\u00e9curit\u00e9, via ses messageries \u00e9lectroniques personnelles non s\u00e9curis\u00e9es. En juillet 2021, un repr\u00e9sentant de John Bolton a \u00e9galement inform\u00e9 le FBI qu&rsquo;une de ces messageries avait \u00e9t\u00e9 pirat\u00e9 apr\u00e8s son d\u00e9part du gouvernement par un hacker li\u00e9 selon lui \u00e0 l&rsquo;Iran, ce dont John Bolton n&rsquo;aurait pas alert\u00e9 les autorit\u00e9s, selon l&rsquo;acte d&rsquo;accusation. Le FBI a aussi d\u00e9couvert des documents relevant de la d\u00e9fense nationale \u00e0 son domicile lors d&rsquo;une perquisition en ao\u00fbt, selon l&rsquo;accusation.<\/p>\n<p>En juin 2020, John Bolton avait publi\u00e9 un livre au vitriol sur ses 17 mois pass\u00e9s comme conseiller \u00e0 la s\u00e9curit\u00e9 nationale de Donald Trump, qu&rsquo;il d\u00e9crivait comme \u00ab\u00a0inapte\u00a0\u00bb \u00e0 diriger les Etats-Unis. \u00ab\u00a0C&rsquo;est un sale type, c&rsquo;est dommage. Mais c&rsquo;est comme \u00e7a\u00a0\u00bb, a r\u00e9agi Donald Trump, qui a maintes fois exprim\u00e9 pendant la campagne \u00e9lectorale sa volont\u00e9 de se venger de tous ceux qu&rsquo;il consid\u00e8re comme des ennemis personnels. L&rsquo;inculpation de John Bolton suit celle de <a href=\"https:\/\/www.franceinfo.fr\/monde\/usa\/presidentielle\/donald-trump\/inculpe-sous-la-pression-de-donald-trump-l-ex-directeur-du-fbi-james-comey-plaide-non-coupable_7540255.html\" rel=\"nofollow noopener\" target=\"_blank\">l&rsquo;ancien directeur de la police f\u00e9d\u00e9rale (FBI) James Comey<\/a> et de <a href=\"https:\/\/www.franceinfo.fr\/monde\/usa\/presidentielle\/donald-trump\/la-procureure-generale-de-l-etat-de-new-york-opposante-de-donald-trump-inculpee-pour-des-soupcons-de-falsification-de-documents_7543315.html\" rel=\"nofollow noopener\" target=\"_blank\">la procureure g\u00e9n\u00e9rale de l&rsquo;Etat de New York, Letitia James<\/a>.<\/p>\n","protected":false},"excerpt":{"rendered":"John Bolton avait publi\u00e9 en juin 2020 un livre au vitriol sur son passage dans l&rsquo;administration de Donald&hellip;\n","protected":false},"author":2,"featured_media":469581,"comment_status":"","ping_status":"","sticky":false,"template":"","format":"standard","meta":{"footnotes":""},"categories":[1589],"tags":[11,73,1866,12,1864,1865,1863,308],"class_list":{"0":"post-469580","1":"post","2":"type-post","3":"status-publish","4":"format-standard","5":"has-post-thumbnail","7":"category-etats-unis","8":"tag-actualites","9":"tag-etats-unis","10":"tag-etats-unis-damerique","11":"tag-news","12":"tag-united-states","13":"tag-united-states-of-america","14":"tag-us","15":"tag-usa"},"share_on_mastodon":{"url":"https:\/\/pubeurope.com\/@fr\/115388701330721574","error":""},"_links":{"self":[{"href":"https:\/\/www.europesays.com\/fr\/wp-json\/wp\/v2\/posts\/469580","targetHints":{"allow":["GET"]}}],"collection":[{"href":"https:\/\/www.europesays.com\/fr\/wp-json\/wp\/v2\/posts"}],"about":[{"href":"https:\/\/www.europesays.com\/fr\/wp-json\/wp\/v2\/types\/post"}],"author":[{"embeddable":true,"href":"https:\/\/www.europesays.com\/fr\/wp-json\/wp\/v2\/users\/2"}],"replies":[{"embeddable":true,"href":"https:\/\/www.europesays.com\/fr\/wp-json\/wp\/v2\/comments?post=469580"}],"version-history":[{"count":0,"href":"https:\/\/www.europesays.com\/fr\/wp-json\/wp\/v2\/posts\/469580\/revisions"}],"wp:featuredmedia":[{"embeddable":true,"href":"https:\/\/www.europesays.com\/fr\/wp-json\/wp\/v2\/media\/469581"}],"wp:attachment":[{"href":"https:\/\/www.europesays.com\/fr\/wp-json\/wp\/v2\/media?parent=469580"}],"wp:term":[{"taxonomy":"category","embeddable":true,"href":"https:\/\/www.europesays.com\/fr\/wp-json\/wp\/v2\/categories?post=469580"},{"taxonomy":"post_tag","embeddable":true,"href":"https:\/\/www.europesays.com\/fr\/wp-json\/wp\/v2\/tags?post=469580"}],"curies":[{"name":"wp","href":"https:\/\/api.w.org\/{rel}","templated":true}]}}