{"id":469584,"date":"2025-10-17T09:04:12","date_gmt":"2025-10-17T09:04:12","guid":{"rendered":"https:\/\/www.europesays.com\/fr\/469584\/"},"modified":"2025-10-17T09:04:12","modified_gmt":"2025-10-17T09:04:12","slug":"lallemagne-commande-20-nouveaux-eurofighter","status":"publish","type":"post","link":"https:\/\/www.europesays.com\/fr\/469584\/","title":{"rendered":"L&rsquo;Allemagne commande 20 nouveaux Eurofighter"},"content":{"rendered":"<p>\t\t\t\t\t\t\t\t<img src=\"data:image\/svg+xml,%3Csvg%20xmlns=\" http:=\"\" class=\"attachment-article size-article wp-post-image\" alt=\"\" decoding=\"async\" fetchpriority=\"high\" data-lazy- data-lazy- data-attachment-id=\"7927056\" data-permalink=\"https:\/\/www.aerobuzz.fr\/breves-helicoptere\/boeing-et-leonardo-sassocient-autour-de-law119t\/attachment\/eurofighter-allemand-luftwaffe\/\" data-orig-file=\"https:\/\/i0.wp.com\/www.aerobuzz.fr\/wp-content\/uploads\/2025\/10\/eurofighter-allemand-luftwaffe.jpg?fit=800%2C551&amp;ssl=1\" data-orig-size=\"800,551\" data-comments-opened=\"1\" data-image-meta=\"{&quot;aperture&quot;:&quot;0&quot;,&quot;credit&quot;:&quot;&quot;,&quot;camera&quot;:&quot;&quot;,&quot;caption&quot;:&quot;&quot;,&quot;created_timestamp&quot;:&quot;0&quot;,&quot;copyright&quot;:&quot;&quot;,&quot;focal_length&quot;:&quot;0&quot;,&quot;iso&quot;:&quot;0&quot;,&quot;shutter_speed&quot;:&quot;0&quot;,&quot;title&quot;:&quot;&quot;,&quot;orientation&quot;:&quot;1&quot;}\" data-image-title=\"eurofighter allemand luftwaffe\" data-image-description=\"\" data-image-caption=\"\" data-medium-file=\"https:\/\/i0.wp.com\/www.aerobuzz.fr\/wp-content\/uploads\/2025\/10\/eurofighter-allemand-luftwaffe.jpg?resize=300%2C207&amp;ssl=1\" data-large-file=\"https:\/\/i0.wp.com\/www.aerobuzz.fr\/wp-content\/uploads\/2025\/10\/eurofighter-allemand-luftwaffe.jpg?resize=600%2C413&amp;ssl=1\" data-lazy-src=\"https:\/\/www.europesays.com\/fr\/wp-content\/uploads\/2025\/10\/eurofighter-allemand-luftwaffe.jpg\"\/>\t\t\t\t\t\t\t<\/p>\n<p>eurofighter allemand luftwaffe<\/p>\n<p>L&rsquo;Allemagne renforce ses capacit\u00e9s de d\u00e9fense avec l&rsquo;acquisition de 20 nouveaux Eurofighter. Airbus produira\u00a0cet\u00a0avion de combat polyvalent sur sa cha\u00eene d&rsquo;assemblage final de Manching, pr\u00e8s de Munich. La livraison du premier appareil \u00e0 l&rsquo;arm\u00e9e de l&rsquo;air allemande est pr\u00e9vue pour 2031, celle du dernier pour 2034.<\/p>\n<p>Airbus \u00e9quipera les 20 Eurofighter des capteurs les plus r\u00e9cents. Cela inclut, par exemple, le nouveau radar \u00e9lectronique E-Scan. Parall\u00e8lement, Airbus ajoutera des capacit\u00e9s de guerre \u00e9lectronique \u00e0 la flotte allemande d\u2019Eurofighter en int\u00e9grant la suite de capteurs Arexis, d\u00e9velopp\u00e9e par le su\u00e9dois Saab, aux avions existants et nouveaux. Ces importantes am\u00e9liorations technologiques renforceront encore les capacit\u00e9s op\u00e9rationnelles d\u00e9j\u00e0 \u00e9tendues des Eurofighter de l\u2019arm\u00e9e de l\u2019air allemande. L\u2019Eurofighter devrait rester en service dans l\u2019arm\u00e9e de l\u2019air allemande jusqu\u2019aux ann\u00e9es 2060.<\/p>\n<p>\n\tArticles similaires<\/p>\n","protected":false},"excerpt":{"rendered":"eurofighter allemand luftwaffe L&rsquo;Allemagne renforce ses capacit\u00e9s de d\u00e9fense avec l&rsquo;acquisition de 20 nouveaux Eurofighter. Airbus produira\u00a0cet\u00a0avion de&hellip;\n","protected":false},"author":2,"featured_media":469585,"comment_status":"","ping_status":"","sticky":false,"template":"","format":"standard","meta":{"footnotes":""},"categories":[1587],"tags":[11,36,672,1804,1805,1803,1777,690,674,1801,12,1802],"class_list":{"0":"post-469584","1":"post","2":"type-post","3":"status-publish","4":"format-standard","5":"has-post-thumbnail","7":"category-allemagne","8":"tag-actualites","9":"tag-airbus","10":"tag-allemagne","11":"tag-bundesrepublik-deutschland","12":"tag-de","13":"tag-deutschland","14":"tag-eu","15":"tag-eurofighter","16":"tag-europe","17":"tag-germany","18":"tag-news","19":"tag-republique-federale-dallemagne"},"share_on_mastodon":{"url":"https:\/\/pubeurope.com\/@fr\/115388708567509554","error":""},"_links":{"self":[{"href":"https:\/\/www.europesays.com\/fr\/wp-json\/wp\/v2\/posts\/469584","targetHints":{"allow":["GET"]}}],"collection":[{"href":"https:\/\/www.europesays.com\/fr\/wp-json\/wp\/v2\/posts"}],"about":[{"href":"https:\/\/www.europesays.com\/fr\/wp-json\/wp\/v2\/types\/post"}],"author":[{"embeddable":true,"href":"https:\/\/www.europesays.com\/fr\/wp-json\/wp\/v2\/users\/2"}],"replies":[{"embeddable":true,"href":"https:\/\/www.europesays.com\/fr\/wp-json\/wp\/v2\/comments?post=469584"}],"version-history":[{"count":0,"href":"https:\/\/www.europesays.com\/fr\/wp-json\/wp\/v2\/posts\/469584\/revisions"}],"wp:featuredmedia":[{"embeddable":true,"href":"https:\/\/www.europesays.com\/fr\/wp-json\/wp\/v2\/media\/469585"}],"wp:attachment":[{"href":"https:\/\/www.europesays.com\/fr\/wp-json\/wp\/v2\/media?parent=469584"}],"wp:term":[{"taxonomy":"category","embeddable":true,"href":"https:\/\/www.europesays.com\/fr\/wp-json\/wp\/v2\/categories?post=469584"},{"taxonomy":"post_tag","embeddable":true,"href":"https:\/\/www.europesays.com\/fr\/wp-json\/wp\/v2\/tags?post=469584"}],"curies":[{"name":"wp","href":"https:\/\/api.w.org\/{rel}","templated":true}]}}