{"id":469588,"date":"2025-10-17T09:06:13","date_gmt":"2025-10-17T09:06:13","guid":{"rendered":"https:\/\/www.europesays.com\/fr\/469588\/"},"modified":"2025-10-17T09:06:13","modified_gmt":"2025-10-17T09:06:13","slug":"pour-la-cour-de-justice-de-lunion-europeenne-un-chien-en-soute-est-un-bagage-comme-les-autres","status":"publish","type":"post","link":"https:\/\/www.europesays.com\/fr\/469588\/","title":{"rendered":"Pour la Cour de justice de l&rsquo;Union europ\u00e9enne, un chien en soute est un bagage comme les autres"},"content":{"rendered":"<ul class=\"jsx-862013697 ArticleChapo__List\">\n<li class=\"jsx-862013697 ArticleChapo__List_Item flex\">Un litige opposait une passag\u00e8re \u00e0 une compagnie a\u00e9rienne, cette derni\u00e8re \u00e9tait vis\u00e9e par une plainte pour la perte d&rsquo;un animal.<\/li>\n<li class=\"jsx-862013697 ArticleChapo__List_Item flex\">La justice europ\u00e9enne consid\u00e8re toujours les chiens comme des bagages enregistr\u00e9s mati\u00e8re d&rsquo;indemnisation.<\/li>\n<li class=\"jsx-862013697 ArticleChapo__List_Item flex\">Les d\u00e9fenseurs des animaux r\u00e9clament une modernisation de cette interpr\u00e9tation.<\/li>\n<\/ul>\n<p><a href=\"https:\/\/www.tf1info.fr\/actualite\/animaux-de-compagnie-13009\/\" rel=\"noopener\" class=\"jsx-484472199 Link jsx-1428418400 jsx-1797245342\" target=\"_blank\"><\/p>\n<p style=\"font-weight:400\" class=\"jsx-1837267516\">Suivez la couverture compl\u00e8te<\/p>\n<p style=\"font-weight:800\" class=\"jsx-1837267516\">Animaux de compagnie<\/p>\n<p><\/a><\/p>\n<p data-module=\"article-paragraph\" class=\"jsx-3046738180 Paragraph\">Finie la soute pour les animaux de compagnie ? Une compagnie a\u00e9rienne italienne autorise les chiens de plus de dix kilos \u00e0 passer le vol avec leur ma\u00eetre et non plus au milieu des valises. Pour le moment, il s&rsquo;agit d&rsquo;une exp\u00e9rimentation, mais elle pourrait \u00eatre g\u00e9n\u00e9ralis\u00e9e. Pourtant, pour la Cour de justice de l&rsquo;Union europ\u00e9enne, un animal de compagnie est consid\u00e9r\u00e9 comme un bagage ordinaire, notamment en termes d&rsquo;indemnisation.<\/p>\n<p data-module=\"article-paragraph\" class=\"jsx-3046738180 Paragraph Paragraph__End\">Un litige opposait une passag\u00e8re et la compagnie Iberia. Cette derni\u00e8re avait perdu son chien lors d&rsquo;un embarquement pour un vol entre Buenos Aires et Barcelone. La passag\u00e8re r\u00e9clamait alors 5.000 euros de d\u00e9dommagement pour pr\u00e9judice moral. La Cour de justice a donn\u00e9 raison \u00e0 la compagnie espagnole. Elle estime que \u00ab\u00a0le fait que la protection du bien-\u00eatre animal soit un objectif d&rsquo;int\u00e9r\u00eat g\u00e9n\u00e9ral reconnu par l&rsquo;UE n&#8217;emp\u00eache pas que les animaux soient transport\u00e9s comme des &lsquo;bagages&rsquo; et consid\u00e9r\u00e9s comme tels\u00a0\u00bb. Si la compagnie a dit reconna\u00eetre sa responsabilit\u00e9, elle est pr\u00eate \u00e0 verser une indemnisation, mais \u00e0 hauteur de ce qui est pr\u00e9vu pour la <a href=\"https:\/\/www.tf1info.fr\/voyages\/voyage-en-avion-ces-deux-erreurs-peuvent-entrainer-la-perte-de-vos-bagages-2305995.html\" target=\"_blank\" rel=\"noopener\">perte d&rsquo;un bagage enregistr\u00e9<\/a>.<\/p>\n<p><a href=\"https:\/\/www.tf1info.fr\/societe\/les-conseils-indispensables-pour-voyager-en-toute-serenite-a-l-etranger-avec-votre-chien-2306764.html\" rel=\"noopener\" class=\"jsx-3308031228 Link flex\" target=\"_blank\"><img decoding=\"async\" src=\"https:\/\/www.europesays.com\/fr\/wp-content\/uploads\/2025\/10\/je-voyage-a-l-etranger-avec-mon-chien-tout-savoir-2960c8-0@1x.jpeg\" alt=\"Getty Images\" loading=\"lazy\" importance=\"low\" fetchpriority=\"low\" class=\"\" aria-hidden=\"true\"\/><\/p>\n<p class=\"jsx-3657663356 ReadMoreArticle__Title\">Lire aussi<\/p>\n<p class=\"jsx-3657663356\">Les conseils indispensables pour voyager en toute s\u00e9r\u00e9nit\u00e9 \u00e0 l\u2019\u00e9tranger avec votre chien<\/p>\n<p><\/a>Le pr\u00e9judice morale \u00e0 reconsid\u00e9rer<\/p>\n<p data-module=\"article-paragraph\" class=\"jsx-3046738180 Paragraph Paragraph__End\">Cette interpr\u00e9tation juridique est en accord avec le droit international, indique Maud Descamps dans \u00ab\u00a0Bonjour ! La Matinale TF1\u00a0\u00bb. N\u00e9anmoins, pour certains avocats et organisations protectrices des animaux, il est temps de la moderniser. L&rsquo;avocat de la plaignante, Carlos Villacorta, interrog\u00e9 par l&rsquo;AFP, esp\u00e8re que les juges espagnols qui trancheront l&rsquo;affaire, au final, \u00ab\u00a0seront plus sensibles aux nouvelles r\u00e9alit\u00e9s de notre soci\u00e9t\u00e9\u00a0\u00bb. Pour certaines personnes, le chien peut \u00eatre le seul compagnon de vie et la disparition ou une perte peut avoir des cons\u00e9quences \u00ab\u00a0non seulement morales, mais aussi psychologiques et m\u00eame psychiatriques qui, selon cet avis, ne pourront jamais \u00eatre compens\u00e9es\u00a0\u00bb. Par ailleurs, un animal est un \u00eatre vivant, dou\u00e9 de sensibilit\u00e9. \u00catre au milieu d&rsquo;une soute pressuris\u00e9e peut g\u00e9n\u00e9rer du stress pour l&rsquo;animal et c&rsquo;est d&rsquo;ailleurs d\u00e9conseill\u00e9 par les v\u00e9t\u00e9rinaires. Pour Maud Descamps, \u00ab\u00a0ce que vient de faire la Cour de justice europ\u00e9enne, c&rsquo;est redonner son sens \u00e0 une expression, \u00eatre trait\u00e9 comme un chien\u00a0\u00bb.<\/p>\n<p>Sabine BOUCHOUL | Chronique : Maud DESCAMPS<\/p>\n","protected":false},"excerpt":{"rendered":"Un litige opposait une passag\u00e8re \u00e0 une compagnie a\u00e9rienne, cette derni\u00e8re \u00e9tait vis\u00e9e par une plainte pour la&hellip;\n","protected":false},"author":2,"featured_media":469589,"comment_status":"","ping_status":"","sticky":false,"template":"","format":"standard","meta":{"footnotes":""},"categories":[1586],"tags":[1111,11,11578,1867,11577,1921,13143,6778,4850,8763,1777,674,1779,1011,27,1922,12,25,1778,364,133,5010],"class_list":{"0":"post-469588","1":"post","2":"type-post","3":"status-publish","4":"format-standard","5":"has-post-thumbnail","7":"category-europe","8":"tag-actu","9":"tag-actualites","10":"tag-adoption-animaux","11":"tag-animaux","12":"tag-animaux-de-compagnie","13":"tag-article-video","14":"tag-avion-secteur-aerien","15":"tag-bonjour-la-matinale-tf1","16":"tag-chien","17":"tag-compagnie-aerienne","18":"tag-eu","19":"tag-europe","20":"tag-european-union","21":"tag-fr","22":"tag-france","23":"tag-info","24":"tag-news","25":"tag-republique-francaise","26":"tag-ue","27":"tag-union-europeenne","28":"tag-video","29":"tag-video-sujets-de-societe"},"share_on_mastodon":{"url":"https:\/\/pubeurope.com\/@fr\/115388716639820347","error":""},"_links":{"self":[{"href":"https:\/\/www.europesays.com\/fr\/wp-json\/wp\/v2\/posts\/469588","targetHints":{"allow":["GET"]}}],"collection":[{"href":"https:\/\/www.europesays.com\/fr\/wp-json\/wp\/v2\/posts"}],"about":[{"href":"https:\/\/www.europesays.com\/fr\/wp-json\/wp\/v2\/types\/post"}],"author":[{"embeddable":true,"href":"https:\/\/www.europesays.com\/fr\/wp-json\/wp\/v2\/users\/2"}],"replies":[{"embeddable":true,"href":"https:\/\/www.europesays.com\/fr\/wp-json\/wp\/v2\/comments?post=469588"}],"version-history":[{"count":0,"href":"https:\/\/www.europesays.com\/fr\/wp-json\/wp\/v2\/posts\/469588\/revisions"}],"wp:featuredmedia":[{"embeddable":true,"href":"https:\/\/www.europesays.com\/fr\/wp-json\/wp\/v2\/media\/469589"}],"wp:attachment":[{"href":"https:\/\/www.europesays.com\/fr\/wp-json\/wp\/v2\/media?parent=469588"}],"wp:term":[{"taxonomy":"category","embeddable":true,"href":"https:\/\/www.europesays.com\/fr\/wp-json\/wp\/v2\/categories?post=469588"},{"taxonomy":"post_tag","embeddable":true,"href":"https:\/\/www.europesays.com\/fr\/wp-json\/wp\/v2\/tags?post=469588"}],"curies":[{"name":"wp","href":"https:\/\/api.w.org\/{rel}","templated":true}]}}