{"id":469595,"date":"2025-10-17T09:11:12","date_gmt":"2025-10-17T09:11:12","guid":{"rendered":"https:\/\/www.europesays.com\/fr\/469595\/"},"modified":"2025-10-17T09:11:12","modified_gmt":"2025-10-17T09:11:12","slug":"ce-que-vient-chercher-la-federation-francaise-en-nouvelle-caledonie","status":"publish","type":"post","link":"https:\/\/www.europesays.com\/fr\/469595\/","title":{"rendered":"ce que vient chercher la f\u00e9d\u00e9ration fran\u00e7aise en Nouvelle-Cal\u00e9donie"},"content":{"rendered":"<p>Il a sillonn\u00e9 le Caillou pour rencontrer diff\u00e9rents acteurs de la discipline, former des \u00e9ducateurs et rep\u00e9rer de jeunes talents. Philippe Salvan, cadre technique de la f\u00e9d\u00e9ration fran\u00e7aise de volley-ball, cherche \u00e0 amener certains profils vers le haut-niveau. Entretien.<\/p>\n<p>Dans la salle Veyret de Rivi\u00e8re Sal\u00e9e, trois terrains de volley-ball c\u00f4te \u00e0 c\u00f4te. Sur l&rsquo;un d&rsquo;eux, un groupe de filles. Sur le suivant, celui de jeunes rep\u00e9r\u00e9s par le biais du sport scolaire. Le dernier est r\u00e9serv\u00e9 aux pensionnaires du centre territorial d&rsquo;entra\u00eenement. Ce large effectif s&rsquo;est amenuis\u00e9 tout au long de la semaine, en vue de constituer une \u00e9quipe pour affronter un club de Wallis et Futuna, l&rsquo;AS Fatima, ce mercredi midi.<\/p>\n<p>Philippe Salvan a supervis\u00e9 l&rsquo;ensemble de ces joueurs et joueuses et identifi\u00e9 des potentiels pour aller plus haut. Parmi eux, des novices ou presque, comme Kyllian, 12 ans, qui mesure d\u00e9j\u00e0 un m\u00e8tre 95. Apr\u00e8s s&rsquo;\u00eatre d\u00e9plac\u00e9 \u00e0 Ouv\u00e9a pour un \u00e9v\u00e8nement f\u00e9minin, avoir propos\u00e9 des formations aux \u00e9ducateurs de clubs et aux s\u00e9lectionneurs en vue des Jeux du Pacifique de 2027, il termine sa principale mission : la d\u00e9tection. L&rsquo;occasion d&rsquo;en savoir plus sur les ambitions de la f\u00e9d\u00e9ration fran\u00e7aise pour le volley-ball cal\u00e9donien.<\/p>\n<p><strong>NC La 1\u00e8re : C&rsquo;est votre deuxi\u00e8me visite sur le territoire cal\u00e9donien apr\u00e8s celle de 2022. Sur le volet principal de votre mission, la d\u00e9tection, que venez vous chercher ?<\/strong><\/p>\n<p><strong>Philippe Salvan : <\/strong>Nous recherchons des grands gabarits physiques ! C&rsquo;est la premi\u00e8re des choses pour nous. Il faut savoir que chez les adultes, au niveau international, la taille moyenne d&rsquo;une fille est d&rsquo;un m\u00e8tre 85, et celle d&rsquo;un homme est de deux m\u00e8tres. On essaye de d\u00e9tecter ce genre de profil l\u00e0. C&rsquo;est le cas ici pour quasiment tout le monde : il y a des qualit\u00e9s physiques. On fait passer des tests de pr\u00e9diction de taille \u00e0 l&rsquo;ensemble des joueurs d\u00e9tect\u00e9s. La marge d&rsquo;erreur \u00e0 l&rsquo;\u00e2ge adulte et de +2 ou -2 centim\u00e8tres. C&rsquo;est quelque chose de tr\u00e8s fiable. Pour nous, c&rsquo;est un bon rep\u00e8re \u00e0 condition de mener ce test r\u00e9guli\u00e8rement pour v\u00e9rifier qu&rsquo;il se r\u00e9v\u00e8le juste.<\/p>\n<p>                                    <img class=\"a-article__image lazy libre\" width=\"800\" height=\"450\" data-src=\"https:\/\/www.europesays.com\/fr\/wp-content\/uploads\/2025\/10\/volley2-1-68f0b6416d734027304742.jpg\" style=\"--img-placeholder: url('\/assets\/img\/placeholders\/article-800-450.svg');\" alt=\"\" aria-hidden=\"true\"\/><\/p>\n<p>                En plus des licenci\u00e9s provenant de sept clubs du territoire, des jeunes issus du sport scolaire participaient \u00e0 la d\u00e9tection.<br \/>\n                     \u2022<br \/>\n                            \u00a9NC La 1ere<\/p>\n<p><strong>Une joueuse comme Sabine Haewegene, d\u00e9sormais en \u00e9quipe de France, est un exemple du potentiel qui peut s&rsquo;exprimer \u00e0 tr\u00e8s haut-niveau. Il y en a d&rsquo;autres ?<\/strong><\/p>\n<p>P.S : Absolument. Sabine a connu les quarts de finale des championnats du monde. C&rsquo;est une fiert\u00e9 pour le pays. Il y a aussi deux jeunes joueuses provenant de Lifou et de l&rsquo;AS Pa\u00efta, rep\u00e9r\u00e9es lors de la d\u00e9tection de 2022. Marie Haeweng et Kelly Suv\u00e9 sont maintenant en \u00e9quipe de France des moins de 16 ans. C&rsquo;est int\u00e9ressant de voir que les d\u00e9tections permettent d&rsquo;aller chercher le haut-niveau dans l&rsquo;Hexagone, et pourquoi pas de devenir international dans la grande \u00e9quipe de France, ou professionnel. Ici, les gens ont un peu de mal \u00e0 se rendre compte que les joueurs et joueuses \u00e0 haut-niveau gagnent tr\u00e8s, tr\u00e8s bien leur vie au volley-ball. C&rsquo;est un m\u00e9tier et un ascenseur social.<\/p>\n<p><strong>Si vous recherchez avant tout de la taille, on vous a beaucoup entendu parler aux jeunes de mouvement et d&rsquo;attention. Ce sont d&rsquo;autres pr\u00e9requis pour acc\u00e9der \u00e0 un p\u00f4le France ou au centre national de volley-ball ?<\/strong><\/p>\n<p>Je vais \u00eatre un peu provocateur, mais je le dis gentiment et avec beaucoup de respect : les gens ont l&rsquo;habitude ici de jouer un volley un peu kermesse o\u00f9 l&rsquo;on est \u00e0 l&rsquo;Anse Vata, sur la plage, on joue en famille, un peu tranquille. Les joueurs reproduisent ce mod\u00e8le-l\u00e0, parce que c&rsquo;est le mod\u00e8le qui est quasiment le plus pratiqu\u00e9. Ce que je dois amener lors de mes visites, c&rsquo;est de montrer ce qu&rsquo;est l&rsquo;exigence, l&rsquo;engagement, pour faire du volley-ball de comp\u00e9tition. Il y a une vraie diff\u00e9rence. La pratique loisir est importante et fait plaisir \u00e0 tout le monde. Elle est ancr\u00e9e dans la culture oc\u00e9anienne. Mais nous, on parle de volley-ball pour tenter de devenir professionnel un jour.<\/p>\n<p>                                    <img class=\"a-article__image lazy libre\" width=\"800\" height=\"450\" data-src=\"https:\/\/www.europesays.com\/fr\/wp-content\/uploads\/2025\/10\/volley3-1-68f0b718ea020804750747.jpg\" style=\"--img-placeholder: url('\/assets\/img\/placeholders\/article-800-450.svg');\" alt=\"\" aria-hidden=\"true\"\/><\/p>\n<p>                Philippe Salvan, cadre technique de la f\u00e9d\u00e9ration fran\u00e7aise de volley-ball.<br \/>\n                     \u2022<br \/>\n                            \u00a9NC La 1ere<\/p>\n<p><strong>Dans les attitudes, qu&rsquo;est ce que cela demande ?<\/strong><\/p>\n<p>C&rsquo;est se d\u00e9placer constamment. On a expliqu\u00e9 aux jeunes que c&rsquo;est une succession de petits sprints courts et de temps d&rsquo;arr\u00eat pour observer les situations. Sur certains entra\u00eenements cette semaine, les jeunes sont plut\u00f4t sur un rythme de \u00ab\u00a0je marche tranquillement tout le temps\u00a0\u00bb. Ils \u00e9voluent bien maintenant depuis quelques jours et nous sommes sur la bonne voie.<\/p>\n","protected":false},"excerpt":{"rendered":"Il a sillonn\u00e9 le Caillou pour rencontrer diff\u00e9rents acteurs de la discipline, former des \u00e9ducateurs et rep\u00e9rer de&hellip;\n","protected":false},"author":2,"featured_media":469596,"comment_status":"","ping_status":"","sticky":false,"template":"","format":"standard","meta":{"footnotes":""},"categories":[1417],"tags":[1011,27,60,1470,1469],"class_list":{"0":"post-469595","1":"post","2":"type-post","3":"status-publish","4":"format-standard","5":"has-post-thumbnail","7":"category-volley","8":"tag-fr","9":"tag-france","10":"tag-sports","11":"tag-volley","12":"tag-volleyball"},"share_on_mastodon":{"url":"https:\/\/pubeurope.com\/@fr\/115388736060448273","error":""},"_links":{"self":[{"href":"https:\/\/www.europesays.com\/fr\/wp-json\/wp\/v2\/posts\/469595","targetHints":{"allow":["GET"]}}],"collection":[{"href":"https:\/\/www.europesays.com\/fr\/wp-json\/wp\/v2\/posts"}],"about":[{"href":"https:\/\/www.europesays.com\/fr\/wp-json\/wp\/v2\/types\/post"}],"author":[{"embeddable":true,"href":"https:\/\/www.europesays.com\/fr\/wp-json\/wp\/v2\/users\/2"}],"replies":[{"embeddable":true,"href":"https:\/\/www.europesays.com\/fr\/wp-json\/wp\/v2\/comments?post=469595"}],"version-history":[{"count":0,"href":"https:\/\/www.europesays.com\/fr\/wp-json\/wp\/v2\/posts\/469595\/revisions"}],"wp:featuredmedia":[{"embeddable":true,"href":"https:\/\/www.europesays.com\/fr\/wp-json\/wp\/v2\/media\/469596"}],"wp:attachment":[{"href":"https:\/\/www.europesays.com\/fr\/wp-json\/wp\/v2\/media?parent=469595"}],"wp:term":[{"taxonomy":"category","embeddable":true,"href":"https:\/\/www.europesays.com\/fr\/wp-json\/wp\/v2\/categories?post=469595"},{"taxonomy":"post_tag","embeddable":true,"href":"https:\/\/www.europesays.com\/fr\/wp-json\/wp\/v2\/tags?post=469595"}],"curies":[{"name":"wp","href":"https:\/\/api.w.org\/{rel}","templated":true}]}}