{"id":469597,"date":"2025-10-17T09:12:15","date_gmt":"2025-10-17T09:12:15","guid":{"rendered":"https:\/\/www.europesays.com\/fr\/469597\/"},"modified":"2025-10-17T09:12:15","modified_gmt":"2025-10-17T09:12:15","slug":"impressionne-par-gourgues-un-entraineur-du-club-lattend-dans-un-domaine-precis","status":"publish","type":"post","link":"https:\/\/www.europesays.com\/fr\/469597\/","title":{"rendered":"impressionn\u00e9 par Gourgues, un entra\u00eeneur du club l\u2019attend dans un domaine pr\u00e9cis"},"content":{"rendered":"<p>Il est la grande r\u00e9v\u00e9lation de ce d\u00e9but de saison en Top 14. Depuis la reprise, Kalvin Gourgues s\u2019est fait une place de titulaire au centre avec le <a href=\"https:\/\/www.quinzemondial.com\/top-14\/stade-toulousain-cest-particulier-darriver-dans-un-club-qui-a-gagne-autant-avoue-colombe-819650\" rel=\"nofollow noopener\" target=\"_blank\">Stade Toulousain<\/a>, laissant r\u00e9guli\u00e8rement sur le banc Pita Ahki. Annonc\u00e9 comme le plus grand talent de la formation rouge et noir, le polyvalent trois-quarts a d\u2019abord \u00e9t\u00e9 frein\u00e9 par les blessures, en vivant une saison blanche l\u2019an pass\u00e9 apr\u00e8s avoir fait ses premiers pas en 2024.<\/p>\n<p>M\u00e9l\u00e9 veut g\u00e9rer l\u2019\u00e9tat de fra\u00eecheur de Gourgues<\/p>\n<p>D\u00e9sormais d\u00e9barrass\u00e9 de ses p\u00e9pins physiques, le natif de Grenade-sur-Garonne r\u00e9alise des prestations de haute-vol\u00e9e, \u00e0 l\u2019image de sa partition contre l\u2019Union Bordeaux-B\u00e8gles. David M\u00e9l\u00e9, qui le conna\u00eet bien pour l\u2019avoir entra\u00een\u00e9 en Espoirs, l\u2019a encens\u00e9 apr\u00e8s la rencontre. N\u00e9anmoins, l\u2019entra\u00eeneur adjoint d\u2019Ugo Mola attend d\u00e9sormais de voir s\u2019il est capable d\u2019encha\u00eener les matchs quand on conna\u00eet l\u2019exigence du Top 14.<\/p>\n<blockquote>\n<p>\u00ab\u00a0Sa marge elle se situe dans sa capacit\u00e9 \u00e0 encha\u00eener, les charges, les matchs. Pour l\u2019instant on est \u00e0 la sixi\u00e8me journ\u00e9e, on essaie de le g\u00e9rer du mieux possible. Mais\u00a0\u00e7a va venir, il est jeune, on essaie de le m\u00e9nager pour avoir le meilleur de Kalvin. Parce que sur trois quatre matches d\u2019affil\u00e9s, est-ce qu\u2019il ne va pas \u00eatre plus fatigu\u00e9 et on le verra moins\u00a0? C\u2019est ce qu\u2019on essaie d\u2019\u00e9viter pour qu\u2019il soit plein gaz et qu\u2019il donne le maximum\u00a0\u00bb<\/p>\n<\/blockquote>\n<p>Partagez cette info avec vos amis et vos proches en cliquant ici<br \/>Pour r\u00e9sumer<\/p>\n<p>David M\u00e9l\u00e9 a confi\u00e9 son admiration pour l\u2019excellent d\u00e9but de saison de Kalvin Gourgues. L\u2019entra\u00eeneur adjoint du Stade Toulousain veut d\u00e9sormais voir s\u2019il est capable de progresser dans un domaine pr\u00e9cis sur les prochaines semaines.<\/p>\n<p> <img decoding=\"async\" width=\"76\" height=\"76\" loading=\"lazy\" src=\"https:\/\/www.europesays.com\/fr\/wp-content\/uploads\/2025\/04\/avatar-quinze.png\" alt=\"Arnaud D\u00e9chelotte\"\/><\/p>\n","protected":false},"excerpt":{"rendered":"Il est la grande r\u00e9v\u00e9lation de ce d\u00e9but de saison en Top 14. Depuis la reprise, Kalvin Gourgues&hellip;\n","protected":false},"author":2,"featured_media":469598,"comment_status":"","ping_status":"","sticky":false,"template":"","format":"standard","meta":{"footnotes":""},"categories":[1416],"tags":[1011,27,479,1468,60],"class_list":{"0":"post-469597","1":"post","2":"type-post","3":"status-publish","4":"format-standard","5":"has-post-thumbnail","7":"category-rugby","8":"tag-fr","9":"tag-france","10":"tag-rugby","11":"tag-rugby-football","12":"tag-sports"},"share_on_mastodon":{"url":"https:\/\/pubeurope.com\/@fr\/115388740614109610","error":""},"_links":{"self":[{"href":"https:\/\/www.europesays.com\/fr\/wp-json\/wp\/v2\/posts\/469597","targetHints":{"allow":["GET"]}}],"collection":[{"href":"https:\/\/www.europesays.com\/fr\/wp-json\/wp\/v2\/posts"}],"about":[{"href":"https:\/\/www.europesays.com\/fr\/wp-json\/wp\/v2\/types\/post"}],"author":[{"embeddable":true,"href":"https:\/\/www.europesays.com\/fr\/wp-json\/wp\/v2\/users\/2"}],"replies":[{"embeddable":true,"href":"https:\/\/www.europesays.com\/fr\/wp-json\/wp\/v2\/comments?post=469597"}],"version-history":[{"count":0,"href":"https:\/\/www.europesays.com\/fr\/wp-json\/wp\/v2\/posts\/469597\/revisions"}],"wp:featuredmedia":[{"embeddable":true,"href":"https:\/\/www.europesays.com\/fr\/wp-json\/wp\/v2\/media\/469598"}],"wp:attachment":[{"href":"https:\/\/www.europesays.com\/fr\/wp-json\/wp\/v2\/media?parent=469597"}],"wp:term":[{"taxonomy":"category","embeddable":true,"href":"https:\/\/www.europesays.com\/fr\/wp-json\/wp\/v2\/categories?post=469597"},{"taxonomy":"post_tag","embeddable":true,"href":"https:\/\/www.europesays.com\/fr\/wp-json\/wp\/v2\/tags?post=469597"}],"curies":[{"name":"wp","href":"https:\/\/api.w.org\/{rel}","templated":true}]}}