{"id":469600,"date":"2025-10-17T09:15:18","date_gmt":"2025-10-17T09:15:18","guid":{"rendered":"https:\/\/www.europesays.com\/fr\/469600\/"},"modified":"2025-10-17T09:15:18","modified_gmt":"2025-10-17T09:15:18","slug":"objectif-top-5-en-qualif-et-en-sprint","status":"publish","type":"post","link":"https:\/\/www.europesays.com\/fr\/469600\/","title":{"rendered":"\u00ab Objectif Top 5 en qualif&rsquo; et en Sprint \u00bb"},"content":{"rendered":"<p>&#13;<\/p>\n<p><strong>Quatri\u00e8me temps du vendredi en Australie \u00e0 un peu plus de quatre dixi\u00e8mes, le Ni\u00e7ois a un peu retrouv\u00e9 le sourire sur un circuit qu\u2019il appr\u00e9cie.\u00a0<\/strong><\/p>\n<p>M\u00eame s\u2019il reconna\u00eet n\u2019y avoir jamais vraiment brill\u00e9 par le pass\u00e9, Fabio Quartararo dit avoir \u00ab\u2009trouv\u00e9 un peu [son] chemin.\u2009\u00bb<\/p>\n<p>Quartararo estime que Phillip Island pourrait lui offrir une opportunit\u00e9\u00a0: \u00ab\u2009Ce n\u2019est pas vraiment un circuit pour la Yamaha, pr\u00e9cise-t-il toutefois. Dans les virages rapides, on est bien, mais les autres aussi. Ce n\u2019est pas un point positif qu\u2019on a sur les autres, c\u2019est juste qu\u2019on a moins de points n\u00e9gatifs. Et c\u2019est l\u00e0 o\u00f9 on doit prendre nos chances pour essayer de faire un bon r\u00e9sultat.\u2009\u00bb<\/p>\n<p>En Q2 direct, le pilote Yamaha vise une place parmi les cinq premiers. \u00ab\u2009On va essayer de faire un Top\u00a05 en qualif&rsquo; et un Top\u00a05 en sprint, analyse-t-il. Je pense que \u00e7a pourrait \u00eatre le bon r\u00e9sultat.\u2009\u00bb<\/p>\n<p>&#13;<br \/>\n           &#13;<br \/>\n&#13;<br \/>\n    &#13;<br \/>\n    &#13;<\/p>\n","protected":false},"excerpt":{"rendered":"&#13; Quatri\u00e8me temps du vendredi en Australie \u00e0 un peu plus de quatre dixi\u00e8mes, le Ni\u00e7ois a un&hellip;\n","protected":false},"author":2,"featured_media":469601,"comment_status":"","ping_status":"","sticky":false,"template":"","format":"standard","meta":{"footnotes":""},"categories":[1413],"tags":[1011,27,1457,1456,60],"class_list":{"0":"post-469600","1":"post","2":"type-post","3":"status-publish","4":"format-standard","5":"has-post-thumbnail","7":"category-moto","8":"tag-fr","9":"tag-france","10":"tag-moto","11":"tag-motocycle","12":"tag-sports"},"share_on_mastodon":{"url":"https:\/\/pubeurope.com\/@fr\/115388751904844685","error":""},"_links":{"self":[{"href":"https:\/\/www.europesays.com\/fr\/wp-json\/wp\/v2\/posts\/469600","targetHints":{"allow":["GET"]}}],"collection":[{"href":"https:\/\/www.europesays.com\/fr\/wp-json\/wp\/v2\/posts"}],"about":[{"href":"https:\/\/www.europesays.com\/fr\/wp-json\/wp\/v2\/types\/post"}],"author":[{"embeddable":true,"href":"https:\/\/www.europesays.com\/fr\/wp-json\/wp\/v2\/users\/2"}],"replies":[{"embeddable":true,"href":"https:\/\/www.europesays.com\/fr\/wp-json\/wp\/v2\/comments?post=469600"}],"version-history":[{"count":0,"href":"https:\/\/www.europesays.com\/fr\/wp-json\/wp\/v2\/posts\/469600\/revisions"}],"wp:featuredmedia":[{"embeddable":true,"href":"https:\/\/www.europesays.com\/fr\/wp-json\/wp\/v2\/media\/469601"}],"wp:attachment":[{"href":"https:\/\/www.europesays.com\/fr\/wp-json\/wp\/v2\/media?parent=469600"}],"wp:term":[{"taxonomy":"category","embeddable":true,"href":"https:\/\/www.europesays.com\/fr\/wp-json\/wp\/v2\/categories?post=469600"},{"taxonomy":"post_tag","embeddable":true,"href":"https:\/\/www.europesays.com\/fr\/wp-json\/wp\/v2\/tags?post=469600"}],"curies":[{"name":"wp","href":"https:\/\/api.w.org\/{rel}","templated":true}]}}