{"id":469606,"date":"2025-10-17T09:18:15","date_gmt":"2025-10-17T09:18:15","guid":{"rendered":"https:\/\/www.europesays.com\/fr\/469606\/"},"modified":"2025-10-17T09:18:15","modified_gmt":"2025-10-17T09:18:15","slug":"paulo-fonseca-explique-son-coaching-face-a-toulouse","status":"publish","type":"post","link":"https:\/\/www.europesays.com\/fr\/469606\/","title":{"rendered":"Paulo Fonseca explique son coaching face \u00e0 Toulouse"},"content":{"rendered":"<p>                            <img width=\"770\" height=\"433\" src=\"https:\/\/www.europesays.com\/fr\/wp-content\/uploads\/2025\/09\/Capture-decran-2025-04-11-062520-e1744345558545-770x433.jpg\" class=\"attachment-article size-article wp-post-image\" alt=\"Paulo Fonseca, entra\u00eeneur de l'OL contre Manchester United\" decoding=\"async\" fetchpriority=\"high\"  \/><\/p>\n<p>Paulo Fonseca, entra\u00eeneur de l\u2019OL contre Manchester United (@UEFA)<\/p>\n<p>Lors de son dernier match, l&rsquo;OL a perdu le fil contre Toulouse \u00e0 la maison (1-2). Paulo Fonseca est revenu sur son coaching lors de cette rencontre.<\/p>\n<p>Avant de croiser la route de Toulouse le 5 octobre, l&rsquo;OL n&rsquo;avait encaiss\u00e9 aucun but \u00e0 11 contre 11 en 2025-2026. Et il semblait d&rsquo;ailleurs en mesure de reproduire cette performance, n&rsquo;\u00e9tant pas franchement bouscul\u00e9 par le T\u00e9f\u00e9c\u00e9. Mais tout s&rsquo;est \u00e9croul\u00e9 \u00e0 partir de la 87e, sur une perte de balle d&rsquo;Ainsley <strong>Maitland-Niles<\/strong>. Puis un corner \u00e0 la derni\u00e8re seconde du temps additionnel pour les Toulousains.<\/p>\n<p>Un revers 2 \u00e0 1 qui, sans tout remettre en question, fragilise la dynamique qui \u00e9tait celle des Lyonnais depuis le d\u00e9but de la saison. Sur cette rencontre, <a href=\"https:\/\/www.olympique-et-lyonnais.com\/sous-fonseca-cest-tout-ou-rien-pour-lol,382625.html\" target=\"_blank\" rel=\"noopener\">Paulo <strong>Fonseca<\/strong><\/a>, en tribune, et son staff, n&rsquo;ont jug\u00e9 utile que de faire deux changements. Pourtant, ses joueurs commen\u00e7aient d\u00e9j\u00e0 \u00e0 montrer quelques signes de rel\u00e2chement ou de fatigue. <\/p>\n<p>\u00ab\u00a0Nous n&rsquo;\u00e9tions pas en danger\u00a0\u00bb<\/p>\n<p>\u00c0 froid, l&rsquo;entra\u00eeneur rhodanien a expliqu\u00e9 sa d\u00e9marche et sa <a href=\"https:\/\/www.olympique-et-lyonnais.com\/ol-paulo-fonseca-au-defi-de-la-lecture-des-matchs,382359.html\" target=\"_blank\" rel=\"noopener\">lecture des \u00e9v\u00e9nements<\/a>. \u00ab\u00a0Je dois prendre des d\u00e9cisions qui sont les meilleures pour l&rsquo;\u00e9quipe. Je sentais que le match devenait plus difficile. Toulouse est en plus tr\u00e8s bon sur les coups de pied, arr\u00eat\u00e9s, donc il \u00e9tait important de maintenir des joueurs forts, a-t-il insist\u00e9 jeudi face \u00e0 la presse. Nous avons contr\u00f4l\u00e9 la partie. M\u00eame si la mani\u00e8re n&rsquo;y \u00e9tait pas, nous n&rsquo;\u00e9tions pas en danger.\u00a0\u00bb<\/p>\n<p>Comme nous l&rsquo;expliquions, le Portugais n&rsquo;est pas vraiment un adepte du coaching  pr\u00e9coce en cette entame d&rsquo;exercice. En moyenne, si on excepte la sortie sur blessure de Malick <strong>Fofana <\/strong>contre Marseille (53e), son premier changement intervient \u00e0 la 71e minute. Il pratique principalement son turn-over \u00e0 partir de la 80e minute. Est-ce une question de <a href=\"https:\/\/www.olympique-et-lyonnais.com\/ligue-1-sans-surprise-lol-joue-en-effectif-reduit,382253.html\" target=\"_blank\" rel=\"noopener\">profondeur de banc<\/a> ou juste un \u00e9piph\u00e9nom\u00e8ne ? R\u00e9ponse dans les prochaines semaines.<\/p>\n","protected":false},"excerpt":{"rendered":"Paulo Fonseca, entra\u00eeneur de l\u2019OL contre Manchester United (@UEFA) Lors de son dernier match, l&rsquo;OL a perdu le&hellip;\n","protected":false},"author":2,"featured_media":419078,"comment_status":"","ping_status":"","sticky":false,"template":"","format":"standard","meta":{"footnotes":""},"categories":[1410],"tags":[43314,63,1011,27,241,60],"class_list":{"0":"post-469606","1":"post","2":"type-post","3":"status-publish","4":"format-standard","5":"has-post-thumbnail","7":"category-football","8":"tag-fonseca","9":"tag-football","10":"tag-fr","11":"tag-france","12":"tag-ol","13":"tag-sports"},"share_on_mastodon":{"url":"https:\/\/pubeurope.com\/@fr\/115388763909915623","error":""},"_links":{"self":[{"href":"https:\/\/www.europesays.com\/fr\/wp-json\/wp\/v2\/posts\/469606","targetHints":{"allow":["GET"]}}],"collection":[{"href":"https:\/\/www.europesays.com\/fr\/wp-json\/wp\/v2\/posts"}],"about":[{"href":"https:\/\/www.europesays.com\/fr\/wp-json\/wp\/v2\/types\/post"}],"author":[{"embeddable":true,"href":"https:\/\/www.europesays.com\/fr\/wp-json\/wp\/v2\/users\/2"}],"replies":[{"embeddable":true,"href":"https:\/\/www.europesays.com\/fr\/wp-json\/wp\/v2\/comments?post=469606"}],"version-history":[{"count":0,"href":"https:\/\/www.europesays.com\/fr\/wp-json\/wp\/v2\/posts\/469606\/revisions"}],"wp:featuredmedia":[{"embeddable":true,"href":"https:\/\/www.europesays.com\/fr\/wp-json\/wp\/v2\/media\/419078"}],"wp:attachment":[{"href":"https:\/\/www.europesays.com\/fr\/wp-json\/wp\/v2\/media?parent=469606"}],"wp:term":[{"taxonomy":"category","embeddable":true,"href":"https:\/\/www.europesays.com\/fr\/wp-json\/wp\/v2\/categories?post=469606"},{"taxonomy":"post_tag","embeddable":true,"href":"https:\/\/www.europesays.com\/fr\/wp-json\/wp\/v2\/tags?post=469606"}],"curies":[{"name":"wp","href":"https:\/\/api.w.org\/{rel}","templated":true}]}}