{"id":469609,"date":"2025-10-17T09:21:14","date_gmt":"2025-10-17T09:21:14","guid":{"rendered":"https:\/\/www.europesays.com\/fr\/469609\/"},"modified":"2025-10-17T09:21:14","modified_gmt":"2025-10-17T09:21:14","slug":"deux-ames-dans-un-monde-en-ruine","status":"publish","type":"post","link":"https:\/\/www.europesays.com\/fr\/469609\/","title":{"rendered":"Deux \u00e2mes dans un monde en ruine"},"content":{"rendered":"<p><strong>Le Book club de We Culte<\/strong>. En janvier 1917, faisant fi du refus de sa m\u00e8re, une jeune fille d\u00e9cide de cacher un d\u00e9serteur dans le grenier de leur domaine. Avec <strong>\u00ab L\u2019homme sous l\u2019orage \u00bb<\/strong>,<strong> Ga\u00eblle Nohant <\/strong>m\u00eale avec son habituel souffle romanesque le roman d\u2019apprentissage et la r\u00e9flexion sur la guerre et sur l\u2019art. Brillant !<\/p>\n<p><strong>\u00ab\u00a0L\u2019Homme sous l\u2019orage\u00a0\u00bb<\/strong> : Avec ce nouveau roman,<a href=\"https:\/\/www.babelio.com\/auteur\/Galle-Nohant\/26189\" target=\"_blank\" rel=\"noopener\"><strong> Ga\u00eblle Nohant<\/strong> <\/a>poursuit un travail de m\u00e9moire et de r\u00e9invention intime qui traverse l\u2019ensemble de son \u0153uvre.<\/p>\n<p><img fetchpriority=\"high\" decoding=\"async\" width=\"340\" height=\"340\" src=\"data:image\/svg+xml,%3Csvg%20xmlns=\" http:=\"\" alt=\"\" class=\"wp-image-48913\" style=\"width:436px;height:auto\" data-lazy- data-lazy- data-lazy-src=\"https:\/\/www.europesays.com\/fr\/wp-content\/uploads\/2025\/10\/L-homme-sous-l-orage.jpg\"\/>\u00ab\u00a0L\u2019homme sous l\u2019orage\u00a0\u00bb de <strong>Ga\u00eblle Nohant <\/strong><\/p>\n<p>L\u2019arriv\u00e9e inopin\u00e9e d\u2019un \u00e9tranger un soir d\u2019orage est une belle occasion pour Rosalie de tromper son ennui. En ce d\u00e9but d\u2019ann\u00e9e 1917, elle se languit dans la vaste demeure du domaine viticole que sa m\u00e8re doit d\u00e9sormais diriger. \u00ab La peste soit de cet hiver humide, du conflit qui s\u2019\u00e9ternise et la prive de son p\u00e8re et de son fr\u00e8re \u00bb, pense-t-elle, lasse de devoir tricoter des chaussettes pour l\u2019effort de guerre alors qu\u2019elle r\u00eave de se rendre utile \u00e0 l\u2019h\u00f4pital, de sortir enfin de l\u2019enfance. <\/p>\n<p>C\u2019est alors que le tonnerre \u00e9clate, la porte retentit, et que l\u2019inconnu surgit. Et si Isaure, sa m\u00e8re, cong\u00e9die le visiteur sans autre forme de proc\u00e8s, elle le retrouve transi de froid et lui propose de se r\u00e9fugier au grenier.<br \/>Il s\u2019appelle Th\u00e9odore. Un nom chuchot\u00e9 par sa m\u00e8re qui devait le conna\u00eetre. Au fil des jours, elle va le nourrir, lui apporter du vin et du tabac ainsi que quelques livres.<\/p>\n<p>Malgr\u00e9 son mutisme, elle finit par d\u00e9couvrir qu\u2019il est artiste-peintre, qu\u2019il passait ses \u00e9t\u00e9s \u00e0 Collioure et qu\u2019il a r\u00e9alis\u00e9 le portrait de sa m\u00e8re qui tr\u00f4ne en majest\u00e9 dans la maison.<\/p>\n<p>Et, du haut de ses 19 ans, va finir par se prendre d\u2019affection pour ce d\u00e9serteur qui, apr\u00e8s plus de deux ann\u00e9es sur le front, n\u2019a pas voulu continuer \u00e0 combattre, lui qui avait des amis allemands, les peintres\u00a0<a href=\"https:\/\/fr.m.wikipedia.org\/wiki\/Franz_Marc\" target=\"_blank\" rel=\"noopener\">Franz Marc<\/a>\u00a0et\u00a0<a href=\"https:\/\/fr.m.wikipedia.org\/wiki\/August_Macke\" target=\"_blank\" rel=\"noopener\">August Macke<\/a>\u00a0qui l\u2019ont accueilli tr\u00e8s g\u00e9n\u00e9reusement chez eux avant que n\u2019\u00e9clate la guerre.<\/p>\n<p>Malgr\u00e9 les pr\u00e9cautions prises par Rosalie, une bonne finit par d\u00e9couvrir le refuge de Th\u00e9odore, mais plut\u00f4t que de d\u00e9noncer la fille de la patronne, elle se dit qu\u2019elle pourrait profiter de la situation et arrondir ses fins de mois. D\u2019abord an\u00e9antie, Rosalie accepte le march\u00e9 et finira par trouver, moyennant finances, une aide pr\u00e9cieuse, notamment lorsqu\u2019elle doit s\u2019absenter.<\/p>\n<p>Et quand Th\u00e9odore, qui a retrouv\u00e9 go\u00fbt \u00e0 la peinture, propose \u00e0 la bonne de la r\u00e9tribuer avec un tableau, cette derni\u00e8re accepte de poser pour lui, provoquant par la m\u00eame occasion la jalousie de Rosalie.<\/p>\n<p>Les jours passent sans que les nouvelles du front ne s\u2019am\u00e9liorent. Les convois de bless\u00e9s en provenance du front qui garnissent les h\u00f4pitaux en t\u00e9moignent. Et Rosalie, qui aide le personnel m\u00e9dical, se rend bien compte des terribles conditions qu\u2019affrontent ceux dont les corps sont lac\u00e9r\u00e9s, dont les visages sont en lambeaux, ceux qui doivent \u00eatre amputations, ceux qui n\u2019ont plus que le silence pour dire leur souffrance. <\/p>\n<p>Ce qu\u2019elle aper\u00e7oit l\u00e0-bas n\u2019est pas seulement le d\u00e9sastre du monde : c\u2019est le reflet int\u00e9rieur de Th\u00e9odore, de ce qu\u2019il a fui, et peut-\u00eatre, de ce qu\u2019il a perdu. D\u00e8s lors, son geste n\u2019appara\u00eet plus comme une transgression mais comme une tentative de r\u00e9paration \u2014 pour elle-m\u00eame, pour lui, pour un p\u00e8re et un fr\u00e8re qui, eux, sont toujours en guerre.<\/p>\n<p>Soumise aux remords, aux craintes, au regard de la soci\u00e9t\u00e9, Rosalie, comme dans un roman d\u2019apprentissage, cherche une figure masculine \u00e0 laquelle s\u2019arrimer \u2014 non pour s\u2019y soumettre, mais pour grandir, se conna\u00eetre, d\u00e9cider. Th\u00e9odore, dans son mutisme d\u2019homme ab\u00eem\u00e9, devient le miroir invers\u00e9 du h\u00e9ros : il ne brandit pas son courage, il vit avec sa honte, ses doutes, ses souvenirs fragment\u00e9s. Il est cet homme qui n\u2019a pas su \u2014 ou pas pu \u2014 se conformer. Et pourtant, c\u2019est peut-\u00eatre lui qui, paradoxalement, la r\u00e9conciliera avec le r\u00e9el.<\/p>\n<p>Car <strong>L\u2019homme sous l\u2019orage<\/strong> est aussi un roman sur le regard. Celui d\u2019une soci\u00e9t\u00e9 qui juge, mais aussi celui de l\u2019artiste, du peintre, qui sauve ce qu\u2019il voit en le posant sur la toile. La langue de la romanci\u00e8re est elle-m\u00eame picturale, sensorielle, d\u2019une finesse d\u2019observation remarquable. <\/p>\n<p>On y sent la pluie sur les vitres, le craquement du parquet sous les pas nus de Rosalie, la br\u00fblure de la cire sur ses doigts, la moiteur d\u2019un grenier mal a\u00e9r\u00e9. Tout cela dessine un monde clos, presque cin\u00e9matographique \u2014 un d\u00e9cor de film en noir et blanc, o\u00f9 le grain de l\u2019image r\u00e9v\u00e8le ce que les mots taisent.<\/p>\n<p>Avec ce nouveau roman,<strong> <a href=\"https:\/\/www.babelio.com\/auteur\/Galle-Nohant\/26189\" target=\"_blank\" rel=\"noopener\">Ga\u00eblle Nohant<\/a><\/strong> poursuit un travail de m\u00e9moire et de r\u00e9invention intime qui traverse l\u2019ensemble de son \u0153uvre. D\u00e9j\u00e0 dans\u00a0<a href=\"https:\/\/collectiondelivres.wordpress.com\/2023\/01\/20\/le-bureau-declaircissement-des-destins\/\" target=\"_blank\" rel=\"noopener\">Le bureau d\u2019\u00e9claircissement des destins<\/a>, elle s\u2019attachait \u00e0 rendre justice aux disparus de la Seconde Guerre mondiale, \u00e0 ceux dont il fallait retracer la trace, la v\u00e9rit\u00e9, les restes. <\/p>\n<p>\u00c0 travers le personnage d\u2019H\u00e9l\u00e8ne, elle racontait l\u00e0 aussi une qu\u00eate \u2014 celle d\u2019une filiation emp\u00each\u00e9e, d\u2019un p\u00e8re inconnu, et la n\u00e9cessit\u00e9 d\u2019un geste de r\u00e9paration. L\u2019Histoire chez Nohant est toujours affaire de transmission et de reconnaissance. Elle n\u2019y cherche pas la fresque, mais le c\u0153ur battant des individus.<\/p>\n<p>On retrouve \u00e9galement dans<strong>\u00a0L\u2019homme sous l\u2019orage<\/strong>\u00a0cette tension entre la morale collective et la v\u00e9rit\u00e9 int\u00e9rieure, d\u00e9j\u00e0 \u00e0 l\u2019\u0153uvre dans\u00a0<a href=\"https:\/\/collectiondelivres.wordpress.com\/2015\/10\/16\/la-part-des-flammes\/\" target=\"_blank\" rel=\"noopener\">La part des flammes<\/a>, o\u00f9 les h\u00e9ro\u00efnes d\u00e9fiaient les conventions sociales au p\u00e9ril de leur honneur, ou dans\u00a0<a href=\"https:\/\/collectiondelivres.wordpress.com\/2020\/02\/03\/la-femme-revelee\/\" target=\"_blank\" rel=\"noopener\">La femme r\u00e9v\u00e9l\u00e9e<\/a>, o\u00f9 le secret et l\u2019exil forgeaient peu \u00e0 peu une identit\u00e9 nouvelle. <\/p>\n<p>Plus encore que dans ses pr\u00e9c\u00e9dents romans, Nohant signe ici un livre contenu, dense, o\u00f9 le non-dit, les silences, la suggestion remplacent les grandes envol\u00e9es. Une \u00e9criture plus int\u00e9rieure, peut-\u00eatre plus nue, mais toujours habit\u00e9e par une m\u00eame empathie : celle qui embrasse les \u00eatres \u00e0 la marge, les \u00e9gar\u00e9s, les oubli\u00e9s du devoir.<\/p>\n<p>Et c\u2019est peut-\u00eatre l\u00e0 que r\u00e9side la force de ce roman : dans sa mani\u00e8re de faire \u00e9merger, au c\u0153ur du vacarme historique, une voix t\u00e9nue, celle d\u2019une jeune fille en \u00e9veil et d\u2019un homme en fuite. Deux figures que l\u2019orage a r\u00e9unies, deux \u00e2mes qui se cherchent dans un monde en ruine. Et ce lien qui na\u00eet, fragile et clandestin, devient alors plus fort que toutes les assignations, plus vrai que tous les discours.<\/p>\n<p><strong>Henri-Charles Dahlem<\/strong><\/p>\n<p><img loading=\"lazy\" decoding=\"async\" width=\"872\" height=\"1024\" src=\"data:image\/svg+xml,%3Csvg%20xmlns=\" http:=\"\" alt=\"\" class=\"wp-image-46955\" style=\"width:76px;height:auto\" data-lazy-src=\"https:\/\/www.europesays.com\/fr\/wp-content\/uploads\/2025\/10\/Henri-Charles-Dahlem-872x1024.jpg\"\/><\/p>\n<ul class=\"wp-block-list\">\n<li><strong>Retrouvez cet article ainsi que l\u2019ensemble des chroniques litt\u00e9raires de Henri-Charles Dahlem sur le site<\/strong>\u00a0<strong><a href=\"https:\/\/collectiondelivres.wordpress.com\/\" target=\"_blank\" rel=\"noopener\">Collection de livres<\/a><\/strong><\/li>\n<\/ul>\n<p><strong>A propos de l\u2019autrice<\/strong><\/p>\n<p><img loading=\"lazy\" decoding=\"async\" width=\"664\" height=\"772\" src=\"data:image\/svg+xml,%3Csvg%20xmlns=\" http:=\"\" alt=\"l'homme sous l'orage de gaelle Nohant\" class=\"wp-image-48912\" style=\"width:315px;height:auto\" data-lazy- data-lazy- data-lazy-src=\"https:\/\/www.europesays.com\/fr\/wp-content\/uploads\/2025\/10\/nohant_gaelle_dm.jpg\"\/>Ga\u00eblle Nohant \u00a9 Photo DM<\/p>\n<p><strong><a href=\"https:\/\/www.babelio.com\/auteur\/Galle-Nohant\/26189\" target=\"_blank\" rel=\"noopener\">Ga\u00eblle Nohant <\/a><\/strong>manie les mots comme d\u2019autres sculptent le marbre : avec pr\u00e9cision, ferveur et une infinie d\u00e9licatesse. N\u00e9e en 1973, elle explore, roman apr\u00e8s roman, les m\u00e9andres du pass\u00e9 pour en raviver la flamme, offrant aux lecteurs des r\u00e9cits o\u00f9 l\u2019histoire devient chair et souffle. <\/p>\n<p>R\u00e9v\u00e9l\u00e9e par\u00a0L\u2019Ancre des r\u00eaves, elle s\u2019impose avec\u00a0<a href=\"https:\/\/collectiondelivres.wordpress.com\/2015\/10\/16\/la-part-des-flammes\/\" target=\"_blank\" rel=\"noopener\">La Part des flammes<\/a>, fascinante immersion dans l\u2019incendie du\u00a0Bazar de la Charit\u00e9, avant de frapper les esprits avec\u00a0<a href=\"https:\/\/collectiondelivres.wordpress.com\/2017\/08\/19\/legende-dun-dormeur-eveille\/\" target=\"_blank\" rel=\"noopener\">L\u00e9gende d\u2019un dormeur \u00e9veill\u00e9<\/a>, hommage au po\u00e8te Robert Desnos. Chaque livre est une invitation \u00e0 \u00e9couter les voix enfouies, \u00e0 sonder l\u2019\u00e2me humaine avec une \u00e9l\u00e9gance aussi \u00e9rudite qu\u2019\u00e9motive. (Source : Interforum)<\/p>\n","protected":false},"excerpt":{"rendered":"Le Book club de We Culte. En janvier 1917, faisant fi du refus de sa m\u00e8re, une jeune&hellip;\n","protected":false},"author":2,"featured_media":469610,"comment_status":"","ping_status":"","sticky":false,"template":"","format":"standard","meta":{"footnotes":""},"categories":[1357],"tags":[1379,58,59,1011,27,59321,46386,59320,1351,1380,1479,46389,46390,46391],"class_list":{"0":"post-469609","1":"post","2":"type-post","3":"status-publish","4":"format-standard","5":"has-post-thumbnail","7":"category-livres","8":"tag-books","9":"tag-divertissement","10":"tag-entertainment","11":"tag-fr","12":"tag-france","13":"tag-gaelle-nohant","14":"tag-henri-charles-dahlem","15":"tag-lhomme-sous-lorage","16":"tag-litterature","17":"tag-livres","18":"tag-romans","19":"tag-victor-hache","20":"tag-we-culte","21":"tag-we-culte-le-mag-culture"},"share_on_mastodon":{"url":"https:\/\/pubeurope.com\/@fr\/115388775468501676","error":""},"_links":{"self":[{"href":"https:\/\/www.europesays.com\/fr\/wp-json\/wp\/v2\/posts\/469609","targetHints":{"allow":["GET"]}}],"collection":[{"href":"https:\/\/www.europesays.com\/fr\/wp-json\/wp\/v2\/posts"}],"about":[{"href":"https:\/\/www.europesays.com\/fr\/wp-json\/wp\/v2\/types\/post"}],"author":[{"embeddable":true,"href":"https:\/\/www.europesays.com\/fr\/wp-json\/wp\/v2\/users\/2"}],"replies":[{"embeddable":true,"href":"https:\/\/www.europesays.com\/fr\/wp-json\/wp\/v2\/comments?post=469609"}],"version-history":[{"count":0,"href":"https:\/\/www.europesays.com\/fr\/wp-json\/wp\/v2\/posts\/469609\/revisions"}],"wp:featuredmedia":[{"embeddable":true,"href":"https:\/\/www.europesays.com\/fr\/wp-json\/wp\/v2\/media\/469610"}],"wp:attachment":[{"href":"https:\/\/www.europesays.com\/fr\/wp-json\/wp\/v2\/media?parent=469609"}],"wp:term":[{"taxonomy":"category","embeddable":true,"href":"https:\/\/www.europesays.com\/fr\/wp-json\/wp\/v2\/categories?post=469609"},{"taxonomy":"post_tag","embeddable":true,"href":"https:\/\/www.europesays.com\/fr\/wp-json\/wp\/v2\/tags?post=469609"}],"curies":[{"name":"wp","href":"https:\/\/api.w.org\/{rel}","templated":true}]}}