{"id":469611,"date":"2025-10-17T09:22:11","date_gmt":"2025-10-17T09:22:11","guid":{"rendered":"https:\/\/www.europesays.com\/fr\/469611\/"},"modified":"2025-10-17T09:22:11","modified_gmt":"2025-10-17T09:22:11","slug":"une-moue-impossible-a-decrire-linvite-dapolline-de-malherbe-sidere","status":"publish","type":"post","link":"https:\/\/www.europesays.com\/fr\/469611\/","title":{"rendered":"\u00ab\u00a0Une moue impossible \u00e0 d\u00e9crire\u00a0\u00bb : l&rsquo;invit\u00e9 d&rsquo;Apolline de Malherbe sid\u00e9r\u00e9"},"content":{"rendered":"<p data-start=\"101\" data-end=\"593\">Ce vendredi 17 octobre, dans le<br \/>\n<strong>Face \u00e0 Face<\/strong> d\u00a0\u00bbApolline de Malherbe diffus\u00e9 sur<br \/>\n<a href=\"https:\/\/www.closermag.fr\/people\/epilation-integrale-lavocat-danne-hidalgo-perd-son-sang-froid-sur-bfmtv-et-cest-legerement-barbant-3581200\" target=\"_blank\" rel=\"noopener\"><br \/>\nBFMTV<\/a>, Nicolas Dufourcq a \u00e9t\u00e9 interrog\u00e9 sur la fameuse<br \/>\n\u00ab\u00a0taxe Zucman\u00a0\u00bb. La journaliste a d\u2019abord rappel\u00e9 \u00e0 son<br \/>\ninvit\u00e9 ses propos tenus un mois plus t\u00f4t sur RMC : \u00ab\u00a0Vous aviez<br \/>\ndit que c\u2019est totalement absurde, que c\u2019est communiste ce<br \/>\ntruc\u00a0\u00bb, lui a-t-elle lanc\u00e9, avant de pr\u00e9ciser qu\u2019<a href=\"https:\/\/www.closermag.fr\/people\/olivier-faure-est-il-en-couple-3585508\" target=\"_blank\" rel=\"noopener\">Olivier<br \/>\nFaure<\/a>, le patron du Parti socialiste, a r\u00e9cemment affirm\u00e9<br \/>\nvouloir r\u00e9introduire la taxe par amendement.<\/p>\n<p>Nicolas Dufourcq \u00ab\u00a0sid\u00e9r\u00e9\u00a0\u00bb face<br \/>\n\u00e0 Apolline de Malherbe<\/p>\n<p data-start=\"101\" data-end=\"593\">\u00ab\u00a0Elle a des chances de<br \/>\npasser, puisque d\u00e9j\u00e0 elle avait \u00e9t\u00e9 vot\u00e9e par le Parlement\u00a0\u00bb,<br \/>\na-t-elle pr\u00e9cis\u00e9. Une nouvelle qui ne semble pas plaire au<br \/>\nDirecteur g\u00e9n\u00e9ral de Bpifrance. \u00ab\u00a0Je vois que vous faites une<br \/>\nmoue, mais impossible \u00e0 d\u00e9crire pour ceux qui nous \u00e9coutent \u00e0 la<br \/>\nradio. Nicolas Dufour, \u00e7a a l&rsquo;air de vous sid\u00e9rer\u00a0\u00bb, a remarqu\u00e9<br \/>\n<a href=\"https:\/\/www.closermag.fr\/politique\/le-traitre-en-chef-apolline-de-malherbe-perd-son-flegme-face-a-son-invite-pour-elle-cest-lhopital-qui-se-fout-de-la-charite-3586955\" target=\"_blank\" rel=\"noopener\"><br \/>\nApolline de Malherbe<\/a>.<\/p>\n<p data-start=\"101\" data-end=\"593\">Face \u00e0 cette annonce, Nicolas<br \/>\nDufourcq n\u2019a pu dissimuler son exasp\u00e9ration : <strong>\u00ab\u00a0J\u2019ai des<br \/>\nid\u00e9es noires\u00a0\u00bb<\/strong>, a-t-il l\u00e2ch\u00e9, avant de qualifier la mesure<br \/>\nde \u00ab\u00a0clou suppl\u00e9mentaire dans le cercueil de l\u2019\u00e9conomie<br \/>\nfran\u00e7aise\u00a0\u00bb. L\u2019homme d\u2019affaires a ensuite pris la d\u00e9fense des<br \/>\nentrepreneurs : \u00ab\u00a0Mettez-vous \u00e0 la place d\u2019un entrepreneur,<br \/>\nfranchement. Tout est fait pour que vous soyez salari\u00e9 dans ce<br \/>\npays\u00a0\u00bb, a-t-il d\u00e9clar\u00e9.<\/p>\n<p>Nicolas<br \/>\nDufourcq s&rsquo;exprime sur la taxe Zucman<\/p>\n<p data-start=\"101\" data-end=\"593\">Avant de poursuivre : \u00ab\u00a0Vous<br \/>\nd\u00e9cidez de ne pas l\u2019\u00eatre. Vous cr\u00e9ez votre bo\u00eete, vous travaillez<br \/>\ncomme un fou. Vous avez de la chance, pas de chance, vous \u00e9chouez,<br \/>\nvous repartez. Au bout de vingt ans, vous r\u00e9ussissez. Vous avez une<br \/>\nfortune de plus de 100 millions d\u2019euros. Et l\u00e0, quelqu\u2019un frappe \u00e0<br \/>\nvotre porte pour vous dire : \u201cTous les ans<strong>, je vous prends<br \/>\n2 %<\/strong>.\u201d Comment voulez-vous prendre du risque ? C\u2019est une<br \/>\nmachine \u00e0 d\u00e9truire le risque, cette affaire.\u00a0\u00bb.<\/p>\n<p>Selon lui, la taxe serait non seulement inefficace<br \/>\n\u00e9conomiquement, mais aussi psychologiquement destructrice. Il cite<br \/>\nd\u2019ailleurs le Conseil d\u2019analyse \u00e9conomique pour appuyer son propos<br \/>\n: \u00ab\u00a0Le Conseil d\u2019analyse \u00e9conomique a dit hier soir : \u201c\u00c7a ne<br \/>\npeut pas rapporter plus de 5 milliards dans le meilleur des cas.\u201d<br \/>\nS\u2019il s\u2019agit de trouver 5 milliards d\u2019euros dans le patrimoine des<br \/>\nplus riches de la France, il y a d\u2019autres mani\u00e8res, des mani\u00e8res<br \/>\npsychologiquement beaucoup moins l\u00e9tales.\u00a0\u00bb<\/p>\n","protected":false},"excerpt":{"rendered":"Ce vendredi 17 octobre, dans le Face \u00e0 Face d\u00a0\u00bbApolline de Malherbe diffus\u00e9 sur BFMTV, Nicolas Dufourcq a&hellip;\n","protected":false},"author":2,"featured_media":469612,"comment_status":"","ping_status":"","sticky":false,"template":"","format":"standard","meta":{"footnotes":""},"categories":[1356],"tags":[10848,58,59,1011,27,252,1364],"class_list":{"0":"post-469611","1":"post","2":"type-post","3":"status-publish","4":"format-standard","5":"has-post-thumbnail","7":"category-television","8":"tag-apolline-de-malherbe","9":"tag-divertissement","10":"tag-entertainment","11":"tag-fr","12":"tag-france","13":"tag-television","14":"tag-tv"},"share_on_mastodon":{"url":"https:\/\/pubeurope.com\/@fr\/115388779366559749","error":""},"_links":{"self":[{"href":"https:\/\/www.europesays.com\/fr\/wp-json\/wp\/v2\/posts\/469611","targetHints":{"allow":["GET"]}}],"collection":[{"href":"https:\/\/www.europesays.com\/fr\/wp-json\/wp\/v2\/posts"}],"about":[{"href":"https:\/\/www.europesays.com\/fr\/wp-json\/wp\/v2\/types\/post"}],"author":[{"embeddable":true,"href":"https:\/\/www.europesays.com\/fr\/wp-json\/wp\/v2\/users\/2"}],"replies":[{"embeddable":true,"href":"https:\/\/www.europesays.com\/fr\/wp-json\/wp\/v2\/comments?post=469611"}],"version-history":[{"count":0,"href":"https:\/\/www.europesays.com\/fr\/wp-json\/wp\/v2\/posts\/469611\/revisions"}],"wp:featuredmedia":[{"embeddable":true,"href":"https:\/\/www.europesays.com\/fr\/wp-json\/wp\/v2\/media\/469612"}],"wp:attachment":[{"href":"https:\/\/www.europesays.com\/fr\/wp-json\/wp\/v2\/media?parent=469611"}],"wp:term":[{"taxonomy":"category","embeddable":true,"href":"https:\/\/www.europesays.com\/fr\/wp-json\/wp\/v2\/categories?post=469611"},{"taxonomy":"post_tag","embeddable":true,"href":"https:\/\/www.europesays.com\/fr\/wp-json\/wp\/v2\/tags?post=469611"}],"curies":[{"name":"wp","href":"https:\/\/api.w.org\/{rel}","templated":true}]}}