{"id":469615,"date":"2025-10-17T09:24:29","date_gmt":"2025-10-17T09:24:29","guid":{"rendered":"https:\/\/www.europesays.com\/fr\/469615\/"},"modified":"2025-10-17T09:24:29","modified_gmt":"2025-10-17T09:24:29","slug":"un-extrait-sublime-et-tenebreux-pour-le-film-de-monstres-netflix-de-del-toro","status":"publish","type":"post","link":"https:\/\/www.europesays.com\/fr\/469615\/","title":{"rendered":"un extrait sublime et t\u00e9n\u00e9breux pour le film de monstres Netflix de del Toro"},"content":{"rendered":"<p><strong>Le projet fou de <a href=\"https:\/\/www.ecranlarge.com\/personnalite\/652663-guillermo-del-toro\" data-type=\"people\" data-id=\"4367\" rel=\"nofollow noopener\" target=\"_blank\">Guillermo del Toro<\/a> se d\u00e9voile un peu plus dans un premier extrait qui donne envie de d\u00e9couvrir ce <a href=\"https:\/\/www.ecranlarge.com\/films\/1471750-dr-frankenstein\" data-type=\"films\" data-id=\"795700\" rel=\"nofollow noopener\" target=\"_blank\">Frankenstein <\/a>sur Netflix.<\/strong><\/p>\n<p>Maintenant, vous le savez, <strong>la r\u00e9daction a beaucoup aim\u00e9 Frankenstein de Guillermo del Toro<\/strong> <strong>(voir la critique ci-dessous).<\/strong> Mais pour ceux \u00e0 qui \u00e7a ne suffit pas pour avoir envie de voir le film, la promotion continue. Apr\u00e8s des bandes-annonces et des affiches l\u00e2ch\u00e9es au compte-goutte, \u00e9grainant les visuels avec un sens consomm\u00e9 du suspense, Netflix a cette fois jug\u00e9 bon de diffuser un premier extrait du long-m\u00e9trage.<\/p>\n<p>                    <img decoding=\"async\" alt=\"\" class=\"wp-image-518375\" style=\"object-fit:cover;width:25px;height:25px\" src=\"https:\/\/www.ecranlarge.com\/content\/uploads\/2023\/09\/arrow-right-circle.svg\"\/><\/p>\n<p>Pour rappel, l\u2019enjeu de cette adaptation luxueuse du roman de Mary Shelley (120 millions de dollars de budget tout de m\u00eame) est, en partie, de placer la firme de Los Gatos en bonne place pour les Oscars (entre autres r\u00e9compenses). Non contente d\u2019avoir fid\u00e9lis\u00e9 un cin\u00e9aste de renom comme Guillermo del Toro, lui offrir le feu vert pour un projet de cette ampleur montre bien l\u2019image de m\u00e9c\u00e8ne philanthrope et adorateur d\u2019art que la plateforme souhaite rev\u00eatir. \u00ab\u00a0J\u2019ai d\u00e9pens\u00e9 sans compter\u00a0\u00bb (<strong>Jurassic Park<\/strong>, vous l\u2019avez)<strong> <\/strong>semble nous dire <strong>Netflix avec cet extrait spectaculaire. <\/strong><\/p>\n<p>IT\u2019S EUH\u2026 LIVE, LIVE!<\/p>\n<p>Nous y sommes. Apr\u00e8s, on l\u2019imagine, plusieurs tentatives et \u00e9checs, l\u2019extrait (diffus\u00e9 en exclusivit\u00e9 par IGN) montre le moment crucial o\u00f9 le scientifique incarn\u00e9 par <a href=\"https:\/\/www.ecranlarge.com\/personnalite\/683086-oscar-isaac\" data-type=\"people\" data-id=\"332432\" rel=\"nofollow noopener\" target=\"_blank\">Oscar Isaac<\/a> parvient enfin \u00e0 cr\u00e9er la vie par la science (et gr\u00e2ce \u00e0 son antenne TV), devenant l\u2019\u00e9gal des dieux. <strong>Cadrages audacieux, cam\u00e9ra en mouvement incessant, jeux de lumi\u00e8res magnifiant la beaut\u00e9 gothique des d\u00e9cors<\/strong> : la s\u00e9quence est assez virtuose, r\u00e9ussissant sans dialogues \u00e0 rendre \u00e0 la fois claires et pleines de suspense des consid\u00e9rations qui d\u00e9pendent avant tout de machines et d\u2019\u00e9lectricit\u00e9. <\/p>\n<p>Surtout, la s\u00e9quence donne un premier aper\u00e7u de la cr\u00e9ation du docteur. La promotion a jusqu\u2019alors largement maintenu le flou sur le chara-design du monstre de Frankenstein. Il est ici immobile, nu, et encore largement plong\u00e9 dans la p\u00e9nombre. <strong>Mais les plus impatients ne manqueront pas d\u2019appuyer sur pause aux bons moments pour s\u2019en faire un premier embryon d\u2019avis. <\/strong>Si la taille de <a href=\"https:\/\/www.ecranlarge.com\/personnalite\/1047855-jacob-elordi\" data-type=\"people\" data-id=\"487680\" rel=\"nofollow noopener\" target=\"_blank\">Jacob Elordi<\/a> (1m96) fait merveille, on distingue une silhouette et un visage plus lisse que ceux de l\u2019iconique Boris Karloff dans la version de 1931. <\/p>\n<p><a href=\"https:\/\/www.ecranlarge.com\/content\/uploads\/2025\/08\/xcftfp5m8czdcybkknkfsmrvaet.jpg\" rel=\"nofollow noopener\" target=\"_blank\"><\/p>\n<p><img loading=\"lazy\" decoding=\"async\" alt=\"Frankenstein\" src=\"https:\/\/www.europesays.com\/fr\/wp-content\/uploads\/2025\/09\/xcftfp5m8czdcybkknkfsmrvaet-1260x709.jpg\" width=\"1260\" height=\"709\"  \/><\/p>\n<p><\/a>Le m\u00eame d\u00e9cor mais sans la machine \u00e0 brouillard<\/p>\n<p>Les vraies questions importantes autour de ce personnage sont tout de m\u00eame laiss\u00e9es pour le 2h27 et 20 secondes restantes : comment del Toro filmera-t-il ce corps ? Comment celui-ci sera-t-il l\u2019enjeu d\u2019une r\u00e9actualisation des th\u00e9matiques de l\u2019\u0153uvre d\u2019origine ? L\u2019extrait visionn\u00e9 n\u2019apporte qu\u2019une unique certitude : Netflix a en effet bien d\u00e9pens\u00e9 son argent. Quel dommage alors que le film ne sorte pas en salles par chez nous. <strong>Frankenstein, exclusivit\u00e9 Netflix, sort sur la plateforme le 7 novembre 2025.<\/strong><\/p>\n","protected":false},"excerpt":{"rendered":"Le projet fou de Guillermo del Toro se d\u00e9voile un peu plus dans un premier extrait qui donne&hellip;\n","protected":false},"author":2,"featured_media":469616,"comment_status":"","ping_status":"","sticky":false,"template":"","format":"standard","meta":{"footnotes":""},"categories":[1354],"tags":[58,59,1346,1011,27,1360],"class_list":{"0":"post-469615","1":"post","2":"type-post","3":"status-publish","4":"format-standard","5":"has-post-thumbnail","7":"category-films","8":"tag-divertissement","9":"tag-entertainment","10":"tag-films","11":"tag-fr","12":"tag-france","13":"tag-movies"},"share_on_mastodon":{"url":"https:\/\/pubeurope.com\/@fr\/115388787681731975","error":""},"_links":{"self":[{"href":"https:\/\/www.europesays.com\/fr\/wp-json\/wp\/v2\/posts\/469615","targetHints":{"allow":["GET"]}}],"collection":[{"href":"https:\/\/www.europesays.com\/fr\/wp-json\/wp\/v2\/posts"}],"about":[{"href":"https:\/\/www.europesays.com\/fr\/wp-json\/wp\/v2\/types\/post"}],"author":[{"embeddable":true,"href":"https:\/\/www.europesays.com\/fr\/wp-json\/wp\/v2\/users\/2"}],"replies":[{"embeddable":true,"href":"https:\/\/www.europesays.com\/fr\/wp-json\/wp\/v2\/comments?post=469615"}],"version-history":[{"count":0,"href":"https:\/\/www.europesays.com\/fr\/wp-json\/wp\/v2\/posts\/469615\/revisions"}],"wp:featuredmedia":[{"embeddable":true,"href":"https:\/\/www.europesays.com\/fr\/wp-json\/wp\/v2\/media\/469616"}],"wp:attachment":[{"href":"https:\/\/www.europesays.com\/fr\/wp-json\/wp\/v2\/media?parent=469615"}],"wp:term":[{"taxonomy":"category","embeddable":true,"href":"https:\/\/www.europesays.com\/fr\/wp-json\/wp\/v2\/categories?post=469615"},{"taxonomy":"post_tag","embeddable":true,"href":"https:\/\/www.europesays.com\/fr\/wp-json\/wp\/v2\/tags?post=469615"}],"curies":[{"name":"wp","href":"https:\/\/api.w.org\/{rel}","templated":true}]}}