{"id":469617,"date":"2025-10-17T09:25:10","date_gmt":"2025-10-17T09:25:10","guid":{"rendered":"https:\/\/www.europesays.com\/fr\/469617\/"},"modified":"2025-10-17T09:25:10","modified_gmt":"2025-10-17T09:25:10","slug":"je-ne-sais-pas-pourquoi-mais-tout-me-parait-plus-lourd-en-octobre-une-impression-qui-trouve-sa-cause-dans-la-chimie-du-corps-et-de-la-lumiere","status":"publish","type":"post","link":"https:\/\/www.europesays.com\/fr\/469617\/","title":{"rendered":"\u201cJe ne sais pas pourquoi, mais tout me para\u00eet plus lourd en octobre\u2026\u201d \u2026 une impression qui trouve sa cause dans la chimie du corps et de la lumi\u00e8re"},"content":{"rendered":"<p>La lumi\u00e8re d\u00e9cline, les arbres enfilent leur manteau dor\u00e9, mais dans beaucoup de t\u00eates et de corps, un poids s&rsquo;installe. Qui n&rsquo;a jamais eu cette impression qu&rsquo;en octobre, tout devient plus pesant, comme si l&rsquo;on portait un petit nuage sur l&rsquo;\u00e9paule ? On se promettait plein de bonnes r\u00e9solutions \u00e0 la rentr\u00e9e, et voil\u00e0 qu&rsquo;apr\u00e8s quelques courtes semaines, l&rsquo;\u00e9nergie d\u00e9cline d\u00e9j\u00e0. Est-ce le temps, l&rsquo;\u00e2ge, ou tout simplement la saison ? Plut\u00f4t qu&rsquo;une fatalit\u00e9, ce ressenti cache des m\u00e9canismes surprenants, \u00e0 la crois\u00e9e de la chimie du corps et du ballet de la lumi\u00e8re. Loin d&rsquo;\u00eatre une crise passag\u00e8re, ce coup de mou automnal a ses raisons\u2026 et ses solutions, \u00e0 commencer par la fa\u00e7on dont tout notre organisme r\u00e9agit \u00e0 la baisse de luminosit\u00e9. Alors, que se passe-t-il, vraiment, sous notre peau quand l&rsquo;automne avance ?<\/p>\n<p>Quand la lumi\u00e8re se fait rare : pourquoi nos batteries semblent \u00e0 plat \u00e0 l&rsquo;automne<br \/>\n La baisse de luminosit\u00e9 et ses effets invisibles sur notre organisme<\/p>\n<p>En octobre, la lumi\u00e8re du jour file plus vite, les matin\u00e9es sont brumeuses, les soir\u00e9es s&rsquo;\u00e9tirent dans une p\u00e9nombre qui surprend. Ce changement, si anodin en apparence, d\u00e9clenche en r\u00e9alit\u00e9 une <strong>cascade de r\u00e9actions dans le corps<\/strong>. Moins de lumi\u00e8re, c&rsquo;est un vrai signal envoy\u00e9 \u00e0 notre cerveau : il per\u00e7oit que la \u00ab journ\u00e9e \u00bb est plus courte, ce qui d\u00e9r\u00e8gle notre horloge interne et chamboule tout notre fonctionnement naturel.<\/p>\n<p><strong>Le moral flanche, la motivation s&rsquo;\u00e9mousse<\/strong> : la lumi\u00e8re a un effet direct sur les circuits de l&rsquo;\u00e9nergie et du bien-\u00eatre, m\u00eame s&rsquo;il est parfois difficile de le reconna\u00eetre.<\/p>\n<p>La chimie du moral : comment la lumi\u00e8re influe sur la m\u00e9latonine et notre \u00e9nergie<\/p>\n<p>Une des cl\u00e9s se cache dans la m\u00e9latonine, cette hormone de la r\u00e9gulation du sommeil. <strong>En automne, la faible luminosit\u00e9 stimule la production de m\u00e9latonine<\/strong>, qui \u00e0 son tour donne au cerveau le signal qu&rsquo;il faut \u00ab ralentir \u00bb. R\u00e9sultat : la fatigue s&rsquo;installe plus vite, la sensation de lassitude grandit et le corps peine \u00e0 lancer la machine le matin.<\/p>\n<p><strong>La s\u00e9rotonine, souvent associ\u00e9e \u00e0 la bonne humeur, d\u00e9pend elle aussi de la lumi\u00e8re<\/strong>. Moins de lumi\u00e8re, moins de s\u00e9rotonine : le moral perd des couleurs, la vivacit\u00e9 baisse. C&rsquo;est un cocktail dont personne n&rsquo;est vraiment \u00e0 l&rsquo;abri, surtout lorsque les journ\u00e9es raccourcissent et que la m\u00e9t\u00e9o grise s&rsquo;installe\u2026<\/p>\n<p> Pourquoi octobre est un mois-cl\u00e9 pour notre bien-\u00eatre int\u00e9rieur<\/p>\n<p><strong>Octobre, c&rsquo;est le vrai tournant<\/strong> : les jours raccourcissent de fa\u00e7on tr\u00e8s nette, l&rsquo;organisme doit s&rsquo;adapter rapidement, et le temps d&rsquo;exposition \u00e0 la lumi\u00e8re naturelle chute, surtout chez les personnes qui passent beaucoup de temps \u00e0 l&rsquo;int\u00e9rieur. C&rsquo;est \u00e0 ce moment que les signaux faiblissent, que l&rsquo;on commence \u00e0 ressentir ce \u00ab poids \u00bb, cette lassitude diffuse.<\/p>\n<p>En France, le mois d&rsquo;octobre marque aussi le retour des matin\u00e9es fra\u00eeches et des premiers coups de blues post-rentr\u00e9e. \u00c0 cette p\u00e9riode pr\u00e9cise, <strong>notre corps tente de compenser la chute de lumi\u00e8re<\/strong>\u2026 et c&rsquo;est le bon moment pour agir afin de ne pas sombrer dans une torpeur trop profonde.<\/p>\n<p>Illuminer ses journ\u00e9es : comment contrer le coup de mou d&rsquo;octobre<br \/>\n Les gestes qui r\u00e9veillent l&rsquo;\u00e9nergie quand la lumi\u00e8re d\u00e9cline<\/p>\n<p>Heureusement, il suffit parfois de petits ajustements pour <strong>redonner du peps \u00e0 ses journ\u00e9es<\/strong>. S&rsquo;exposer \u00e0 la lumi\u00e8re naturelle d\u00e8s le matin reste le r\u00e9flexe num\u00e9ro un : ouvrir grand ses volets, prendre le caf\u00e9 pr\u00e8s de la fen\u00eatre, sortir marcher m\u00eame quelques minutes, permet au cerveau de relancer l&rsquo;horloge interne et d&rsquo;all\u00e9ger cette impression de \u00ab fatigue permanente \u00bb.<\/p>\n<p><strong>Le sport doux<\/strong> donne aussi un v\u00e9ritable coup de fouet, en activant la circulation et en boostant la production d&rsquo;endorphines, les fameuses hormones du bien-\u00eatre.<\/p>\n<tr>\nGeste<br \/>\nDur\u00e9e conseill\u00e9e<br \/>\nEffet attendu<br \/>\n<\/tr>\n<tr>\n<td>Sortir marcher \u00e0 la lumi\u00e8re du jour<\/td>\n<td>10-20 minutes<\/td>\n<td>Relance l&rsquo;\u00e9nergie, r\u00e9gule le sommeil<\/td>\n<\/tr>\n<tr>\n<td>Exercices de respiration profonde<\/td>\n<td>5 minutes<\/td>\n<td>Diminue la tension, favorise la concentration<\/td>\n<\/tr>\n<tr>\n<td>\u00c9tirement doux (bras, dos, jambes)<\/td>\n<td>5-10 minutes<\/td>\n<td>Mobilise le corps, lutte contre la raideur<\/td>\n<\/tr>\n<p> Optimiser son rythme pour tenir bon malgr\u00e9 les journ\u00e9es plus courtes<\/p>\n<p>Le corps aime ses habitudes. <strong>Structurer sa journ\u00e9e autour de routines r\u00e9guli\u00e8res<\/strong> aide \u00e0 maintenir un bon rythme, m\u00eame quand la lumi\u00e8re manque. Par exemple, se lever \u00e0 heure fixe, garder un rituel du matin (quelques \u00e9tirements, une boisson chaude, dix minutes de lumi\u00e8re) permet de \u00ab r\u00e9veiller \u00bb efficacement le corps et l&rsquo;esprit.<\/p>\n<p>Il est aussi conseill\u00e9 de <strong>limiter les \u00e9crans le soir<\/strong> : la lumi\u00e8re bleue perturbe le sommeil naturel, d\u00e9j\u00e0 malmen\u00e9 par l&rsquo;automne.<\/p>\n<p> Petits rituels malins pour booster son moral au quotidien<\/p>\n<p>L&rsquo;automne est aussi l&rsquo;occasion d&rsquo;inventer des <strong>petits rituels cocooning<\/strong>. On pense \u00e0 prendre soin de soi autrement, \u00e0 explorer de nouvelles activit\u00e9s douces, \u00e0 cuisiner des recettes r\u00e9confortantes, mais \u00e9quilibr\u00e9es :<\/p>\n<ul>\n<li>\u00c9couter de la musique stimulante d\u00e8s le matin<\/li>\n<li>D\u00e9guster une infusion chaleureuse (ex. : cannelle, gingembre, citron)<\/li>\n<li>Tenir un carnet de gratitude, pour noter chaque soir trois plaisirs de la journ\u00e9e<\/li>\n<\/ul>\n<p>Ces moments, m\u00eame courts, <strong>aident \u00e0 garder le moral et \u00e0 lutter contre le sentiment d&rsquo;isolement<\/strong>.<\/p>\n<p>Le message du coach : mieux vivre l&rsquo;automne, c&rsquo;est possible !<br \/>\n S&rsquo;accorder de la bienveillance quand la fatigue s&rsquo;installe<\/p>\n<p><strong>L&rsquo;\u00e9coute de soi-m\u00eame est fondamentale<\/strong> : si la fatigue est l\u00e0, inutile de la nier. Mieux vaut accepter ce ralentissement saisonnier et adapter en cons\u00e9quence son programme d&rsquo;activit\u00e9s ou d&rsquo;exercices. L&rsquo;objectif : viser la r\u00e9gularit\u00e9, pas la performance !<\/p>\n<p>Les seniors doivent veiller \u00e0 ne pas s&rsquo;\u00e9puiser, \u00e0 respecter les signaux du corps tout en maintenant un niveau de mouvement adapt\u00e9 \u00e0 leurs besoins r\u00e9els.<\/p>\n<p> Adopter une routine lumineuse pour recharger ses batteries<\/p>\n<p>Pour contrer l&rsquo;effet de la lumi\u00e8re qui d\u00e9cline, <strong>multiplier les sources de lumi\u00e8re douce dans la maison<\/strong> (lampes chaleureuses, bougies s\u00e9curis\u00e9es) cr\u00e9e une atmosph\u00e8re plus stimulante. On pense \u00e9galement \u00e0 pr\u00e9f\u00e9rer les promenades en d\u00e9but d&rsquo;apr\u00e8s-midi, l\u00e0 o\u00f9 la luminosit\u00e9 est la meilleure.<\/p>\n<p><strong>Adapter aussi son alimentation<\/strong> : privil\u00e9gier les fruits et l\u00e9gumes de saison, sources de vitamines, favorise l&rsquo;\u00e9nergie et la bonne humeur. Quelques id\u00e9es :<\/p>\n<ul>\n<li>Potimarron r\u00f4ti au four<\/li>\n<li>Soupe \u00e9paisse de carottes et lentilles<\/li>\n<li>Salade de betteraves, noix et fromage frais<\/li>\n<\/ul>\n<p>Transformer octobre en mois cocooning, mais actif<\/p>\n<p>Octobre ne doit pas rimer avec ralentissement total : <strong>on peut combiner douceur et activit\u00e9<\/strong>. Pourquoi ne pas d\u00e9couvrir des mouvements faciles adapt\u00e9s \u00e0 l&rsquo;automne ? Quelques exemples \u00e0 incorporer au quotidien :<\/p>\n<ul>\n<li>\u00c9tirements devant la fen\u00eatre chaque matin<\/li>\n<li>S\u00e9ance de yoga ou de Pilates doux dans le salon<\/li>\n<li>Petite marche au parc, m\u00eame sous le ciel gris<\/li>\n<\/ul>\n<p>Le but : cr\u00e9er une dynamique positive, naturellement adapt\u00e9e \u00e0 cette p\u00e9riode o\u00f9 la lumi\u00e8re nous fait d\u00e9faut. Vous verrez, <strong>le moral suit, d\u00e8s qu&rsquo;on se reconnecte \u00e0 son corps et \u00e0 son cycle<\/strong>.<\/p>\n<p>La cl\u00e9, vous l&rsquo;avez devin\u00e9, c&rsquo;est de comprendre l&rsquo;effet de la lumi\u00e8re sur nos rythmes corporels et de cultiver de nouvelles habitudes capables de recharger ces batteries mises \u00e0 l&rsquo;\u00e9preuve par l&rsquo;automne. Plut\u00f4t que de subir octobre, pourquoi ne pas en faire un alli\u00e9 ? Cette saison, c&rsquo;est l&rsquo;occasion d&rsquo;exp\u00e9rimenter, de s&rsquo;\u00e9couter et de s&rsquo;offrir un automne \u00e9nergisant, plein de petits rituels pour traverser l&rsquo;hiver d&rsquo;un bon pied.<\/p>\n","protected":false},"excerpt":{"rendered":"La lumi\u00e8re d\u00e9cline, les arbres enfilent leur manteau dor\u00e9, mais dans beaucoup de t\u00eates et de corps, un&hellip;\n","protected":false},"author":2,"featured_media":469618,"comment_status":"","ping_status":"","sticky":false,"template":"","format":"standard","meta":{"footnotes":""},"categories":[10],"tags":[26340,4988,1011,27,72,56,71],"class_list":{"0":"post-469617","1":"post","2":"type-post","3":"status-publish","4":"format-standard","5":"has-post-thumbnail","7":"category-sante","8":"tag-exercice","9":"tag-forme","10":"tag-fr","11":"tag-france","12":"tag-health","13":"tag-push","14":"tag-sante"},"share_on_mastodon":{"url":"https:\/\/pubeurope.com\/@fr\/115388791194685069","error":""},"_links":{"self":[{"href":"https:\/\/www.europesays.com\/fr\/wp-json\/wp\/v2\/posts\/469617","targetHints":{"allow":["GET"]}}],"collection":[{"href":"https:\/\/www.europesays.com\/fr\/wp-json\/wp\/v2\/posts"}],"about":[{"href":"https:\/\/www.europesays.com\/fr\/wp-json\/wp\/v2\/types\/post"}],"author":[{"embeddable":true,"href":"https:\/\/www.europesays.com\/fr\/wp-json\/wp\/v2\/users\/2"}],"replies":[{"embeddable":true,"href":"https:\/\/www.europesays.com\/fr\/wp-json\/wp\/v2\/comments?post=469617"}],"version-history":[{"count":0,"href":"https:\/\/www.europesays.com\/fr\/wp-json\/wp\/v2\/posts\/469617\/revisions"}],"wp:featuredmedia":[{"embeddable":true,"href":"https:\/\/www.europesays.com\/fr\/wp-json\/wp\/v2\/media\/469618"}],"wp:attachment":[{"href":"https:\/\/www.europesays.com\/fr\/wp-json\/wp\/v2\/media?parent=469617"}],"wp:term":[{"taxonomy":"category","embeddable":true,"href":"https:\/\/www.europesays.com\/fr\/wp-json\/wp\/v2\/categories?post=469617"},{"taxonomy":"post_tag","embeddable":true,"href":"https:\/\/www.europesays.com\/fr\/wp-json\/wp\/v2\/tags?post=469617"}],"curies":[{"name":"wp","href":"https:\/\/api.w.org\/{rel}","templated":true}]}}