{"id":46962,"date":"2025-04-23T16:08:11","date_gmt":"2025-04-23T16:08:11","guid":{"rendered":"https:\/\/www.europesays.com\/fr\/46962\/"},"modified":"2025-04-23T16:08:11","modified_gmt":"2025-04-23T16:08:11","slug":"la-jordanie-interdit-les-activites-des-freres-musulmans","status":"publish","type":"post","link":"https:\/\/www.europesays.com\/fr\/46962\/","title":{"rendered":"La Jordanie interdit les activit\u00e9s des Fr\u00e8res musulmans"},"content":{"rendered":"<p>                             Par Le Figaro avec AFP<\/p>\n<p>\n            Publi\u00e9<br \/>\n                le 23 avril 2025 \u00e0 15h27,<br \/>\n                 mis \u00e0 jour le 23 avril 2025 \u00e0 16h13<\/p>\n<p>\u00a0\u00bb<br \/>\n        data-script=\u00a0\u00bbhttps:\/\/static.lefigaro.fr\/widget-video\/short-ttl\/video\/index.js\u00a0\u00bb<br \/>\n    &gt;<\/p>\n<p>\u00abIl a \u00e9t\u00e9 d\u00e9cid\u00e9 d\u2019interdire toutes les activit\u00e9s des soi-disant Fr\u00e8res musulmans et de consid\u00e9rer toute activit\u00e9 (de leur part) comme une violation des dispositions de la loi\u00bb, a d\u00e9clar\u00e9 le ministre de l\u2019Int\u00e9rieur.<\/p>\n<p class=\"fig-paragraph\">La Jordanie a interdit mercredi 23 avril 2025 toutes les activit\u00e9s des<a href=\"https:\/\/www.lefigaro.fr\/story\/les-freres-musulmans-veulent-adapter-notre-societe-a-la-charia-17545\" target=\"_blank\" data-fig-type=\"Story\" rel=\"noopener\" data-gtm-custom-categorie=\"navigation\" data-gtm-custom-action=\"crossclick\" data-gtm-custom-label=\"Contextuel\" data-gtm-event=\"customEventSPE\" data-fig-domain=\"LEFIGARO\">\u00a0Fr\u00e8res musulmans<\/a>\u00a0et ferm\u00e9 les bureaux de ce mouvement islamiste dans le royaume, a annonc\u00e9 le ministre de l&rsquo;Int\u00e9rieur Mazen al-Faraya.<\/p>\n<p class=\"fig-paragraph\">\u00abIl a \u00e9t\u00e9 d\u00e9cid\u00e9 d&rsquo;interdire toutes les activit\u00e9s des soi-disant Fr\u00e8res musulmans et de consid\u00e9rer toute activit\u00e9 (de leur part) comme une violation des dispositions de la loi\u00bb, a d\u00e9clar\u00e9 le ministre, ajoutant que \u00abtous les bureaux\u00bb utilis\u00e9s par le mouvement, \u00abm\u00eame en partenariat avec d&rsquo;autres organisations\u00bb, seraient ferm\u00e9s.<\/p>\n<p class=\"fig-paragraph\">Plus d\u2019informations \u00e0 suivre&#8230;<\/p>\n","protected":false},"excerpt":{"rendered":"Par Le Figaro avec AFP Publi\u00e9 le 23 avril 2025 \u00e0 15h27, mis \u00e0 jour le 23 avril&hellip;\n","protected":false},"author":2,"featured_media":46963,"comment_status":"","ping_status":"","sticky":false,"template":"","format":"standard","meta":{"footnotes":""},"categories":[5],"tags":[259,11,260,1011,27,9305,14,13679,261,12,262,28],"class_list":{"0":"post-46962","1":"post","2":"type-post","3":"status-publish","4":"format-standard","5":"has-post-thumbnail","7":"category-international","8":"tag-actualite-internationale","9":"tag-actualites","10":"tag-affaires-etrangeres","11":"tag-fr","12":"tag-france","13":"tag-freres-musulmans","14":"tag-international","15":"tag-jordanie","16":"tag-ministere-des-affaires-etrangeres","17":"tag-news","18":"tag-politique-etrangere","19":"tag-world"},"share_on_mastodon":{"url":"https:\/\/pubeurope.com\/@fr\/114388146854240881","error":""},"_links":{"self":[{"href":"https:\/\/www.europesays.com\/fr\/wp-json\/wp\/v2\/posts\/46962","targetHints":{"allow":["GET"]}}],"collection":[{"href":"https:\/\/www.europesays.com\/fr\/wp-json\/wp\/v2\/posts"}],"about":[{"href":"https:\/\/www.europesays.com\/fr\/wp-json\/wp\/v2\/types\/post"}],"author":[{"embeddable":true,"href":"https:\/\/www.europesays.com\/fr\/wp-json\/wp\/v2\/users\/2"}],"replies":[{"embeddable":true,"href":"https:\/\/www.europesays.com\/fr\/wp-json\/wp\/v2\/comments?post=46962"}],"version-history":[{"count":0,"href":"https:\/\/www.europesays.com\/fr\/wp-json\/wp\/v2\/posts\/46962\/revisions"}],"wp:featuredmedia":[{"embeddable":true,"href":"https:\/\/www.europesays.com\/fr\/wp-json\/wp\/v2\/media\/46963"}],"wp:attachment":[{"href":"https:\/\/www.europesays.com\/fr\/wp-json\/wp\/v2\/media?parent=46962"}],"wp:term":[{"taxonomy":"category","embeddable":true,"href":"https:\/\/www.europesays.com\/fr\/wp-json\/wp\/v2\/categories?post=46962"},{"taxonomy":"post_tag","embeddable":true,"href":"https:\/\/www.europesays.com\/fr\/wp-json\/wp\/v2\/tags?post=46962"}],"curies":[{"name":"wp","href":"https:\/\/api.w.org\/{rel}","templated":true}]}}