{"id":469624,"date":"2025-10-17T09:29:12","date_gmt":"2025-10-17T09:29:12","guid":{"rendered":"https:\/\/www.europesays.com\/fr\/469624\/"},"modified":"2025-10-17T09:29:12","modified_gmt":"2025-10-17T09:29:12","slug":"113-million-deuros-detournes-sept-hommes-en-proces","status":"publish","type":"post","link":"https:\/\/www.europesays.com\/fr\/469624\/","title":{"rendered":"1,13 million d&rsquo;euros d\u00e9tourn\u00e9s, sept hommes en proc\u00e8s"},"content":{"rendered":"<p>              <img decoding=\"async\" class=\"article-author__picture webp\" src=\"https:\/\/www.europesays.com\/fr\/wp-content\/uploads\/2025\/04\/matias-perea-85px.jpg.webp\" alt=\"Matias Perea\"\/><\/p>\n<p class=\"article-author__info--name\"> Par<br \/>\n                      <a href=\"https:\/\/selectra.info\/equipe\/matias\" target=\"_blank\" rel=\"noopener author nofollow\"> Matias Perea <\/a><\/p>\n<p class=\"article-author__info--description\"> Analyste \u00c9nergie <\/p>\n<p>        Publi\u00e9 le<\/p>\n<p>                                17\/10\/2025<\/p>\n<p>            min de lecture\n        <\/p>\n<p>Sauf indication contraire, tous les prix pr\u00e9sent\u00e9s sur cette page sont TTC.<\/p>\n<p class=\"title\">L&rsquo;INFO QUI FAIT BAISSER VOTRE FACTURE<\/p>\n<ul class=\"list--check\">\n<li><strong>Alertes Baisse des Prix<\/strong> en temps r\u00e9el<\/li>\n<li><strong>Nouvelles Aides de l&rsquo;\u00c9tat<\/strong> d\u00e9crypt\u00e9es pour vous<\/li>\n<li><strong>Bons Plans Exclusifs<\/strong> de nos experts<\/li>\n<\/ul>\n<p style=\"margin-top:15px;\">Rejoignez des milliers de Fran\u00e7ais et recevez gratuitement l&rsquo;essentiel de l&rsquo;actu \u00e9nergie sur votre canal pr\u00e9f\u00e9r\u00e9.<\/p>\n<p class=\"intro\">Aujourd&rsquo;hui, 17 octobre 2025, le Haut Conseil pour le Climat dresse un bilan alarmant : le r\u00e9chauffement en France atteint d\u00e9j\u00e0 +2,2 \u00b0C, avec des vagues de chaleur six fois plus fr\u00e9quentes. Cette urgence se heurte \u00e0 une transition sem\u00e9e d&#8217;emb\u00fbches : un proc\u00e8s s&rsquo;ouvre sur une fraude massive \u00e0 MaPrimeR\u00e9nov&rsquo; de plus d&rsquo;un million d&rsquo;euros, tandis que RTE alerte sur les risques que font peser les arr\u00eats brutaux des renouvelables sur la stabilit\u00e9 du r\u00e9seau. Pendant ce temps, un rapport de McKinsey vient drosser une douche froide sur les espoirs d&rsquo;une sortie rapide des \u00e9nergies fossiles. Selectra d\u00e9crypte une journ\u00e9e o\u00f9 la r\u00e9alit\u00e9 climatique rattrape les ambitions politiques.<\/p>\n<p class=\"in-short--title col-xs-12 text--center\">Article trop long\u00a0? Demandez un r\u00e9sum\u00e9 \u00e0 l&rsquo;IA\u00a0:<\/p>\n<p>  <a href=\"https:\/\/profile.google.com\/cp\/Cg0vZy8xMWNzNGxnOGs1\" type=\"button\" target=\"_blank\" class=\"btn btn--md btn--success btn--pill\" rel=\"nofollow noopener\">Suivez-nous sur Google<\/p>\n<p>              <\/a><\/p>\n<p>France face \u00e0 l&rsquo;urgence climatique : entre alertes et fraudes<\/p>\n<ul class=\"list--check\">\n<li><strong>R\u00e9chauffement \u00e0 +2,2 \u00b0C en France : le Haut Conseil pour le Climat tire la sonnette d&rsquo;alarme<\/strong> : Dans son rapport annuel, le HCC constate une acc\u00e9l\u00e9ration du r\u00e9chauffement et des vagues de chaleur multipli\u00e9es par six. Il appelle \u00e0 renforcer les aides \u00e0 la r\u00e9novation et \u00e0 maintenir l&rsquo;objectif de 100 % de ventes de v\u00e9hicules z\u00e9ro \u00e9mission en 2035. <a href=\"https:\/\/www.hautconseilclimat.fr\/wp-content\/uploads\/2025\/10\/Rapport-annuel-Grand-public-HCC-2025-webvf.pdf\" target=\"_blank\" rel=\"noopener noreferrer nofollow\">Plus d&rsquo;infos<\/a><\/li>\n<li><strong>Fraude \u00e0 MaPrimeR\u00e9nov\u2019 : 1,13 million d&rsquo;euros d\u00e9tourn\u00e9s, sept hommes en proc\u00e8s<\/strong> : Un r\u00e9seau de g\u00e9rants d&rsquo;entreprises est jug\u00e9 \u00e0 Paris pour avoir falsifi\u00e9 plus de 2 000 dossiers et usurp\u00e9 l&rsquo;identit\u00e9 de m\u00e9nages afin d&rsquo;obtenir ind\u00fbment des subventions de l&rsquo;Anah. <a href=\"https:\/\/www.batiactu.com\/edito\/sept-hommes-juges-fraudes-a-ma-prime-renov-depassant-72023.php\" target=\"_blank\" rel=\"noopener noreferrer nofollow\">Plus d&rsquo;infos<\/a><\/li>\n<\/ul>\n<p>R\u00e9seau et nucl\u00e9aire : les d\u00e9fis techniques de la transition<\/p>\n<ul class=\"list--check\">\n<li><strong>RTE alerte sur les risques d&rsquo;arr\u00eats brutaux des renouvelables pour le r\u00e9seau<\/strong> : Le gestionnaire du r\u00e9seau met en garde contre les coupures simultan\u00e9es de production renouvelable, comme celle de 9 GW le 1er avril dernier, qui provoquent des variations de fr\u00e9quence majeures et menacent la stabilit\u00e9 du syst\u00e8me \u00e9lectrique. <a href=\"https:\/\/montelnews.com\/news\/4718a943-9c46-43fd-9e98-8c3d282d9d37\/abrupt-green-curtailment-threatens-french-grid-tso-head\" target=\"_blank\" rel=\"noopener noreferrer nofollow\">Plus d&rsquo;infos<\/a><\/li>\n<li><strong>Futurs EPR de Gravelines : l&rsquo;ASN exige des garanties sur la r\u00e9sistance du sol<\/strong> : L&rsquo;Autorit\u00e9 de S\u00fbret\u00e9 Nucl\u00e9aire a demand\u00e9 \u00e0 EDF de d\u00e9montrer la r\u00e9sistance du sol meuble du site, notamment en cas de s\u00e9isme, avant de pouvoir d\u00e9poser sa demande d&rsquo;autorisation pour les deux nouveaux r\u00e9acteurs. <a href=\"https:\/\/www.asnr.fr\/actualites\/lasnr-formule-ses-attentes-concernant-le-systeme-de-renforcement-du-sol-necessaire\" target=\"_blank\" rel=\"noopener noreferrer nofollow\">Plus d&rsquo;infos<\/a><\/li>\n<\/ul>\n<p>Europe et Monde : entre strat\u00e9gie verte et persistance des fossiles<\/p>\n<ul class=\"list--check\">\n<li><strong>Les fossiles repr\u00e9senteront encore jusqu&rsquo;\u00e0 55 % de l&rsquo;\u00e9nergie mondiale en 2050<\/strong> : Selon une \u00e9tude de McKinsey, la forte croissance de la demande d&rsquo;\u00e9lectricit\u00e9 dans l&rsquo;industrie et les b\u00e2timents maintiendra une part tr\u00e8s importante des \u00e9nergies fossiles dans le mix mondial, malgr\u00e9 l&rsquo;essor des renouvelables. <a href=\"https:\/\/www.reuters.com\/sustainability\/climate-energy\/fossil-fuels-dominate-global-energy-use-past-2050-mckinsey-says-2025-10-16\/\" target=\"_blank\" rel=\"noopener noreferrer nofollow\">Plus d&rsquo;infos<\/a><\/li>\n<li><strong>L&rsquo;Europe risque 100 milliards d&rsquo;euros de surco\u00fbts faute de stockage d&rsquo;\u00e9nergie<\/strong> : Une association du secteur alerte que sans un d\u00e9veloppement massif du stockage, les co\u00fbts de congestion du r\u00e9seau pourraient exploser d&rsquo;ici 2040, mena\u00e7ant la comp\u00e9titivit\u00e9 industrielle de l&rsquo;UE. <a href=\"https:\/\/www.euractiv.com\/opinion\/the-e100-billion-challenge-energy-storage-as-europes-competitiveness-driver\/\" target=\"_blank\" rel=\"noopener noreferrer nofollow\">Plus d&rsquo;infos<\/a><\/li>\n<li><strong>Gaz russe : l&rsquo;interdiction d\u00e8s janvier 2027 valid\u00e9e par le Parlement europ\u00e9en<\/strong> : Les commissions parlementaires ont adopt\u00e9 leur position finale, qui ne passera pas par un vote en pl\u00e9ni\u00e8re. Le texte pr\u00e9voit des amendes minimales pour les contrevenants. <a href=\"https:\/\/www.contexte.com\/fr\/actualite\/energie\/largement-votee-en-commissions-la-position-du-parlement-sur-linterdiction-du-gaz-russe-ne-passera-pas-par-la-pleniere_242536?go-back-to-briefitem=242536\" target=\"_blank\" rel=\"noopener noreferrer nofollow\">Plus d&rsquo;infos<\/a><\/li>\n<li><strong>L&rsquo;UE pr\u00e9sente sa strat\u00e9gie pour devenir un leader des technologies propres<\/strong> : Bruxelles vise \u00e0 produire 15 % des technologies propres mondiales (solaire, \u00e9olien, batteries&#8230;). L&rsquo;UE rappelle avoir d\u00e9j\u00e0 r\u00e9duit ses \u00e9missions de 37 % depuis 1990. <a href=\"https:\/\/ec.europa.eu\/commission\/presscorner\/detail\/en\/ip_25_2389\" target=\"_blank\" rel=\"noopener noreferrer nofollow\">Plus d&rsquo;infos<\/a><\/li>\n<\/ul>\n<p class=\"title\">L&rsquo;INFO QUI FAIT BAISSER VOTRE FACTURE<\/p>\n<ul class=\"list--check\">\n<li><strong>Alertes Baisse des Prix<\/strong> en temps r\u00e9el<\/li>\n<li><strong>Nouvelles Aides de l&rsquo;\u00c9tat<\/strong> d\u00e9crypt\u00e9es pour vous<\/li>\n<li><strong>Bons Plans Exclusifs<\/strong> de nos experts<\/li>\n<\/ul>\n<p style=\"margin-top:15px;\">Rejoignez des milliers de Fran\u00e7ais et recevez gratuitement l&rsquo;essentiel de l&rsquo;actu \u00e9nergie sur votre canal pr\u00e9f\u00e9r\u00e9.<\/p>\n<p>      Avez-vous trouv\u00e9 cet article utile ?<\/p>\n<p>100% des 1 votes trouvent l&rsquo;information utile.<\/p>\n","protected":false},"excerpt":{"rendered":"Par Matias Perea Analyste \u00c9nergie Publi\u00e9 le 17\/10\/2025 min de lecture Sauf indication contraire, tous les prix pr\u00e9sent\u00e9s&hellip;\n","protected":false},"author":2,"featured_media":253666,"comment_status":"","ping_status":"","sticky":false,"template":"","format":"standard","meta":{"footnotes":""},"categories":[6],"tags":[35,33,34,1011,27],"class_list":{"0":"post-469624","1":"post","2":"type-post","3":"status-publish","4":"format-standard","5":"has-post-thumbnail","7":"category-economie","8":"tag-business","9":"tag-economie","10":"tag-economy","11":"tag-fr","12":"tag-france"},"share_on_mastodon":{"url":"https:\/\/pubeurope.com\/@fr\/115388807532214156","error":""},"_links":{"self":[{"href":"https:\/\/www.europesays.com\/fr\/wp-json\/wp\/v2\/posts\/469624","targetHints":{"allow":["GET"]}}],"collection":[{"href":"https:\/\/www.europesays.com\/fr\/wp-json\/wp\/v2\/posts"}],"about":[{"href":"https:\/\/www.europesays.com\/fr\/wp-json\/wp\/v2\/types\/post"}],"author":[{"embeddable":true,"href":"https:\/\/www.europesays.com\/fr\/wp-json\/wp\/v2\/users\/2"}],"replies":[{"embeddable":true,"href":"https:\/\/www.europesays.com\/fr\/wp-json\/wp\/v2\/comments?post=469624"}],"version-history":[{"count":0,"href":"https:\/\/www.europesays.com\/fr\/wp-json\/wp\/v2\/posts\/469624\/revisions"}],"wp:featuredmedia":[{"embeddable":true,"href":"https:\/\/www.europesays.com\/fr\/wp-json\/wp\/v2\/media\/253666"}],"wp:attachment":[{"href":"https:\/\/www.europesays.com\/fr\/wp-json\/wp\/v2\/media?parent=469624"}],"wp:term":[{"taxonomy":"category","embeddable":true,"href":"https:\/\/www.europesays.com\/fr\/wp-json\/wp\/v2\/categories?post=469624"},{"taxonomy":"post_tag","embeddable":true,"href":"https:\/\/www.europesays.com\/fr\/wp-json\/wp\/v2\/tags?post=469624"}],"curies":[{"name":"wp","href":"https:\/\/api.w.org\/{rel}","templated":true}]}}