{"id":469625,"date":"2025-10-17T09:30:17","date_gmt":"2025-10-17T09:30:17","guid":{"rendered":"https:\/\/www.europesays.com\/fr\/469625\/"},"modified":"2025-10-17T09:30:17","modified_gmt":"2025-10-17T09:30:17","slug":"lue-trouve-un-accord-sur-un-projet-de-soutien-a-son-industrie-de-defense","status":"publish","type":"post","link":"https:\/\/www.europesays.com\/fr\/469625\/","title":{"rendered":"L&rsquo;UE trouve un accord sur un projet de soutien \u00e0 son industrie de d\u00e9fense"},"content":{"rendered":"<p>\n    Ce programme, baptis\u00e9 Edip, doit permettre de favoriser le lancement de projets communs en mati\u00e8re de d\u00e9fense sur la p\u00e9riode 2025-2027.<\/p>\n<p class=\"fig-paragraph\">L&rsquo;Union europ\u00e9enne est parvenue jeudi \u00e0 trouver un accord au terme d&rsquo;une longue n\u00e9gociation pour mettre en place un programme d&rsquo;aide \u00e0 l&rsquo;industrie de d\u00e9fense en Europe, a annonc\u00e9 le\u00a0<a href=\"http:\/\/www.lefigaro.fr\/sciences\/objectifs-climatiques-de-l-ue-le-haut-conseil-pour-le-climat-tacle-la-france-20250905\" target=\"_blank\" data-fig-type=\"NewsFlash\" rel=\"noopener\" data-gtm-custom-categorie=\"navigation\" data-gtm-custom-action=\"crossclick\" data-gtm-custom-label=\"Contextuel\" data-gtm-event=\"customEventSPE\" data-fig-domain=\"LEFIGARO\">Conseil de l&rsquo;UE<\/a>. Dot\u00e9 d&rsquo;une enveloppe initiale de 1,5 milliard d&rsquo;euros sous forme de dons, ce programme, baptis\u00e9 Edip, doit permettre de favoriser le lancement de projets communs en mati\u00e8re de d\u00e9fense, sur la p\u00e9riode 2025-2027, selon un communiqu\u00e9. \u00abCet accord constitue une \u00e9tape majeure pour la s\u00e9curit\u00e9 du continent europ\u00e9en et le d\u00e9veloppement de notre industrie de d\u00e9fense\u00bb, s&rsquo;est f\u00e9licit\u00e9 l&rsquo;eurod\u00e9put\u00e9 fran\u00e7ais Fran\u00e7ois-Xavier Bellamy (droite), co-rapporteur du projet au Parlement europ\u00e9en. \u00abL&rsquo;Europe doit enfin \u00eatre capable de se d\u00e9fendre par elle-m\u00eame, et Edip a \u00e9t\u00e9 con\u00e7u pour cela\u00bb, s&rsquo;est f\u00e9licit\u00e9 de son c\u00f4t\u00e9 l&rsquo;autre co-rapporteur, Rapha\u00ebl Glucksmann (gauche).<\/p>\n<p class=\"fig-paragraph\">L&rsquo;accord a \u00e9t\u00e9 trouv\u00e9 apr\u00e8s de laborieuses discussions qui ont longtemps achopp\u00e9 sur la question de la pr\u00e9f\u00e9rence europ\u00e9enne. Certains \u00c9tats membres \u00e9taient favorables \u00e0 une plus grande flexibilit\u00e9 devant permettre \u00e0 ce programme de financer \u00e9galement des investissements en armement hors de l&rsquo;UE, notamment en provenance des \u00c9tats-Unis. Un compromis a finalement \u00e9t\u00e9 trouv\u00e9 qui limite le co\u00fbt des composants fabriqu\u00e9s en dehors de l&rsquo;UE ou dans certains pays partenaires comme la Norv\u00e8ge, \u00e0 35% du co\u00fbt total de l&rsquo;investissement recherch\u00e9. \u00abEdip va renverser la logique d&rsquo;importation qui pr\u00e9valait en Europe pour soutenir concr\u00e8tement le renforcement de notre base industrielle\u00bb, s&rsquo;est encore f\u00e9licit\u00e9 Fran\u00e7ois-Xavier Bellamy.<\/p>\n<p class=\"fig-body-link\">\n<p>        Lire le dossier<br \/>\n        <a class=\"fig-body-link__link\" href=\"http:\/\/www.lefigaro.fr\/conjoncture\/dossier\/la-guerre-economique\" target=\"_blank\" data-fig-type=\"Topic\" rel=\"noopener\" data-gtm-custom-categorie=\"navigation\" data-gtm-custom-action=\"crossclick\" data-gtm-custom-label=\"Contextuel\" data-gtm-event=\"customEventSPE\" data-fig-domain=\"LEFIGARO\">Les 1001 armes de la guerre \u00e9conomique<br \/>\n    <\/a>\n<\/p>\n<p>                                    <a class=\"fig-a11y-skip a11y-hidden\" href=\"#fig-a11y-skip-main-inarticle\"><br \/>\n        Passer la publicit\u00e9<br \/>\n    <\/a><\/p>\n<p>Vers une plus faible d\u00e9pendance\u00a0?<\/p>\n<p class=\"fig-paragraph\">Les achats d&rsquo;armes dans l&rsquo;UE se font \u00e0 plus de 60% en dehors de l&rsquo;Union, essentiellement aux \u00c9tats-Unis, et Bruxelles cherche d\u00e9sormais \u00e0 r\u00e9duire cette d\u00e9pendance \u00e0 45% L&rsquo;Ukraine sera \u00e9galement partie prenante du projet en b\u00e9n\u00e9ficiant de 300 millions d&rsquo;euros au sein de l&rsquo;enveloppe globale. Le Parlement europ\u00e9en, qui r\u00e9clamait davantage de financements pour Edip, a indiqu\u00e9 avoir obtenu que la contribution financi\u00e8re des pays tiers qui participeront au programme, comme la Grande-Bretagne ou le Canada, viendront augmenter le budget initial.<\/p>\n<p class=\"fig-paragraph\">Edip pose aussi pour la premi\u00e8re fois les bases d&rsquo;un cadre juridique qui facilitera investissements et achats en commun dans l&rsquo;UE en mati\u00e8re de d\u00e9fense, une comp\u00e9tence du ressort des seuls \u00c9tats Il vient s&rsquo;ajouter \u00e0 de multiples initiatives d\u00e9j\u00e0 lanc\u00e9es par l&rsquo;UE pour se r\u00e9armer et mieux d\u00e9fendre l&rsquo;Ukraine face \u00e0 la menace russe. La Commission europ\u00e9enne a ainsi d\u00e9voil\u00e9 jeudi les grandes lignes d&rsquo;une \u00abfeuille de route\u00bb devant renforcer la d\u00e9fense de l&rsquo;Europe d&rsquo;ici 2030.<\/p>\n","protected":false},"excerpt":{"rendered":"Ce programme, baptis\u00e9 Edip, doit permettre de favoriser le lancement de projets communs en mati\u00e8re de d\u00e9fense sur&hellip;\n","protected":false},"author":2,"featured_media":469626,"comment_status":"","ping_status":"","sticky":false,"template":"","format":"standard","meta":{"footnotes":""},"categories":[5],"tags":[11,554,1011,27,693,14,12,1778,28],"class_list":{"0":"post-469625","1":"post","2":"type-post","3":"status-publish","4":"format-standard","5":"has-post-thumbnail","7":"category-international","8":"tag-actualites","9":"tag-defense","10":"tag-fr","11":"tag-france","12":"tag-industrie","13":"tag-international","14":"tag-news","15":"tag-ue","16":"tag-world"},"share_on_mastodon":{"url":"https:\/\/pubeurope.com\/@fr\/115388810979949482","error":""},"_links":{"self":[{"href":"https:\/\/www.europesays.com\/fr\/wp-json\/wp\/v2\/posts\/469625","targetHints":{"allow":["GET"]}}],"collection":[{"href":"https:\/\/www.europesays.com\/fr\/wp-json\/wp\/v2\/posts"}],"about":[{"href":"https:\/\/www.europesays.com\/fr\/wp-json\/wp\/v2\/types\/post"}],"author":[{"embeddable":true,"href":"https:\/\/www.europesays.com\/fr\/wp-json\/wp\/v2\/users\/2"}],"replies":[{"embeddable":true,"href":"https:\/\/www.europesays.com\/fr\/wp-json\/wp\/v2\/comments?post=469625"}],"version-history":[{"count":0,"href":"https:\/\/www.europesays.com\/fr\/wp-json\/wp\/v2\/posts\/469625\/revisions"}],"wp:featuredmedia":[{"embeddable":true,"href":"https:\/\/www.europesays.com\/fr\/wp-json\/wp\/v2\/media\/469626"}],"wp:attachment":[{"href":"https:\/\/www.europesays.com\/fr\/wp-json\/wp\/v2\/media?parent=469625"}],"wp:term":[{"taxonomy":"category","embeddable":true,"href":"https:\/\/www.europesays.com\/fr\/wp-json\/wp\/v2\/categories?post=469625"},{"taxonomy":"post_tag","embeddable":true,"href":"https:\/\/www.europesays.com\/fr\/wp-json\/wp\/v2\/tags?post=469625"}],"curies":[{"name":"wp","href":"https:\/\/api.w.org\/{rel}","templated":true}]}}