{"id":469627,"date":"2025-10-17T09:31:10","date_gmt":"2025-10-17T09:31:10","guid":{"rendered":"https:\/\/www.europesays.com\/fr\/469627\/"},"modified":"2025-10-17T09:31:10","modified_gmt":"2025-10-17T09:31:10","slug":"le-corps-dun-homme-decouvert-dans-le-vieux-port-de-marseille","status":"publish","type":"post","link":"https:\/\/www.europesays.com\/fr\/469627\/","title":{"rendered":"Le corps d&rsquo;un homme d\u00e9couvert dans le Vieux-Port de Marseille"},"content":{"rendered":"<p>Il \u00e9tait environ 8h ce matin du vendredi 17\u00a0octobre 2025, lorsqu\u2019un <a href=\"https:\/\/www.laprovence.com\/article\/faits-divers-justice\/3362536904316514\/un-cadavre-decouvert-dans-le-vieux-port-de-marseille-ce-matin\" target=\"_blank\" rel=\"noopener\">corps flottant dans l\u2019eau du Vieux-Port<\/a> de <a href=\"https:\/\/www.laprovence.com\/bouches-du-rhone\/marseille-13055\" target=\"_blank\" rel=\"noopener\">Marseille<\/a> a \u00e9t\u00e9 rep\u00e9r\u00e9 par des agents de la M\u00e9tropole.<\/p>\n<p>Un homme \u00e2g\u00e9 d&rsquo;une trentaine d&rsquo;ann\u00e9es<\/p>\n<p>Aussit\u00f4t les marins-pompiers et les services de police ont \u00e9t\u00e9 avis\u00e9s, le Bataillon d\u00e9p\u00eachant la vedette <a href=\"https:\/\/www.laprovence.com\/article\/edition-marseille\/6939271\/la-bonne-mere-de-marseille-reprend-des-couleurs.html\" target=\"_blank\" rel=\"noopener\">La Bonne-m\u00e8re <\/a>et plusieurs autres embarcations afin de rep\u00eacher le cadavre avec soin pour pr\u00e9server le maximum d\u2019indices et ramener la d\u00e9pouille au niveau du quai de la Fraternit\u00e9 (1er).<\/p>\n<p>La victime, un homme manifestement \u00e2g\u00e9 d\u2019une trentaine d\u2019ann\u00e9es qui n\u2019avait aucun papier sur lui, n\u2019a pas encore pu \u00eatre identifi\u00e9e.<\/p>\n<p>Un officier de police judiciaire devait se rendre sur place avant le transfert du corps \u00e0 l\u2019institut m\u00e9dico-l\u00e9gal afin de d\u00e9terminer les causes de la mort.<\/p>\n","protected":false},"excerpt":{"rendered":"Il \u00e9tait environ 8h ce matin du vendredi 17\u00a0octobre 2025, lorsqu\u2019un corps flottant dans l\u2019eau du Vieux-Port de&hellip;\n","protected":false},"author":2,"featured_media":469628,"comment_status":"","ping_status":"","sticky":false,"template":"","format":"standard","meta":{"footnotes":""},"categories":[4],"tags":[17,11,1102,6725,2837,1446,13916,274,1011,27,4933,884,12,25,1179],"class_list":{"0":"post-469627","1":"post","2":"type-post","3":"status-publish","4":"format-standard","5":"has-post-thumbnail","7":"category-france","8":"tag-17","9":"tag-actualites","10":"tag-breakingnews","11":"tag-corps","12":"tag-dun","13":"tag-dans","14":"tag-decouvert","15":"tag-faits-divers-justice","16":"tag-fr","17":"tag-france","18":"tag-homme","19":"tag-marseille","20":"tag-news","21":"tag-republique-francaise","22":"tag-vieux-port"},"share_on_mastodon":{"url":"https:\/\/pubeurope.com\/@fr\/115388814812563949","error":""},"_links":{"self":[{"href":"https:\/\/www.europesays.com\/fr\/wp-json\/wp\/v2\/posts\/469627","targetHints":{"allow":["GET"]}}],"collection":[{"href":"https:\/\/www.europesays.com\/fr\/wp-json\/wp\/v2\/posts"}],"about":[{"href":"https:\/\/www.europesays.com\/fr\/wp-json\/wp\/v2\/types\/post"}],"author":[{"embeddable":true,"href":"https:\/\/www.europesays.com\/fr\/wp-json\/wp\/v2\/users\/2"}],"replies":[{"embeddable":true,"href":"https:\/\/www.europesays.com\/fr\/wp-json\/wp\/v2\/comments?post=469627"}],"version-history":[{"count":0,"href":"https:\/\/www.europesays.com\/fr\/wp-json\/wp\/v2\/posts\/469627\/revisions"}],"wp:featuredmedia":[{"embeddable":true,"href":"https:\/\/www.europesays.com\/fr\/wp-json\/wp\/v2\/media\/469628"}],"wp:attachment":[{"href":"https:\/\/www.europesays.com\/fr\/wp-json\/wp\/v2\/media?parent=469627"}],"wp:term":[{"taxonomy":"category","embeddable":true,"href":"https:\/\/www.europesays.com\/fr\/wp-json\/wp\/v2\/categories?post=469627"},{"taxonomy":"post_tag","embeddable":true,"href":"https:\/\/www.europesays.com\/fr\/wp-json\/wp\/v2\/tags?post=469627"}],"curies":[{"name":"wp","href":"https:\/\/api.w.org\/{rel}","templated":true}]}}