{"id":469638,"date":"2025-10-17T09:37:16","date_gmt":"2025-10-17T09:37:16","guid":{"rendered":"https:\/\/www.europesays.com\/fr\/469638\/"},"modified":"2025-10-17T09:37:16","modified_gmt":"2025-10-17T09:37:16","slug":"la-valette-du-var-les-magnolias-un-modele-dinclusion-des-la-petite-enfance","status":"publish","type":"post","link":"https:\/\/www.europesays.com\/fr\/469638\/","title":{"rendered":"La Valette-du-Var : Les Magnolias, un mod\u00e8le d\u2019inclusion d\u00e8s la petite enfance"},"content":{"rendered":"<p>\t\t\t\t\t\t\t\tUne d\u00e9marche inclusive soutenue par la CAF du Var<\/p>\n<p data-start=\"600\" data-end=\"1140\">Vendredi 10 octobre 2025, INFO83 s\u2019est rendu au <strong data-start=\"643\" data-end=\"674\">multi-accueil Les Magnolias<\/strong> \u00e0 La Valette-du-Var. Cette structure municipale est pionni\u00e8re dans l\u2019accueil inclusif des jeunes enfants. La Ville, r\u00e9f\u00e9rente sur la question de l\u2019inclusion, a b\u00e9n\u00e9fici\u00e9 d\u2019un <strong data-start=\"844\" data-end=\"879\">audit financ\u00e9 par la CAF du Var<\/strong> pour \u00e9laborer un support. Ce support recense les outils \u00e0 disposition des professionnels. Objectif : aider les agents municipaux \u00e0 <strong data-start=\"1001\" data-end=\"1039\">anticiper les situations complexes<\/strong>. Aussi, mieux \u00e9valuer les besoins sp\u00e9cifiques et accompagner les familles avec justesse et bienveillance.<\/p>\n<p data-start=\"1142\" data-end=\"1487\">Cette initiative s\u2019inscrit dans la continuit\u00e9 du <strong data-start=\"1191\" data-end=\"1236\">\u201cGuide Petite Enfance Inclusion Handicap\u201d<\/strong>, publi\u00e9 par la CAF. Ce guide offre aux structures d\u2019accueil des ressources pour adapter leurs pratiques. Il valorise l\u2019id\u00e9e que chaque enfant, quel que soit son parcours, doit pouvoir trouver sa place dans un environnement stimulant et s\u00e9curis\u00e9.<\/p>\n<p><img fetchpriority=\"high\" decoding=\"async\" class=\" wp-image-56538\" src=\"https:\/\/www.europesays.com\/fr\/wp-content\/uploads\/2025\/10\/inclusion_2-300x169.jpg\" alt=\"inclusion petite enfance\" width=\"614\" height=\"346\"  \/>\u00c0 l\u2019int\u00e9rieur d\u2019une salle sensorielle, pour les enfants ayant besoin de calme.<br \/>\nUne visite au c\u0153ur d\u2019un lieu pens\u00e9 pour tous les enfants<\/p>\n<p data-start=\"1557\" data-end=\"1978\">Lors de la visite des <strong data-start=\"1579\" data-end=\"1592\">Magnolias<\/strong>, INFO83 a pu d\u00e9couvrir des am\u00e9nagements concrets inspir\u00e9s des recommandations de l\u2019audit. Parmi eux : une <strong data-start=\"1773\" data-end=\"1819\">salle sensorielle plong\u00e9e dans la p\u00e9nombre<\/strong>, \u00e9clair\u00e9e uniquement par des <strong data-start=\"1849\" data-end=\"1891\">n\u00e9ons violets mis \u00e0 disposition des enfants<\/strong>. Cette salle est destin\u00e9e \u00e0 apaiser les enfants en qu\u00eate de calme ou en situation de surstimulation.<\/p>\n<p data-start=\"1980\" data-end=\"2393\">Les espaces ext\u00e9rieurs t\u00e9moignent eux aussi d\u2019une r\u00e9flexion globale sur le bien-\u00eatre. Les infrastructures incluent un <strong data-start=\"2067\" data-end=\"2089\">parcours sensoriel<\/strong>, un <strong data-start=\"2091\" data-end=\"2113\">jardin p\u00e9dagogique<\/strong>, des zones de motricit\u00e9 douce et des coins de repos. Ils participent \u00e0 une p\u00e9dagogie ax\u00e9e sur l\u2019exploration, la s\u00e9r\u00e9nit\u00e9 et la d\u00e9couverte. Les \u00e9quipes, form\u00e9es \u00e0 la d\u00e9tection pr\u00e9coce des besoins sp\u00e9cifiques, travaillent main dans la main avec les familles et les partenaires m\u00e9dico-sociaux.<\/p>\n<p><img loading=\"lazy\" decoding=\"async\" class=\" wp-image-56539\" src=\"https:\/\/www.europesays.com\/fr\/wp-content\/uploads\/2025\/10\/inclusion_1-300x169.jpg\" alt=\"\" width=\"623\" height=\"351\"  \/>Les Magnolias sont un exemple des mesures prises par la commune pour l\u2019inclusion dans le milieu de la petite enfance.<br \/>\nL\u2019inclusion comme fil rouge du service public<\/p>\n<p data-start=\"2452\" data-end=\"2780\">Au-del\u00e0 du b\u00e2timent, c\u2019est une <strong data-start=\"2483\" data-end=\"2519\">culture professionnelle partag\u00e9e<\/strong> qui se construit \u00e0 La Valette-du-Var. Il s\u2019agit de l\u2019attention port\u00e9e \u00e0 chacun. En s\u2019appuyant sur des outils concrets, des formations continues et un accompagnement institutionnel fort, la Ville confirme son r\u00f4le de <strong data-start=\"2733\" data-end=\"2777\">territoire pilote en mati\u00e8re d\u2019inclusion<\/strong>.<\/p>\n<blockquote>\n<p data-start=\"2782\" data-end=\"3137\">Le <strong data-start=\"2785\" data-end=\"2836\">livret de rep\u00e9rage professionnel Petite Enfance<\/strong>, \u00e9labor\u00e9 \u00e0 partir de l\u2019audit, sert d\u00e9sormais de r\u00e9f\u00e9rence.<\/p>\n<\/blockquote>\n<p data-start=\"2782\" data-end=\"3137\">Il guide les agents dans leurs observations et leurs \u00e9changes avec les familles. Cette approche pragmatique et humaine refl\u00e8te la volont\u00e9 municipale d\u2019agir d\u00e8s les premiers \u00e2ges pour b\u00e2tir une soci\u00e9t\u00e9 plus inclusive \u2014 \u00e0 hauteur d\u2019enfant.<\/p>\n<p>A lire aussi :<br \/>\n<a href=\"https:\/\/www.info83.fr\/la-valette-du-var-inaugure-la-mairie-annexe-de-la-coupiane-des-services-de-proximite-au-coeur-du-quartier\/\" target=\"_blank\" rel=\"noopener\">La Valette-du-Var inaugure la mairie annexe de La Coupiane : des services de proximit\u00e9 au c\u0153ur du quartier<\/a><\/p>\n<p><strong><img decoding=\"async\" class=\"emoji\" role=\"img\" draggable=\"false\" src=\"https:\/\/s.w.org\/images\/core\/emoji\/13.1.0\/svg\/1f538.svg\" alt=\"\ud83d\udd38\" data-pin-no-hover=\"true\"\/>Info83, le Var proche de vous<br \/><\/strong><\/p>\n<p><img decoding=\"async\" class=\"emoji\" role=\"img\" draggable=\"false\" src=\"https:\/\/s.w.org\/images\/core\/emoji\/13.1.0\/svg\/27a1.svg\" alt=\"\u27a1\ufe0f\" data-pin-no-hover=\"true\"\/>\u00a0<a href=\"https:\/\/bit.ly\/2OZZMMK\" target=\"_blank\" rel=\"noopener noreferrer\">Facebook Info83<\/a><\/p>\n<p><img decoding=\"async\" class=\"emoji\" role=\"img\" draggable=\"false\" src=\"https:\/\/s.w.org\/images\/core\/emoji\/13.1.0\/svg\/27a1.svg\" alt=\"\u27a1\ufe0f\" data-pin-no-hover=\"true\"\/>\u00a0<a href=\"https:\/\/bit.ly\/2ONkTC9\" target=\"_blank\" rel=\"noopener noreferrer\">Youtube Info83<\/a><\/p>\n","protected":false},"excerpt":{"rendered":"Une d\u00e9marche inclusive soutenue par la CAF du Var Vendredi 10 octobre 2025, INFO83 s\u2019est rendu au multi-accueil&hellip;\n","protected":false},"author":2,"featured_media":469639,"comment_status":"","ping_status":"","sticky":false,"template":"","format":"standard","meta":{"footnotes":""},"categories":[9619],"tags":[1111,11,59322,59323,1777,674,1011,27,59324,59325,23763,18323,59326,59327,54352,12,59328,882,25,2310],"class_list":{"0":"post-469638","1":"post","2":"type-post","3":"status-publish","4":"format-standard","5":"has-post-thumbnail","7":"category-toulon","8":"tag-actu","9":"tag-actualites","10":"tag-caf83","11":"tag-creche-inclusive","12":"tag-eu","13":"tag-europe","14":"tag-fr","15":"tag-france","16":"tag-guide-inclusion-handicap","17":"tag-inclusion-petite-enfance","18":"tag-info83","19":"tag-la-valette-du-var","20":"tag-les-magnolias","21":"tag-livret-reperage","22":"tag-multi-accueil","23":"tag-news","24":"tag-parcours-sensoriel","25":"tag-provence-alpes-cote-dazur","26":"tag-republique-francaise","27":"tag-toulon"},"share_on_mastodon":{"url":"https:\/\/pubeurope.com\/@fr\/115388838512924439","error":""},"_links":{"self":[{"href":"https:\/\/www.europesays.com\/fr\/wp-json\/wp\/v2\/posts\/469638","targetHints":{"allow":["GET"]}}],"collection":[{"href":"https:\/\/www.europesays.com\/fr\/wp-json\/wp\/v2\/posts"}],"about":[{"href":"https:\/\/www.europesays.com\/fr\/wp-json\/wp\/v2\/types\/post"}],"author":[{"embeddable":true,"href":"https:\/\/www.europesays.com\/fr\/wp-json\/wp\/v2\/users\/2"}],"replies":[{"embeddable":true,"href":"https:\/\/www.europesays.com\/fr\/wp-json\/wp\/v2\/comments?post=469638"}],"version-history":[{"count":0,"href":"https:\/\/www.europesays.com\/fr\/wp-json\/wp\/v2\/posts\/469638\/revisions"}],"wp:featuredmedia":[{"embeddable":true,"href":"https:\/\/www.europesays.com\/fr\/wp-json\/wp\/v2\/media\/469639"}],"wp:attachment":[{"href":"https:\/\/www.europesays.com\/fr\/wp-json\/wp\/v2\/media?parent=469638"}],"wp:term":[{"taxonomy":"category","embeddable":true,"href":"https:\/\/www.europesays.com\/fr\/wp-json\/wp\/v2\/categories?post=469638"},{"taxonomy":"post_tag","embeddable":true,"href":"https:\/\/www.europesays.com\/fr\/wp-json\/wp\/v2\/tags?post=469638"}],"curies":[{"name":"wp","href":"https:\/\/api.w.org\/{rel}","templated":true}]}}