{"id":469644,"date":"2025-10-17T09:40:17","date_gmt":"2025-10-17T09:40:17","guid":{"rendered":"https:\/\/www.europesays.com\/fr\/469644\/"},"modified":"2025-10-17T09:40:17","modified_gmt":"2025-10-17T09:40:17","slug":"a-montpellier-un-plan-anti-pollution-lumineuse-sur-mesure-qui-fait-consensus","status":"publish","type":"post","link":"https:\/\/www.europesays.com\/fr\/469644\/","title":{"rendered":"\u00e0 Montpellier, un plan anti-pollution lumineuse sur mesure qui fait consensus"},"content":{"rendered":"<p>L\u2019horloge affiche 18h50 alors qu\u2019une dizaine de silhouettes se r\u00e9unissent \u00e0 la tomb\u00e9e du jour, place Krasucki. Ce dimanche 12 octobre, au c\u0153ur du quartier Boutonnet \u00e0 Montpellier (H\u00e9rault), les \u00e9lu\u00b7es de la m\u00e9tropole ont invit\u00e9 les riverain\u00b7es pour une \u00abmarche test\u00bb nocturne. Le but\u00a0: avoir un retour d\u2019exp\u00e9rience sur les transformations de l\u2019\u00e9clairage public, et tenter de r\u00e9duire autant que possible la pollution lumineuse dans le secteur.<\/p>\n<p><img fetchpriority=\"high\" decoding=\"async\" width=\"1024\" height=\"683\" src=\"data:image\/svg+xml,%3Csvg%20xmlns=\" http:=\"\" alt=\"\" class=\"wp-image-48546\" data-lazy- data-lazy- data-lazy-src=\"https:\/\/www.europesays.com\/fr\/wp-content\/uploads\/2025\/10\/9043406078_8f67f8be07_o-1-1024x683.jpg\"\/>Depuis 2021, la m\u00e9tropole de Montpellier a repens\u00e9 tout son \u00e9clairage public. \u00a9\u00a0Pedro\u00a0Szekely\/Flickr<\/p>\n<p>\u00c0 19h21, les ampoules s\u2019allument et le cort\u00e8ge commence sa d\u00e9ambulation. \u00abQue pensez-vous de la lumi\u00e8re dans la rue Lakanal\u00a0?\u00bb, demande Bruno Paternot, vice-pr\u00e9sident de Montpellier M\u00e9diterran\u00e9e M\u00e9tropole, d\u00e9l\u00e9gu\u00e9 \u00e0 la qualit\u00e9 de l\u2019environnement visuel. Dans ce quartier r\u00e9sidentiel tranquille, o\u00f9 r\u00e9duire l\u2019\u00e9clairage public est une d\u00e9cision politique tr\u00e8s populaire, les participant\u00b7es plaident pour supprimer certains points lumineux. \u00abEst-ce que les lampadaires pourraient \u00eatre moins hauts\u00a0? Pour \u00e9viter d\u2019\u00e9clairer le parc la nuit et diminuer la lumi\u00e8re subie par les riverains\u00bb, propose Ignacio, un habitant du quartier. Au m\u00eame moment, des chauves-souris sortent des arbres et dansent autour des voitures.<\/p>\n<p>Un halo lumineux \u00e0 100 kilom\u00e8tres \u00e0 la ronde<\/p>\n<p>Ces marches tests font partie d\u2019un projet plus global\u00a0: le \u00abPlan lumi\u00e8re\u00bb, lanc\u00e9 en 2021 dans les 31 communes de l\u2019agglom\u00e9ration de Montpellier (500\u00a0000 habitant\u00b7es au total). Gr\u00e2ce \u00e0 ce document, la m\u00e9tropole a adopt\u00e9 l\u2019une des politiques les plus ambitieuses de l\u2019Hexagone pour r\u00e9duire la pollution lumineuse, laquelle cause des d\u00e9g\u00e2ts immenses sur la biodiversit\u00e9 et la sant\u00e9 humaine. <a href=\"https:\/\/www.ofb.gouv.fr\/sites\/default\/files\/Fichiers\/Ev%C3%A9nements\/RBT\/supports\/12d%C3%A9c_A07_Pollution_lumineuse_Trame_noire.pdf\" rel=\"nofollow noopener\" target=\"_blank\">Comme le rappelle<\/a> l\u2019Office fran\u00e7ais de la biodiversit\u00e9, cela tue chaque ann\u00e9e plusieurs milliards d\u2019insectes en France, en perturbant leur cycle de vie, ce qui contribue \u00e0 l\u2019effondrement de leurs populations.<\/p>\n<p>L\u2019enjeu est d\u2019autant plus important que Montpellier, dont le halo lumineux peut rayonner certaines nuits jusqu\u2019\u00e0 plus de 100 kilom\u00e8tres \u00e0 la ronde, est une ville entour\u00e9e par deux zones \u00e0 la riche biodiversit\u00e9. \u00c0 vol d\u2019oiseau, le Parc national des C\u00e9vennes est \u00e0 60 kilom\u00e8tres au nord, tandis que le Parc naturel r\u00e9gional de Camargue est \u00e0 30 kilom\u00e8tres \u00e0 l\u2019est.<\/p>\n<p>Des millions d\u2019euros d\u2019\u00e9conomies<\/p>\n<p>\u00abIl \u00e9tait urgent d\u2019agir. Entre 2000 et 2020, la pollution lumineuse de Montpellier avait bondi de 30%, car c\u2019est la grande ville fran\u00e7aise avec la plus grande croissance d\u00e9mographique\u00bb, d\u00e9taille Bruno Paternot. M\u00eame s\u2019il est trop t\u00f4t pour \u00e9tudier tous ses b\u00e9n\u00e9fices, le Plan lumi\u00e8re semble avoir permis de stabiliser la situation. \u00abLe seul indicateur d\u2019efficacit\u00e9 que nous pouvons donner, c\u2019est qu\u2019\u00e0 force de supprimer des points lumineux dans l\u2019agglom\u00e9ration et de remplacer toutes les ampoules par des LED, nous consommons aujourd\u2019hui 70% d\u2019\u00e9lectricit\u00e9 en moins pour l\u2019\u00e9clairage public par rapport \u00e0 2021, confie Bruno Paternot. Une \u00e9conomie bienvenue \u00e9tant donn\u00e9 l\u2019explosion du prix de l\u2019\u00e9nergie ces derni\u00e8res ann\u00e9es. \u00c0 l\u2019\u00e9chelle de l\u2019agglom\u00e9ration, on parle de millions d\u2019euros\u00a0\u00e9conomis\u00e9s.\u00bb<\/p>\n<p><img loading=\"lazy\" decoding=\"async\" width=\"1024\" height=\"683\" src=\"data:image\/svg+xml,%3Csvg%20xmlns=\" http:=\"\" alt=\"\" class=\"wp-image-48534\" data-lazy- data-lazy- data-lazy-src=\"https:\/\/www.europesays.com\/fr\/wp-content\/uploads\/2025\/10\/DSC04872.JPG-1024x683.jpg\"\/>Bruno Paternot (au centre) \u00e9coute les recommandations des habitant\u00b7es dans chaque rue. \u00a9\u00a0Josu\u00e9 Toubin-Perre\/Vert<\/p>\n<p>Pour arriver \u00e0 ce r\u00e9sultat, chaque soir d\u00e8s 22 heures, l\u2019intensit\u00e9 de l\u2019\u00e9clairage public baisse de 50% dans toute l\u2019agglom\u00e9ration. Sept axes routiers ne sont plus illumin\u00e9s de 23\u00a0heures \u00e0 6\u00a0heures du matin, et certaines communes de la p\u00e9riph\u00e9rie connaissent aussi une extinction des feux sur la m\u00eame p\u00e9riode. Des actions sp\u00e9cifiques pour chaque quartier, voire pour chaque rue, viennent compl\u00e9ter le tableau.<\/p>\n<p>En quelques ann\u00e9es, la vie nocturne dans la m\u00e9tropole a compl\u00e8tement chang\u00e9 de visage, et les habitant\u00b7es le per\u00e7oivent au quotidien. \u00abJe me suis rendu compte que, dans certaines rues tr\u00e8s passantes du centre-ville, comme la rue Saint-Guihem, l\u2019\u00e9clairage public avait presque totalement disparu, note Jeanne, \u00e9tudiante en histoire qui vit \u00e0 Montpellier depuis 2020. Mais il y a tellement de bars que, au final, la rue reste \u00e9clair\u00e9e.\u00bb Pour Michel, retrait\u00e9 habitant \u00e0 Clapiers, une commune de la m\u00e9tropole qui a d\u00e9cid\u00e9 de couper tout l\u2019\u00e9clairage de nuit d\u00e8s 2019 \u2013 avant m\u00eame le lancement du Plan lumi\u00e8re \u2013, la nuit sans \u00e9clairage est devenue la nouvelle norme\u00a0: \u00abOn s\u2019est vite rendu compte que les phares des voitures suffisaient largement pour se diriger.\u00bb<\/p>\n<p>Une popularit\u00e9 sans \u00e9quivoque<\/p>\n<p>La question de l\u2019acceptation du Plan lumi\u00e8re est surveill\u00e9e de pr\u00e8s \u00e0 Montpellier. Ailleurs en France, des initiatives similaires ont parfois subi de grandes r\u00e9sistances, certain\u00b7es habitant\u00b7es invoquant un sentiment d\u2019ins\u00e9curit\u00e9 renforc\u00e9 par l\u2019obscurit\u00e9. C\u2019est le cas \u00e0 Bordeaux (Gironde), o\u00f9 une p\u00e9tition qui a recueilli plusieurs milliers de signatures a conduit le maire \u00e9cologiste \u00e0 rallumer les lampadaires dans certains quartiers, en 2024. \u00c0 Montpellier, une p\u00e9tition du m\u00eame type existe, mais elle n\u2019a recueilli que 200 signatures.<\/p>\n<p>\u00abQuand on se penche sur la question, on s\u2019aper\u00e7oit que, dans la m\u00e9tropole, r\u00e9duire l\u2019\u00e9clairage public est une mesure politique ultra-consensuelle. C\u2019est m\u00eame surprenant de voir \u00e0 quel point\u00bb, insiste L\u00e9a Tardieu, \u00e9conomiste de l\u2019environnement \u00e0 l\u2019Institut national de recherche pour l\u2019agriculture, l\u2019alimentation et l\u2019environnement (Inrae). D\u00e9j\u00e0, au niveau politique. La version d\u00e9finitive du Plan lumi\u00e8re, fruit de trois ans de n\u00e9gociations, a \u00e9t\u00e9 vot\u00e9e en 2023 et adopt\u00e9e \u00e0 l\u2019unanimit\u00e9 par le Conseil m\u00e9tropolitain, y compris par l\u2019opposition.<\/p>\n<p>\u00c0 Montpellier, o\u00f9 la bataille pour les municipales de mars 2026 fait d\u00e9j\u00e0 rage, les adversaires du maire (Parti socialiste) Micha\u00ebl Delafosse ne se plaignent pas des mesures de r\u00e9duction de la pollution lumineuse. Vert a tent\u00e9 de contacter plusieurs figures de l\u2019opposition, sans obtenir de r\u00e9ponse. La seule critique publique que nous avons pu retrouver \u00e0 ce sujet date de 2021, quand la repr\u00e9sentante du mouvement NousSommes, Alenka Doulain (proche de La France insoumise), plaidait dans le magazine Sans transition\u00a0! pour une approche encore plus radicale. Il \u00e9tait notamment question de l\u2019affichage publicitaire, autre source de pollution lumineuse\u00a0: \u00abOn est surcharg\u00e9s de messages de surconsommation\u00bb, d\u00e9plorait-elle alors.<\/p>\n<p>Le pl\u00e9biscite du Plan lumi\u00e8re a \u00e9t\u00e9 prouv\u00e9 par des travaux scientifiques. En 2021, \u00e0 la demande de l\u2019agglom\u00e9ration montpelli\u00e9raine, la chercheuse L\u00e9a Tardieu et une \u00e9quipe de scientifiques ont sond\u00e9 l\u2019acceptabilit\u00e9 sociale des mesures du plan, quartier par quartier et commune par commune. \u00abPar questionnaire, nous soumettions les diff\u00e9rentes options envisag\u00e9es aux habitants. Par exemple\u00a0: une extinction des lumi\u00e8res de 23 heures \u00e0 6 heures\u00a0; seulement de 1\u00a0heure \u00e0 5\u00a0heures\u00a0; ou pas d\u2019extinction du tout. En moyenne, dans la m\u00e9tropole, 80% des personnes interrog\u00e9es \u00e9taient d\u2019accord avec toutes les propositions, y compris les plus radicales\u00bb, relate la chercheuse.<\/p>\n<p><strong>Savoir s\u2019adapter \u00e0 chaque quartier<\/strong><\/p>\n<p>Seul\u00b7es les habitant\u00b7es des quartiers les plus concern\u00e9s par l\u2019ins\u00e9curit\u00e9, \u00e0 savoir la Mosson et le Pas du Loup, demandaient majoritairement un maintien de l\u2019\u00e9clairage public. \u00abGr\u00e2ce \u00e0 ces donn\u00e9es, on a pu comprendre que, pour ces quartiers, il fallait avoir une approche particuli\u00e8re, t\u00e9moigne l\u2019\u00e9lu Bruno Paternot. Nous avons donc lanc\u00e9 des travaux sp\u00e9ciaux pour y transformer l\u2019\u00e9clairage public, lesquels vont prendre plusieurs ann\u00e9es. Le premier objectif est d\u2019am\u00e9liorer le sentiment de s\u00e9curit\u00e9 et, si possible, de rendre ce dispositif plus \u00e9cologique qu\u2019aujourd\u2019hui.\u00bb Un travail compl\u00e9mentaire men\u00e9 avec des associations de quartier et des organisations contre les discriminations li\u00e9es au genre a permis d\u2019imaginer des solutions sur mesure.<\/p>\n<p>Pour L\u00e9a Tardieu,cette approche quartier par quartier a \u00e9vit\u00e9 des r\u00e9ticences importantes dans la population. \u00abLa m\u00e9tropole a su utiliser les informations scientifiques \u00e0 sa disposition, en se servant notamment des sciences sociales. En tant que chercheurs et chercheuses, on s\u2019est senti tr\u00e8s \u00e9cout\u00e9s. Et le protocole utilis\u00e9 \u00e0 Montpellier est tout \u00e0 fait r\u00e9plicable dans d\u2019autres endroits, urbains comme ruraux\u00bb, insiste-t-elle.<\/p>\n<p>Les administrateurs du Parc national des C\u00e9vennes couvrent de compliments leur voisin un peu trop brillant, qui s\u2019essaie d\u00e9sormais \u00e0 la sobri\u00e9t\u00e9. \u00abDepuis 2018, notre parc a re\u00e7u le label R\u00e9serve internationale de ciel \u00e9toil\u00e9, attribu\u00e9 par l\u2019association am\u00e9ricaine Dark sky international. Montpellier est de loin notre source de pollution lumineuse la plus importante, donc on ne peut que se f\u00e9liciter de la mise en \u0153uvre d\u2019une telle feuille de route. J\u2019esp\u00e8re que d\u2019autres mairies pourront s\u2019en inspirer\u00bb, explique \u00e0 Vert Richard Scherrer, d\u00e9l\u00e9gu\u00e9 territorial au Parc national des C\u00e9vennes. Cela pourrait permettre d\u2019atteindre les objectifs de la Strat\u00e9gie nationale sur la biodiversit\u00e9. Lanc\u00e9e par le gouvernement en 2023, elle pr\u00e9voit d\u2019ici \u00e0 2030 une r\u00e9duction de 50% de la pollution lumineuse sur l\u2019ensemble du territoire fran\u00e7ais par rapport \u00e0 2020.<\/p>\n","protected":false},"excerpt":{"rendered":"L\u2019horloge affiche 18h50 alors qu\u2019une dizaine de silhouettes se r\u00e9unissent \u00e0 la tomb\u00e9e du jour, place Krasucki. Ce&hellip;\n","protected":false},"author":2,"featured_media":469645,"comment_status":"","ping_status":"","sticky":false,"template":"","format":"standard","meta":{"footnotes":""},"categories":[9599],"tags":[1111,11,18203,59329,1777,674,1011,27,7089,2208,12,2680,59330,59331,25],"class_list":{"0":"post-469644","1":"post","2":"type-post","3":"status-publish","4":"format-standard","5":"has-post-thumbnail","7":"category-montpellier","8":"tag-actu","9":"tag-actualites","10":"tag-camargue","11":"tag-cevennes","12":"tag-eu","13":"tag-europe","14":"tag-fr","15":"tag-france","16":"tag-herault","17":"tag-montpellier","18":"tag-news","19":"tag-occitanie","20":"tag-plan-lumiere","21":"tag-pollution-lumineuse","22":"tag-republique-francaise"},"share_on_mastodon":{"url":"https:\/\/pubeurope.com\/@fr\/115388850153925558","error":""},"_links":{"self":[{"href":"https:\/\/www.europesays.com\/fr\/wp-json\/wp\/v2\/posts\/469644","targetHints":{"allow":["GET"]}}],"collection":[{"href":"https:\/\/www.europesays.com\/fr\/wp-json\/wp\/v2\/posts"}],"about":[{"href":"https:\/\/www.europesays.com\/fr\/wp-json\/wp\/v2\/types\/post"}],"author":[{"embeddable":true,"href":"https:\/\/www.europesays.com\/fr\/wp-json\/wp\/v2\/users\/2"}],"replies":[{"embeddable":true,"href":"https:\/\/www.europesays.com\/fr\/wp-json\/wp\/v2\/comments?post=469644"}],"version-history":[{"count":0,"href":"https:\/\/www.europesays.com\/fr\/wp-json\/wp\/v2\/posts\/469644\/revisions"}],"wp:featuredmedia":[{"embeddable":true,"href":"https:\/\/www.europesays.com\/fr\/wp-json\/wp\/v2\/media\/469645"}],"wp:attachment":[{"href":"https:\/\/www.europesays.com\/fr\/wp-json\/wp\/v2\/media?parent=469644"}],"wp:term":[{"taxonomy":"category","embeddable":true,"href":"https:\/\/www.europesays.com\/fr\/wp-json\/wp\/v2\/categories?post=469644"},{"taxonomy":"post_tag","embeddable":true,"href":"https:\/\/www.europesays.com\/fr\/wp-json\/wp\/v2\/tags?post=469644"}],"curies":[{"name":"wp","href":"https:\/\/api.w.org\/{rel}","templated":true}]}}