{"id":469649,"date":"2025-10-17T09:43:09","date_gmt":"2025-10-17T09:43:09","guid":{"rendered":"https:\/\/www.europesays.com\/fr\/469649\/"},"modified":"2025-10-17T09:43:09","modified_gmt":"2025-10-17T09:43:09","slug":"lancienne-elue-ps-de-grenoble-christine-crifo-est-decedee","status":"publish","type":"post","link":"https:\/\/www.europesays.com\/fr\/469649\/","title":{"rendered":"L&rsquo;ancienne \u00e9lue PS de Grenoble Christine Crifo est d\u00e9c\u00e9d\u00e9e"},"content":{"rendered":"<p>Christine Crifo fut conseill\u00e8re municipale, mais aussi conseill\u00e8re d\u00e9partementale de l&rsquo;Is\u00e8re.<\/p>\n<p>\u00ab\u00a0Figure respect\u00e9e de la vie publique locale, elle laisse derri\u00e8re elle un h\u00e9ritage politique et humain marqu\u00e9 par l\u2019engagement, l\u2019\u00e9coute et la fid\u00e9lit\u00e9 aux valeurs socialistes, r\u00e9agit le PS 38 dans un communiqu\u00e9. Conseill\u00e8re g\u00e9n\u00e9rale en 2001, et vice-pr\u00e9sidente du Conseil g\u00e9n\u00e9ral de l\u2019Is\u00e8re en 2004, ainsi que conseill\u00e8re municipale \u00e0 Grenoble, elle s\u2019est rapidement impos\u00e9e comme une voix forte et d\u00e9termin\u00e9e au sein des assembl\u00e9es. Femme de terrain, Christine Crifo avait \u00e0 c\u0153ur de maintenir un lien \u00e9troit avec les habitantes et habitants de son canton. Son \u00e9coute attentive, sa bienveillance et sa capacit\u00e9 \u00e0 f\u00e9d\u00e9rer faisaient d\u2019elle une \u00e9lue particuli\u00e8rement appr\u00e9ci\u00e9e, y compris au-del\u00e0 des clivages partisans. Son d\u00e9c\u00e8s repr\u00e9sente une perte immense pour le d\u00e9partement, pour la ville de Grenoble, ainsi que pour la famille socialiste\u00a0\u00bb.<\/p>\n","protected":false},"excerpt":{"rendered":"Christine Crifo fut conseill\u00e8re municipale, mais aussi conseill\u00e8re d\u00e9partementale de l&rsquo;Is\u00e8re. \u00ab\u00a0Figure respect\u00e9e de la vie publique locale,&hellip;\n","protected":false},"author":2,"featured_media":469650,"comment_status":"","ping_status":"","sticky":false,"template":"","format":"standard","meta":{"footnotes":""},"categories":[9566],"tags":[1111,11,7733,8279,2430,7736,650,7734,2889,2263,1777,674,1011,27,2731,8280,6417,1114,108,4662,12,3725,1825,25,7737],"class_list":{"0":"post-469649","1":"post","2":"type-post","3":"status-publish","4":"format-standard","5":"has-post-thumbnail","7":"category-grenoble","8":"tag-actu","9":"tag-actualites","10":"tag-alpes","11":"tag-alpes1","12":"tag-auvergne-rhone-alpes","13":"tag-cds","14":"tag-cinema","15":"tag-ecoute","16":"tag-emission","17":"tag-equipe","18":"tag-eu","19":"tag-europe","20":"tag-fr","21":"tag-france","22":"tag-grenoble","23":"tag-haute","24":"tag-information","25":"tag-infos","26":"tag-isere","27":"tag-journal","28":"tag-news","29":"tag-podcast","30":"tag-radio","31":"tag-republique-francaise","32":"tag-winamp"},"share_on_mastodon":{"url":"https:\/\/pubeurope.com\/@fr\/115388861971023941","error":""},"_links":{"self":[{"href":"https:\/\/www.europesays.com\/fr\/wp-json\/wp\/v2\/posts\/469649","targetHints":{"allow":["GET"]}}],"collection":[{"href":"https:\/\/www.europesays.com\/fr\/wp-json\/wp\/v2\/posts"}],"about":[{"href":"https:\/\/www.europesays.com\/fr\/wp-json\/wp\/v2\/types\/post"}],"author":[{"embeddable":true,"href":"https:\/\/www.europesays.com\/fr\/wp-json\/wp\/v2\/users\/2"}],"replies":[{"embeddable":true,"href":"https:\/\/www.europesays.com\/fr\/wp-json\/wp\/v2\/comments?post=469649"}],"version-history":[{"count":0,"href":"https:\/\/www.europesays.com\/fr\/wp-json\/wp\/v2\/posts\/469649\/revisions"}],"wp:featuredmedia":[{"embeddable":true,"href":"https:\/\/www.europesays.com\/fr\/wp-json\/wp\/v2\/media\/469650"}],"wp:attachment":[{"href":"https:\/\/www.europesays.com\/fr\/wp-json\/wp\/v2\/media?parent=469649"}],"wp:term":[{"taxonomy":"category","embeddable":true,"href":"https:\/\/www.europesays.com\/fr\/wp-json\/wp\/v2\/categories?post=469649"},{"taxonomy":"post_tag","embeddable":true,"href":"https:\/\/www.europesays.com\/fr\/wp-json\/wp\/v2\/tags?post=469649"}],"curies":[{"name":"wp","href":"https:\/\/api.w.org\/{rel}","templated":true}]}}