{"id":469651,"date":"2025-10-17T09:44:16","date_gmt":"2025-10-17T09:44:16","guid":{"rendered":"https:\/\/www.europesays.com\/fr\/469651\/"},"modified":"2025-10-17T09:44:16","modified_gmt":"2025-10-17T09:44:16","slug":"isere-le-ps-38-annonce-le-deces-de-christine-crifo-ancienne-conseillere-municipale-a-grenoble","status":"publish","type":"post","link":"https:\/\/www.europesays.com\/fr\/469651\/","title":{"rendered":"Is\u00e8re. Le PS 38 annonce le d\u00e9c\u00e8s de Christine Crifo, ancienne conseill\u00e8re municipale \u00e0 Grenoble"},"content":{"rendered":"<p>Le communiqu\u00e9 est arriv\u00e9 ce vendredi matin, et a \u00e9t\u00e9 sign\u00e9 par Damien Perrard, premier secr\u00e9taire f\u00e9d\u00e9ral du PS 38.<\/p>\n<p>\u201cC\u2019est avec une profonde \u00e9motion que nous avons appris le d\u00e9c\u00e8s de Christine Crifo, conseill\u00e8re d\u00e9partementale du canton de Grenoble. Figure respect\u00e9e de la vie publique locale, elle laisse derri\u00e8re elle un h\u00e9ritage politique et humain marqu\u00e9 par l\u2019engagement, l\u2019\u00e9coute et la fid\u00e9lit\u00e9 aux valeurs socialistes. Conseill\u00e8re g\u00e9n\u00e9rale en 2001, et vice-pr\u00e9sidente du Conseil g\u00e9n\u00e9ral de l\u2019Is\u00e8re en 2004, ainsi que conseill\u00e8re municipale \u00e0 Grenoble, elle s\u2019est rapidement impos\u00e9e comme une voix forte et d\u00e9termin\u00e9e au sein des assembl\u00e9es. Femme de terrain, Christine Crifo avait \u00e0 c\u0153ur de maintenir un lien \u00e9troit avec les habitantes et habitants de son canton. Son \u00e9coute attentive, sa bienveillance et sa capacit\u00e9 \u00e0 f\u00e9d\u00e9rer faisaient d\u2019elle une \u00e9lue particuli\u00e8rement appr\u00e9ci\u00e9e, y compris au-del\u00e0 des clivages partisans. Son d\u00e9c\u00e8s repr\u00e9sente une perte immense pour le d\u00e9partement, pour la ville de Grenoble, ainsi que pour la famille socialiste.\u201d<\/p>\n","protected":false},"excerpt":{"rendered":"Le communiqu\u00e9 est arriv\u00e9 ce vendredi matin, et a \u00e9t\u00e9 sign\u00e9 par Damien Perrard, premier secr\u00e9taire f\u00e9d\u00e9ral du&hellip;\n","protected":false},"author":2,"featured_media":469652,"comment_status":"","ping_status":"","sticky":false,"template":"","format":"standard","meta":{"footnotes":""},"categories":[9566],"tags":[1111,11,2430,112,1777,674,1011,27,2731,2732,108,12,3541,316,25],"class_list":{"0":"post-469651","1":"post","2":"type-post","3":"status-publish","4":"format-standard","5":"has-post-thumbnail","7":"category-grenoble","8":"tag-actu","9":"tag-actualites","10":"tag-auvergne-rhone-alpes","11":"tag-edition-grenoble-agglomeration","12":"tag-eu","13":"tag-europe","14":"tag-fr","15":"tag-france","16":"tag-grenoble","17":"tag-grenoble-bassin","18":"tag-isere","19":"tag-news","20":"tag-parti-socialiste","21":"tag-politique","22":"tag-republique-francaise"},"share_on_mastodon":{"url":"https:\/\/pubeurope.com\/@fr\/115388865878881756","error":""},"_links":{"self":[{"href":"https:\/\/www.europesays.com\/fr\/wp-json\/wp\/v2\/posts\/469651","targetHints":{"allow":["GET"]}}],"collection":[{"href":"https:\/\/www.europesays.com\/fr\/wp-json\/wp\/v2\/posts"}],"about":[{"href":"https:\/\/www.europesays.com\/fr\/wp-json\/wp\/v2\/types\/post"}],"author":[{"embeddable":true,"href":"https:\/\/www.europesays.com\/fr\/wp-json\/wp\/v2\/users\/2"}],"replies":[{"embeddable":true,"href":"https:\/\/www.europesays.com\/fr\/wp-json\/wp\/v2\/comments?post=469651"}],"version-history":[{"count":0,"href":"https:\/\/www.europesays.com\/fr\/wp-json\/wp\/v2\/posts\/469651\/revisions"}],"wp:featuredmedia":[{"embeddable":true,"href":"https:\/\/www.europesays.com\/fr\/wp-json\/wp\/v2\/media\/469652"}],"wp:attachment":[{"href":"https:\/\/www.europesays.com\/fr\/wp-json\/wp\/v2\/media?parent=469651"}],"wp:term":[{"taxonomy":"category","embeddable":true,"href":"https:\/\/www.europesays.com\/fr\/wp-json\/wp\/v2\/categories?post=469651"},{"taxonomy":"post_tag","embeddable":true,"href":"https:\/\/www.europesays.com\/fr\/wp-json\/wp\/v2\/tags?post=469651"}],"curies":[{"name":"wp","href":"https:\/\/api.w.org\/{rel}","templated":true}]}}