{"id":469655,"date":"2025-10-17T09:46:13","date_gmt":"2025-10-17T09:46:13","guid":{"rendered":"https:\/\/www.europesays.com\/fr\/469655\/"},"modified":"2025-10-17T09:46:13","modified_gmt":"2025-10-17T09:46:13","slug":"retrouve-coince-sous-une-voiture-un-cycliste-percute-dans-le-centre-ville-de-rennes","status":"publish","type":"post","link":"https:\/\/www.europesays.com\/fr\/469655\/","title":{"rendered":"Retrouv\u00e9 \u00ab\u00a0coinc\u00e9\u00a0\u00bb sous une voiture, un cycliste percut\u00e9 dans le centre-ville de Rennes"},"content":{"rendered":"<p>            Par<br \/>\n        <strong><br \/>\n            <a href=\"https:\/\/actu.fr\/auteur\/laurene-fertin\" title=\"Consulter tous les articles de Laur\u00e8ne Fertin\" rel=\"nofollow noopener\" target=\"_blank\">Laur\u00e8ne Fertin<\/a><br \/>\n        <\/strong><\/p>\n<p>        Publi\u00e9 le<\/p>\n<p>            17 oct. 2025 \u00e0 11h18        <\/p>\n<p><strong>Grosse frayeur<\/strong> au niveau du pont de Nantes, \u00e0 Rennes. Aux alentours de <strong>10h40,<\/strong> jeudi 16\u00a0octobre 2025, <strong>un cycliste<\/strong> s\u2019est retrouv\u00e9<strong> \u00ab\u2009coinc\u00e9\u2009\u00bb <\/strong><b>sous <\/b><strong>un v\u00e9hicule.<\/strong><\/p>\n<p class=\" wall-content\">Alors que le <strong>SUV<\/strong>, provenant du boulevard Georges-Pompidou, s\u2019engageait sur le boulevard de Gu\u00eenes en tournant \u00e0 gauche \u2013 ce qui est interdit \u2013 il a <strong>percut\u00e9<\/strong> un homme d\u2019une trentaine d\u2019ann\u00e9es. Ce dernier, \u00e0 v\u00e9lo, arrivait du boulevard de la Tour d\u2019Auvergne, confirme la police, selon une information de <a href=\"https:\/\/www.rennes-infos-autrement.fr\/un-cycliste-passe-sous-une-voiture-au-pont-de-nantes\/\" rel=\"nofollow noopener\" target=\"_blank\">Rennes info autrement<\/a>.<\/p>\n<p>Pompiers, police et SAMU sur place<\/p>\n<p class=\" wall-content\">Par chance, une patrouille de <strong>police,<\/strong> qui \u00e9tait dans le secteur, <strong>a pu intervenir rapidement<\/strong> sur les lieux. <strong>Pompiers<\/strong> et <strong>SAMU<\/strong> \u00e9taient \u00e9galement sur place.<\/p>\n<p class=\" wall-content\"><strong>Sans blessure<\/strong> et <strong>conscient, <\/strong>mais tout de m\u00eame <strong>choqu\u00e9<\/strong> le cycliste a \u00e9t\u00e9 transf\u00e9r\u00e9 \u00e0 l\u2019h\u00f4pital au CHU de Pontchaillou pour des examens.<\/p>\n<p class=\" wall-content\">Personnalisez votre actualit\u00e9 en ajoutant vos villes et m\u00e9dias en favori avec <a href=\"https:\/\/moncompte.actu.fr\" title=\"D\u00e9couvez Mon Actu\" rel=\"nofollow noopener\" data-trk=\"{&quot;cta&quot;:{&quot;action&quot;:&quot;https:\\\/\\\/moncompte.actu.fr&quot;,&quot;category&quot;:&quot;mon compte&quot;,&quot;from&quot;:&quot;article footer&quot;,&quot;name&quot;:&quot;Mon actu&quot;,&quot;type&quot;:&quot;cta&quot;}}\" target=\"_blank\">Mon Actu<\/a>.<\/p>\n","protected":false},"excerpt":{"rendered":"Par Laur\u00e8ne Fertin Publi\u00e9 le 17 oct. 2025 \u00e0 11h18 Grosse frayeur au niveau du pont de Nantes,&hellip;\n","protected":false},"author":2,"featured_media":469656,"comment_status":"","ping_status":"","sticky":false,"template":"","format":"standard","meta":{"footnotes":""},"categories":[2821],"tags":[1111,11,829,1777,674,118,1011,27,12,1072,1311,584,25],"class_list":{"0":"post-469655","1":"post","2":"type-post","3":"status-publish","4":"format-standard","5":"has-post-thumbnail","7":"category-rennes","8":"tag-actu","9":"tag-actualites","10":"tag-bretagne","11":"tag-eu","12":"tag-europe","13":"tag-faits-divers","14":"tag-fr","15":"tag-france","16":"tag-news","17":"tag-police","18":"tag-pompiers","19":"tag-rennes","20":"tag-republique-francaise"},"share_on_mastodon":{"url":"https:\/\/pubeurope.com\/@fr\/115388873775641815","error":""},"_links":{"self":[{"href":"https:\/\/www.europesays.com\/fr\/wp-json\/wp\/v2\/posts\/469655","targetHints":{"allow":["GET"]}}],"collection":[{"href":"https:\/\/www.europesays.com\/fr\/wp-json\/wp\/v2\/posts"}],"about":[{"href":"https:\/\/www.europesays.com\/fr\/wp-json\/wp\/v2\/types\/post"}],"author":[{"embeddable":true,"href":"https:\/\/www.europesays.com\/fr\/wp-json\/wp\/v2\/users\/2"}],"replies":[{"embeddable":true,"href":"https:\/\/www.europesays.com\/fr\/wp-json\/wp\/v2\/comments?post=469655"}],"version-history":[{"count":0,"href":"https:\/\/www.europesays.com\/fr\/wp-json\/wp\/v2\/posts\/469655\/revisions"}],"wp:featuredmedia":[{"embeddable":true,"href":"https:\/\/www.europesays.com\/fr\/wp-json\/wp\/v2\/media\/469656"}],"wp:attachment":[{"href":"https:\/\/www.europesays.com\/fr\/wp-json\/wp\/v2\/media?parent=469655"}],"wp:term":[{"taxonomy":"category","embeddable":true,"href":"https:\/\/www.europesays.com\/fr\/wp-json\/wp\/v2\/categories?post=469655"},{"taxonomy":"post_tag","embeddable":true,"href":"https:\/\/www.europesays.com\/fr\/wp-json\/wp\/v2\/tags?post=469655"}],"curies":[{"name":"wp","href":"https:\/\/api.w.org\/{rel}","templated":true}]}}