{"id":469675,"date":"2025-10-17T09:57:21","date_gmt":"2025-10-17T09:57:21","guid":{"rendered":"https:\/\/www.europesays.com\/fr\/469675\/"},"modified":"2025-10-17T09:57:21","modified_gmt":"2025-10-17T09:57:21","slug":"derriere-le-salaire-faramineux-des-ex%e2%80%90directeurs-de-noreade-une-gestion-opaque-et-un-president-omnipotent","status":"publish","type":"post","link":"https:\/\/www.europesays.com\/fr\/469675\/","title":{"rendered":"Derri\u00e8re le salaire faramineux des ex\u2010directeurs de Nor\u00e9ade, une gestion opaque et un pr\u00e9sident omnipotent"},"content":{"rendered":"<p>Pendant au moins six ans, le directeur g\u00e9n\u00e9ral historique de la r\u00e9gie Nor\u00e9ade, mastodonte de la gestion de l\u2019eau en France, a touch\u00e9 pr\u00e8s de 14 000 euros net par mois. C\u2019est la r\u00e9v\u00e9lation surprenante que fait la <a href=\"https:\/\/www.ccomptes.fr\/sites\/default\/files\/2023-10\/HFR201946-1.pdf\" target=\"_blank\" rel=\"noopener nofollow\">Chambre r\u00e9gionale des comptes<\/a> (CRC) en 2019. Cr\u00e9\u00e9e il y a 75 ans, la puissante r\u00e9gie publique s\u2019occupe de l\u2019assainissement, de la production et de la distribution de l\u2019eau potable pour le compte de 740 communes du Nord, du Pas\u2010de\u2010Calais et de l\u2019Aisne. Un statut qui l\u2019emp\u00eache de servir des r\u00e9mun\u00e9rations aussi \u00e9lev\u00e9es \u00e0 son directeur g\u00e9n\u00e9ral.<\/p>\n<p>Alors que Bernard Poyet est sur le point de prendre sa retraite, apr\u00e8s quarante\u2010quatre ans de service au sein du syndicat, dont quatorze ans \u00e0 ce poste, les magistrats d\u00e9couvrent une situation hors\u2010norme\u00a0: la r\u00e9mun\u00e9ration de l\u2019ancien directeur s\u2019\u00e9levait en 2017 \u00e0 198 546 euros brut annuels. Et m\u00eame \u00e0 203 236 euros, avec les avantages en nature. \u00ab\u202fCette situation particuli\u00e8rement g\u00e9n\u00e9reuse r\u00e9sulte de modalit\u00e9s d\u2019emploi qui ne respectent pas le cadre r\u00e9glementaire applicable et exon\u00e8rent sur certains points des stipulations de l\u2019accord d\u2019entreprise\u202f\u00bb, pr\u00e9cisent\u2010ils.<\/p>\n<p>\u00ab [Le salaire] du directeur g\u00e9n\u00e9ral \u00e9chappe \u00e0 toute comparaison, d\u00e9passant les plus hautes r\u00e9mun\u00e9rations de fonctionnaires de l\u2019Etat\u202f\u00bb, s\u2019\u00e9tonnent les magistrats. Bernard Poyet gagne alors en effet autant qu\u2019un <a href=\"https:\/\/www.notretemps.com\/actualites\/societe\/le-bulletin-de-paie-d-emmanuel-macron-devoile-voici-tous-les-details-du-salaire-du-president-91903\" target=\"_blank\" rel=\"noopener nofollow\">Pr\u00e9sident de la R\u00e9publique<\/a>. Et encore, sans compter les bonus. En 2010 et en 2013, des modifications de son contrat de travail lui permettent de percevoir deux primes suppl\u00e9mentaires allant jusqu\u2019\u00e0 28 000 euros par an. L\u00e0 encore sans fondement juridique.<\/p>\n<p>Nous vous offrons l\u2019acc\u00e8s \u00e0 cet article<\/p>\n<p>Et \u00e0 toutes nos enqu\u00eates pendant deux jours\u00a0\u00a0! <br \/>Oui, on est g\u00e9n\u00e9reux \ud83d\ude09 Mais pensez aussi \u00e0 <a href=\"https:\/\/www.mediacites.fr\/sabonner\/\" target=\"_blank\" style=\"color:#fff\" rel=\"nofollow noopener\">vous abonner<\/a>\u00a0\u00a0!<\/p>\n<p>\t\tEn renseignant votre adresse, vous acceptez nos <a href=\"https:\/\/www.mediacites.fr\/conditions-generales-d-utilisation\/\" target=\"_blank\" rel=\"nofollow noopener\">conditions g\u00e9n\u00e9rales d\u2019utilisation<\/a>. <br \/>Mediacit\u00e9s s\u2019engage \u00e0 ne pas c\u00e9der votre adresse \u00e0 des tiers. En cas d\u2019\u00e9chec, \u00e9crivez \u00e0 <a href=\"https:\/\/www.mediacites.fr\/enquete\/lille\/2025\/10\/16\/derriere-le-salaire-faramineux-des-ex-directeurs-de-noreade-une-gestion-opaque-et-un-president-omnipotent\/mailto:contact@mediacites.fr\" rel=\"nofollow noopener\" target=\"_blank\">contact@mediacites.fr<\/a><\/p>\n<ul>\n<li>J\u2019acc\u00e8de aux 4 \u00e9ditions de Mediacit\u00e9s (Lille, Lyon, Nantes et Toulouse)<\/li>\n<li>Je d\u00e9couvre un m\u00e9dia 100 % ind\u00e9pendant, avec 0 % de publicit\u00e9<\/li>\n<\/ul>\n<p>Envie de lire la\u00a0suite\u202f?<\/p>\n<p>Depuis neuf ans, Mediacit\u00e9s enqu\u00eate en toute ind\u00e9pendance dans votre ville. Gr\u00e2ce \u00e0 ses lecteurs\u202f! Abonnez\u2010vous pour ne rien manquer de nos enqu\u00eates, suivre les \u00e9lections municipales et soutenir un journal local d\u2019investigation.<\/p>\n<ul>\n<li>Acc\u00e8s aux 4 \u00e9ditions de Mediacit\u00e9s (Lille, Lyon, Nantes et Toulouse)<\/li>\n<li>100 % ind\u00e9pendant, avec 0 % de publicit\u00e9<\/li>\n<li>R\u00e9siliation facile \u00e0 tout moment<\/li>\n<\/ul>\n<p>Mediacit\u00e9s offre l\u2019acc\u00e8s \u00e0 cet article aux lecteurs de News2Com<\/p>\n<p>Et \u00e0 toutes nos enqu\u00eates pendant deux jours\u00a0\u00a0! <br \/>Oui, on est g\u00e9n\u00e9reux \ud83d\ude09 Mais pensez aussi \u00e0 <a href=\"https:\/\/www.mediacites.fr\/sabonner\/\" target=\"_blank\" style=\"color:#fff\" rel=\"nofollow noopener\">vous abonner<\/a>\u00a0\u00a0!<\/p>\n<p>\t\tEn renseignant votre adresse, vous acceptez nos <a href=\"https:\/\/www.mediacites.fr\/conditions-generales-d-utilisation\/\" target=\"_blank\" rel=\"nofollow noopener\">conditions g\u00e9n\u00e9rales d\u2019utilisation<\/a>. <br \/>Mediacit\u00e9s s\u2019engage \u00e0 ne pas c\u00e9der votre adresse \u00e0 des tiers. En cas d\u2019\u00e9chec, \u00e9crivez \u00e0 <a href=\"https:\/\/www.mediacites.fr\/enquete\/lille\/2025\/10\/16\/derriere-le-salaire-faramineux-des-ex-directeurs-de-noreade-une-gestion-opaque-et-un-president-omnipotent\/mailto:contact@mediacites.fr\" rel=\"nofollow noopener\" target=\"_blank\">contact@mediacites.fr<\/a><\/p>\n<ul>\n<li>J\u2019acc\u00e8de aux 4 \u00e9ditions de Mediacit\u00e9s (Lille, Lyon, Nantes et Toulouse)<\/li>\n<li>Je d\u00e9couvre un m\u00e9dia 100 % ind\u00e9pendant, avec 0 % de publicit\u00e9<\/li>\n<\/ul>\n","protected":false},"excerpt":{"rendered":"Pendant au moins six ans, le directeur g\u00e9n\u00e9ral historique de la r\u00e9gie Nor\u00e9ade, mastodonte de la gestion de&hellip;\n","protected":false},"author":2,"featured_media":469676,"comment_status":"","ping_status":"","sticky":false,"template":"","format":"standard","meta":{"footnotes":""},"categories":[2815],"tags":[1111,11,59332,4858,1067,1777,674,1011,27,811,1307,59333,12,59307,59334,25,14099],"class_list":{"0":"post-469675","1":"post","2":"type-post","3":"status-publish","4":"format-standard","5":"has-post-thumbnail","7":"category-lille","8":"tag-actu","9":"tag-actualites","10":"tag-bernard-poyet","11":"tag-eau","12":"tag-enquete","13":"tag-eu","14":"tag-europe","15":"tag-fr","16":"tag-france","17":"tag-hauts-de-france","18":"tag-lille","19":"tag-marcus-agbekodo","20":"tag-news","21":"tag-noreade","22":"tag-paul-raoult","23":"tag-republique-francaise","24":"tag-salaire"},"share_on_mastodon":{"url":"https:\/\/pubeurope.com\/@fr\/115388916997789898","error":""},"_links":{"self":[{"href":"https:\/\/www.europesays.com\/fr\/wp-json\/wp\/v2\/posts\/469675","targetHints":{"allow":["GET"]}}],"collection":[{"href":"https:\/\/www.europesays.com\/fr\/wp-json\/wp\/v2\/posts"}],"about":[{"href":"https:\/\/www.europesays.com\/fr\/wp-json\/wp\/v2\/types\/post"}],"author":[{"embeddable":true,"href":"https:\/\/www.europesays.com\/fr\/wp-json\/wp\/v2\/users\/2"}],"replies":[{"embeddable":true,"href":"https:\/\/www.europesays.com\/fr\/wp-json\/wp\/v2\/comments?post=469675"}],"version-history":[{"count":0,"href":"https:\/\/www.europesays.com\/fr\/wp-json\/wp\/v2\/posts\/469675\/revisions"}],"wp:featuredmedia":[{"embeddable":true,"href":"https:\/\/www.europesays.com\/fr\/wp-json\/wp\/v2\/media\/469676"}],"wp:attachment":[{"href":"https:\/\/www.europesays.com\/fr\/wp-json\/wp\/v2\/media?parent=469675"}],"wp:term":[{"taxonomy":"category","embeddable":true,"href":"https:\/\/www.europesays.com\/fr\/wp-json\/wp\/v2\/categories?post=469675"},{"taxonomy":"post_tag","embeddable":true,"href":"https:\/\/www.europesays.com\/fr\/wp-json\/wp\/v2\/tags?post=469675"}],"curies":[{"name":"wp","href":"https:\/\/api.w.org\/{rel}","templated":true}]}}