{"id":469677,"date":"2025-10-17T09:58:17","date_gmt":"2025-10-17T09:58:17","guid":{"rendered":"https:\/\/www.europesays.com\/fr\/469677\/"},"modified":"2025-10-17T09:58:17","modified_gmt":"2025-10-17T09:58:17","slug":"les-bleuets-joueront-a-la-rochelle-et-lille","status":"publish","type":"post","link":"https:\/\/www.europesays.com\/fr\/469677\/","title":{"rendered":"les Bleuets joueront \u00e0 La Rochelle et Lille"},"content":{"rendered":"<p>\n    Le calendrier du Tournoi des six nations 2025 des moins de 20 ans a \u00e9t\u00e9 d\u00e9voil\u00e9. Les tenants du titre fran\u00e7ais recevront l\u2019Italie et \u00e0 Lille et l\u2019Angleterre \u00e0 La Rochelle.<\/p>\n<p class=\"fig-paragraph\">Vainqueurs du dernier Tournoi des Six Nations, les Bleuets connaissent leur calendrier pour l\u2019\u00e9dition 2026. Les joueurs de C\u00e9dric Laborde d\u00e9buteront \u00e0 domicile pour un choc d\u2019entr\u00e9e face \u00e0 l\u2019Irlande, le 7 f\u00e9vrier, dans un stade \u00e0 confirmer.<\/p>\n<p class=\"fig-paragraph\">La semaine suivante, les jeunes Fran\u00e7ais se d\u00e9placeront au pays de Galles (14 f\u00e9vrier) avant de retrouver le public fran\u00e7ais pour la rencontre face \u00e0 l\u2019Italie, le 21 f\u00e9vrier au stade Pierre-Mauroy de Lille.<\/p>\n<p>                                    <a class=\"fig-a11y-skip a11y-hidden\" href=\"#fig-a11y-skip-main-inarticle\"><br \/>\n        Passer la publicit\u00e9<br \/>\n    <\/a><\/p>\n<p class=\"fig-paragraph\">D\u00e9placement en \u00c9cosse le 6 mars, avant de conclure le Tournoi face \u00e0 au rival anglais, le 15 mars \u00e0 La Rochelle.<\/p>\n","protected":false},"excerpt":{"rendered":"Le calendrier du Tournoi des six nations 2025 des moins de 20 ans a \u00e9t\u00e9 d\u00e9voil\u00e9. Les tenants&hellip;\n","protected":false},"author":2,"featured_media":469678,"comment_status":"","ping_status":"","sticky":false,"template":"","format":"standard","meta":{"footnotes":""},"categories":[2815],"tags":[1111,11,1777,674,1011,27,811,2217,1307,12,25,513],"class_list":{"0":"post-469677","1":"post","2":"type-post","3":"status-publish","4":"format-standard","5":"has-post-thumbnail","7":"category-lille","8":"tag-actu","9":"tag-actualites","10":"tag-eu","11":"tag-europe","12":"tag-fr","13":"tag-france","14":"tag-hauts-de-france","15":"tag-la-rochelle","16":"tag-lille","17":"tag-news","18":"tag-republique-francaise","19":"tag-xv-de-france"},"share_on_mastodon":{"url":"https:\/\/pubeurope.com\/@fr\/115388921182913932","error":""},"_links":{"self":[{"href":"https:\/\/www.europesays.com\/fr\/wp-json\/wp\/v2\/posts\/469677","targetHints":{"allow":["GET"]}}],"collection":[{"href":"https:\/\/www.europesays.com\/fr\/wp-json\/wp\/v2\/posts"}],"about":[{"href":"https:\/\/www.europesays.com\/fr\/wp-json\/wp\/v2\/types\/post"}],"author":[{"embeddable":true,"href":"https:\/\/www.europesays.com\/fr\/wp-json\/wp\/v2\/users\/2"}],"replies":[{"embeddable":true,"href":"https:\/\/www.europesays.com\/fr\/wp-json\/wp\/v2\/comments?post=469677"}],"version-history":[{"count":0,"href":"https:\/\/www.europesays.com\/fr\/wp-json\/wp\/v2\/posts\/469677\/revisions"}],"wp:featuredmedia":[{"embeddable":true,"href":"https:\/\/www.europesays.com\/fr\/wp-json\/wp\/v2\/media\/469678"}],"wp:attachment":[{"href":"https:\/\/www.europesays.com\/fr\/wp-json\/wp\/v2\/media?parent=469677"}],"wp:term":[{"taxonomy":"category","embeddable":true,"href":"https:\/\/www.europesays.com\/fr\/wp-json\/wp\/v2\/categories?post=469677"},{"taxonomy":"post_tag","embeddable":true,"href":"https:\/\/www.europesays.com\/fr\/wp-json\/wp\/v2\/tags?post=469677"}],"curies":[{"name":"wp","href":"https:\/\/api.w.org\/{rel}","templated":true}]}}