{"id":469690,"date":"2025-10-17T10:08:10","date_gmt":"2025-10-17T10:08:10","guid":{"rendered":"https:\/\/www.europesays.com\/fr\/469690\/"},"modified":"2025-10-17T10:08:10","modified_gmt":"2025-10-17T10:08:10","slug":"a-paris-et-en-ile-de-france-la-pluie-va-chambouler-la-meteo-et-evacuer-le-soleil","status":"publish","type":"post","link":"https:\/\/www.europesays.com\/fr\/469690\/","title":{"rendered":"\u00e0 Paris et en \u00cele-de-France, la pluie va chambouler la m\u00e9t\u00e9o et \u00e9vacuer le soleil"},"content":{"rendered":"<p>            Par<br \/>\n        <strong><br \/>\n            <a href=\"https:\/\/actu.fr\/auteur\/redaction-paris\" title=\"Consulter tous les articles de R\u00e9daction Paris\" target=\"_blank\" rel=\"noopener\">R\u00e9daction Paris<\/a><br \/>\n        <\/strong><\/p>\n<p>        Publi\u00e9 le<\/p>\n<p>            17 oct. 2025 \u00e0 11h23        <\/p>\n<p>Les vacances de la Toussaint se passeront de soleil. \u00c0 <a href=\"https:\/\/actu.fr\/ile-de-france\/paris_75\" target=\"_blank\" rel=\"noopener\">Paris<\/a> et en \u00cele-de-France, <strong>la pluie va s\u2019abattre et le vent va souffler. <\/strong>Le ciel devrait rester largement ensoleill\u00e9 ce vendredi 17\u00a0octobre 2025 et durant le d\u00e9but du week-end mais cela ne va pas durer. La grisaille automnale va s\u2019installer d\u00e8s dimanche et durer toute la semaine.<\/p>\n<p>Samedi, derni\u00e8re journ\u00e9e de soleil<\/p>\n<p class=\" wall-content\">La journ\u00e9e de samedi devrait \u00eatre la plus s\u00e8che, avec un ciel voil\u00e9 et quelques courtes \u00e9claircies, selon <a href=\"https:\/\/meteofrance.com\/previsions-meteo-france\/paris\/75000\" target=\"_blank\" rel=\"noopener\">M\u00e9t\u00e9o-France<\/a>. Du c\u00f4t\u00e9 des temp\u00e9ratures, elles stagneront autour de 16 degr\u00e9s.<\/p>\n<p class=\" wall-content\">\n<p class=\" wall-content\">\u00c0 partir de dimanche, les pr\u00e9visions changent d\u2019apparence. Le soleil va laisser la place aux gouttes de pluie. La r\u00e9gion parisienne ne va pas \u00eatre \u00e9pargn\u00e9e par <a href=\"https:\/\/actu.fr\/meteo\/beaucoup-de-pluie-et-le-retour-du-vent-en-france-voici-ou-ca-va-souffler-des-cette-semaine_63309131.html\" target=\"_blank\" rel=\"noopener\">la couverture nuageuse et pluvieuse qui envahira toute la France<\/a>. Des \u00e9pisodes pluvieux plus marqu\u00e9s et <strong>un renforcement du vent<\/strong> sont pr\u00e9vus par M\u00e9t\u00e9o-France dans plusieurs r\u00e9gions de l\u2019Hexagone. Les averses traverseront l\u2019\u00cele-de-France \u00e0 la fin de week-end.<\/p>\n<p class=\" wall-content\">Au niveau des temp\u00e9ratures, le mercure devrait rester relativement haut pour la saison. Autour de 9 \u00e0 11 degr\u00e9s en matin\u00e9e puis 16 \u00e0 17 degr\u00e9s l\u2019apr\u00e8s-midi sont attendus toute la semaine. Le vent devrait toutefois rafra\u00eechir les joues avec des rafales allant <strong>jusqu\u2019\u00e0 65\u00a0km\/h<\/strong> pour la journ\u00e9e de jeudi. Il soufflera d\u00e8s dimanche avec des rafales \u00e0 45\u00a0km\/h.\u00a0La semaine qui suivra ne sera gu\u00e8re plus lumineuse. Les conditions devraient rester instables, voire se d\u00e9grader avec des pluies persistantes.<\/p>\n<p class=\" wall-content\">Personnalisez votre actualit\u00e9 en ajoutant vos villes et m\u00e9dias en favori avec <a href=\"https:\/\/moncompte.actu.fr\" title=\"D\u00e9couvez Mon Actu\" rel=\"nofollow noopener\" data-trk=\"{&quot;cta&quot;:{&quot;action&quot;:&quot;https:\\\/\\\/moncompte.actu.fr&quot;,&quot;category&quot;:&quot;mon compte&quot;,&quot;from&quot;:&quot;article footer&quot;,&quot;name&quot;:&quot;Mon actu&quot;,&quot;type&quot;:&quot;cta&quot;}}\" target=\"_blank\">Mon Actu<\/a>.<\/p>\n","protected":false},"excerpt":{"rendered":"Par R\u00e9daction Paris Publi\u00e9 le 17 oct. 2025 \u00e0 11h23 Les vacances de la Toussaint se passeront de&hellip;\n","protected":false},"author":2,"featured_media":469691,"comment_status":"","ping_status":"","sticky":false,"template":"","format":"standard","meta":{"footnotes":""},"categories":[1888],"tags":[1111,1928,11,1927,1777,674,1011,27,2487,2357,12,1926,626,1925,4459,25],"class_list":{"0":"post-469690","1":"post","2":"type-post","3":"status-publish","4":"format-standard","5":"has-post-thumbnail","7":"category-paris","8":"tag-actu","9":"tag-actu-paris","10":"tag-actualites","11":"tag-actualites-paris","12":"tag-eu","13":"tag-europe","14":"tag-fr","15":"tag-france","16":"tag-meteo","17":"tag-meteo-france","18":"tag-news","19":"tag-news-paris","20":"tag-paris","21":"tag-paris-news","22":"tag-pluie","23":"tag-republique-francaise"},"share_on_mastodon":{"url":"https:\/\/pubeurope.com\/@fr\/115388960321847238","error":""},"_links":{"self":[{"href":"https:\/\/www.europesays.com\/fr\/wp-json\/wp\/v2\/posts\/469690","targetHints":{"allow":["GET"]}}],"collection":[{"href":"https:\/\/www.europesays.com\/fr\/wp-json\/wp\/v2\/posts"}],"about":[{"href":"https:\/\/www.europesays.com\/fr\/wp-json\/wp\/v2\/types\/post"}],"author":[{"embeddable":true,"href":"https:\/\/www.europesays.com\/fr\/wp-json\/wp\/v2\/users\/2"}],"replies":[{"embeddable":true,"href":"https:\/\/www.europesays.com\/fr\/wp-json\/wp\/v2\/comments?post=469690"}],"version-history":[{"count":0,"href":"https:\/\/www.europesays.com\/fr\/wp-json\/wp\/v2\/posts\/469690\/revisions"}],"wp:featuredmedia":[{"embeddable":true,"href":"https:\/\/www.europesays.com\/fr\/wp-json\/wp\/v2\/media\/469691"}],"wp:attachment":[{"href":"https:\/\/www.europesays.com\/fr\/wp-json\/wp\/v2\/media?parent=469690"}],"wp:term":[{"taxonomy":"category","embeddable":true,"href":"https:\/\/www.europesays.com\/fr\/wp-json\/wp\/v2\/categories?post=469690"},{"taxonomy":"post_tag","embeddable":true,"href":"https:\/\/www.europesays.com\/fr\/wp-json\/wp\/v2\/tags?post=469690"}],"curies":[{"name":"wp","href":"https:\/\/api.w.org\/{rel}","templated":true}]}}