{"id":469694,"date":"2025-10-17T10:11:11","date_gmt":"2025-10-17T10:11:11","guid":{"rendered":"https:\/\/www.europesays.com\/fr\/469694\/"},"modified":"2025-10-17T10:11:11","modified_gmt":"2025-10-17T10:11:11","slug":"paris-pourquoi-un-helicoptere-va-survoler-la-capitale-pendant-une-heure-lundi","status":"publish","type":"post","link":"https:\/\/www.europesays.com\/fr\/469694\/","title":{"rendered":"Paris\u00a0: pourquoi un h\u00e9licopt\u00e8re va survoler la capitale pendant une heure lundi"},"content":{"rendered":"<p class=\"paragraph text_align_left lp-f-body-02\">Le plan de vol est connu, les horaires aussi. Tout est cadr\u00e9 presque au millim\u00e8tre, tant obtenir l\u2019autorisation de voler au-dessus de <a href=\"https:\/\/www.leparisien.fr\/paris-75\/\" target=\"_self\" rel=\"nofollow noopener\">Paris<\/a> peut devenir un parcours du combattant. Mais le tampon de la pr\u00e9fecture de police a bien \u00e9t\u00e9 appos\u00e9.<\/p>\n<p class=\"paragraph text_align_left lp-f-body-02\">Ce sera donc lundi, dans un laps de temps d\u2019une heure entre 17 heures et 19 heures, qu\u2019un h\u00e9licopt\u00e8re survolera la capitale. Si vous entendez du bruit dans le ciel parisien, surtout dans l\u2019ouest, il s\u2019agira donc de cet engin depuis lequel \u00ab des prises de vues a\u00e9riennes \u00bb seront faites, fait savoir la pr\u00e9fecture de police de Paris, qui pr\u00e9cise qu\u2019il s\u2019agira de photographies.<\/p>\n<p>Des photos pour un livre d\u2019art<\/p>\n<p class=\"paragraph text_align_left lp-f-body-02\">Ces photographies seront faites pour \u00ab l\u2019actualisation de l\u2019ouvrage d\u2019art Paris From Air \u00bb, poursuit la pr\u00e9fecture. Un livre dans lequel de nombreux lieux de la capitale seront captur\u00e9s depuis les airs.<\/p>\n<p class=\"paragraph text_align_left lp-f-body-02\">Dans le d\u00e9tail, l\u2019h\u00e9licopt\u00e8re entamera son parcours dans le quartier de La D\u00e9fense <a href=\"https:\/\/www.leparisien.fr\/hauts-de-seine-92\/\" target=\"_self\" rel=\"nofollow noopener\">(Hauts-de-Seine)<\/a>, passera par l\u2019Arc de Triomphe <a href=\"https:\/\/www.leparisien.fr\/paris-75\/paris-75008\/\" target=\"_self\" rel=\"nofollow noopener\">(VIIIe)<\/a>, la <a href=\"https:\/\/www.leparisien.fr\/paris-75\/tour-eiffel\/\" target=\"_self\" rel=\"nofollow noopener\">tour Eiffel<\/a> (VIIe), l\u2019H\u00f4tel des Invalides, la place de la Concorde, le <a href=\"https:\/\/www.leparisien.fr\/paris-75\/musee-du-louvre\/\" target=\"_self\" rel=\"nofollow noopener\">mus\u00e9e du Louvre<\/a> (Ier), l\u2019Op\u00e9ra Garnier (IXe), le Sacr\u00e9-C\u0153ur <a href=\"https:\/\/www.leparisien.fr\/paris-75\/paris-75018\/\" target=\"_self\" rel=\"nofollow noopener\">(XVIIIe)<\/a>, la gare du Nord (Xe) puis le <a href=\"https:\/\/www.leparisien.fr\/paris-75\/le-centre-pompidou-soffre-un-dernier-feu-dartifice-avant-5-ans-de-travaux-16-10-2025-JRXE6JRABVDETFS3PPD5XZTS5I.php\" target=\"_self\" rel=\"nofollow noopener\">centre Pompidou<\/a> (IVe).<\/p>\n<p class=\"paragraph text_align_left lp-f-body-02\">Viendront ensuite <a href=\"https:\/\/www.leparisien.fr\/paris-75\/notre-dame-de-paris\/\" target=\"_self\" rel=\"nofollow noopener\">la cath\u00e9drale Notre-Dame<\/a>, la place de la Bastille (XIe) ou encore le Jardin des Plantes <a href=\"https:\/\/www.leparisien.fr\/paris-75\/paris-75005\/\" target=\"_blank\" rel=\"noreferrer nofollow noopener\">(Ve)<\/a>, celui du Luxembourg (VIe), avant de se poser \u00e0 l\u2019h\u00e9liport de Paris, dans le <a href=\"https:\/\/www.leparisien.fr\/paris-75\/paris-75015\/\" target=\"_self\" rel=\"nofollow noopener\">XVe arrondissement<\/a>.<\/p>\n<p class=\"paragraph text_align_left lp-f-body-02\">Dans son communiqu\u00e9, la pr\u00e9fecture de police indique qu\u2019en cas de report du vol, celui-ci se ferait sur le m\u00eame cr\u00e9neau horaire, le mercredi 22 ou le jeudi 23 octobre.<\/p>\n","protected":false},"excerpt":{"rendered":"Le plan de vol est connu, les horaires aussi. Tout est cadr\u00e9 presque au millim\u00e8tre, tant obtenir l\u2019autorisation&hellip;\n","protected":false},"author":2,"featured_media":469695,"comment_status":"","ping_status":"","sticky":false,"template":"","format":"standard","meta":{"footnotes":""},"categories":[1888],"tags":[11,1777,674,1011,27,1944,12,626,25],"class_list":{"0":"post-469694","1":"post","2":"type-post","3":"status-publish","4":"format-standard","5":"has-post-thumbnail","7":"category-paris","8":"tag-actualites","9":"tag-eu","10":"tag-europe","11":"tag-fr","12":"tag-france","13":"tag-ma-ville","14":"tag-news","15":"tag-paris","16":"tag-republique-francaise"},"share_on_mastodon":{"url":"https:\/\/pubeurope.com\/@fr\/115388972300892805","error":""},"_links":{"self":[{"href":"https:\/\/www.europesays.com\/fr\/wp-json\/wp\/v2\/posts\/469694","targetHints":{"allow":["GET"]}}],"collection":[{"href":"https:\/\/www.europesays.com\/fr\/wp-json\/wp\/v2\/posts"}],"about":[{"href":"https:\/\/www.europesays.com\/fr\/wp-json\/wp\/v2\/types\/post"}],"author":[{"embeddable":true,"href":"https:\/\/www.europesays.com\/fr\/wp-json\/wp\/v2\/users\/2"}],"replies":[{"embeddable":true,"href":"https:\/\/www.europesays.com\/fr\/wp-json\/wp\/v2\/comments?post=469694"}],"version-history":[{"count":0,"href":"https:\/\/www.europesays.com\/fr\/wp-json\/wp\/v2\/posts\/469694\/revisions"}],"wp:featuredmedia":[{"embeddable":true,"href":"https:\/\/www.europesays.com\/fr\/wp-json\/wp\/v2\/media\/469695"}],"wp:attachment":[{"href":"https:\/\/www.europesays.com\/fr\/wp-json\/wp\/v2\/media?parent=469694"}],"wp:term":[{"taxonomy":"category","embeddable":true,"href":"https:\/\/www.europesays.com\/fr\/wp-json\/wp\/v2\/categories?post=469694"},{"taxonomy":"post_tag","embeddable":true,"href":"https:\/\/www.europesays.com\/fr\/wp-json\/wp\/v2\/tags?post=469694"}],"curies":[{"name":"wp","href":"https:\/\/api.w.org\/{rel}","templated":true}]}}