{"id":46970,"date":"2025-04-23T16:12:11","date_gmt":"2025-04-23T16:12:11","guid":{"rendered":"https:\/\/www.europesays.com\/fr\/46970\/"},"modified":"2025-04-23T16:12:11","modified_gmt":"2025-04-23T16:12:11","slug":"saint-etienne-lyon-quenelles-gratuites-pour-bien-digerer-la-victoire-dans-le-derby-ligue-1-j30-saint-etienne-lyon-2-1","status":"publish","type":"post","link":"https:\/\/www.europesays.com\/fr\/46970\/","title":{"rendered":"Saint-\u00c9tienne-Lyon : quenelles gratuites pour bien dig\u00e9rer la victoire dans le derby &#8211; ligue 1 &#8211; J30 &#8211; Saint-\u00c9tienne-Lyon (2-1)"},"content":{"rendered":"<p class=\"\" data-start=\"129\" data-end=\"217\">Les Verts bouffent les Lyonnais.<\/p>\n<p class=\"\" data-start=\"219\" data-end=\"637\"><strong>Philippe D\u00e9l\u00e9age, fromager \u00e0 Saint-\u00c9tienne et fan du club local<\/strong>, avait sorti un pari samedi matin : \u00ab\u00a0Si les Verts battent Lyon, mardi j\u2019offre toutes les quenelles.\u00a0\u00bb Fou rire dans la boutique. M\u00eame les supporters st\u00e9phanois se sont moqu\u00e9s. \u00ab\u00a0On m\u2019a dit que je ne prenais pas de risques\u00a0\u00bb, rigole-t-il aujourd\u2019hui dans<a target=\"_blank\" href=\"https:\/\/www.sofoot.com\/articles\/barca-pedri-le-magicien-du-fc-barcelone-de-hansi-flick-avant-le-clasico-contre-le-real-madrid\" rel=\"nofollow noopener\"> les colonnes du Progr\u00e8s<\/a>. Faut dire qu\u2019une victoire de l\u2019ASSE dans le derby, ce n\u2019\u00e9tait plus arriv\u00e9 depuis 2019.<\/p>\n<p class=\"\" data-start=\"639\" data-end=\"845\">Et pourtant. Deux jours plus tard, <a target=\"_blank\" href=\"https:\/\/www.sofoot.com\/articles\/ligue-1-vainquer-de-lyon-saint-etienne-soffre-le-derby-le-plus-long\" rel=\"nofollow noopener\">Saint\u00e9 se fait l\u2019OL<\/a>. <strong>Alors ce mardi 22 avril, Phillipe enfile son maillot vert, aligne les quenelles sur l\u2019\u00e9tal\u2026 et les distribue gratuitement.<\/strong> G\u00e9n\u00e9reux jusqu\u2019au bout du pot de b\u00e9chamel, il va au bout de son pari. \u00ab\u00a0Ce qui est fou, c\u2019est que tout le monde s\u2019est pris au jeu. M\u00eame ceux qui ne suivent pas le foot ont le c\u0153ur vert.\u00a0\u00bb Bonne humeur g\u00e9n\u00e9rale dans la boutique, o\u00f9 la quenelle, sp\u00e9cialit\u00e9 lyonnaise, a chang\u00e9 de camp le temps d\u2019un matin et pour les supporters de l\u2019OL, elle devait \u00eatre dure \u00e0 avaler. C\u00f4t\u00e9 St\u00e9phanois, elle \u00e9tait gratuite donc forc\u00e9ment meilleure.<\/p>\n<p data-start=\"639\" data-end=\"845\">Et voil\u00e0 comment \u00e9chapper <a target=\"_blank\" href=\"https:\/\/www.sofoot.com\/articles\/derby-saint-etienne-lyon-interrompu-une-nouvelle-piece-dans-la-machine\" rel=\"nofollow noopener\">aux pi\u00e8ces.<\/a><\/p>\n<p>\t\t\t\t\t\t\t\t\t\t<a class=\"lien-connexe\" href=\"https:\/\/www.sofoot.com\/breves\/un-recours-depose-par-lol-apres-le-carton-rouge-annule-pour-stassin\" rel=\"nofollow noopener\" target=\"_blank\">Un recours d\u00e9pos\u00e9 par l\u2019OL apr\u00e8s le carton rouge annul\u00e9 pour Stassin<\/a>\t\t\t\t\t<\/p>\n","protected":false},"excerpt":{"rendered":"Les Verts bouffent les Lyonnais. Philippe D\u00e9l\u00e9age, fromager \u00e0 Saint-\u00c9tienne et fan du club local, avait sorti un&hellip;\n","protected":false},"author":2,"featured_media":46971,"comment_status":"","ping_status":"","sticky":false,"template":"","format":"standard","meta":{"footnotes":""},"categories":[9653],"tags":[1111,47,11,61,2430,69,65,64,1777,674,63,1011,27,68,66,12,62,70,25,4001,67],"class_list":{"0":"post-46970","1":"post","2":"type-post","3":"status-publish","4":"format-standard","5":"has-post-thumbnail","7":"category-saint-etienne","8":"tag-actu","9":"tag-actualite","10":"tag-actualites","11":"tag-actus-football","12":"tag-auvergne-rhone-alpes","13":"tag-bundesliga","14":"tag-championnats-europeens","15":"tag-equipe-de-france","16":"tag-eu","17":"tag-europe","18":"tag-football","19":"tag-fr","20":"tag-france","21":"tag-ligua","22":"tag-ligue-1","23":"tag-news","24":"tag-news-foot","25":"tag-premier-league","26":"tag-republique-francaise","27":"tag-saint-etienne","28":"tag-serie-a"},"share_on_mastodon":{"url":"https:\/\/pubeurope.com\/@fr\/114388162549814734","error":""},"_links":{"self":[{"href":"https:\/\/www.europesays.com\/fr\/wp-json\/wp\/v2\/posts\/46970","targetHints":{"allow":["GET"]}}],"collection":[{"href":"https:\/\/www.europesays.com\/fr\/wp-json\/wp\/v2\/posts"}],"about":[{"href":"https:\/\/www.europesays.com\/fr\/wp-json\/wp\/v2\/types\/post"}],"author":[{"embeddable":true,"href":"https:\/\/www.europesays.com\/fr\/wp-json\/wp\/v2\/users\/2"}],"replies":[{"embeddable":true,"href":"https:\/\/www.europesays.com\/fr\/wp-json\/wp\/v2\/comments?post=46970"}],"version-history":[{"count":0,"href":"https:\/\/www.europesays.com\/fr\/wp-json\/wp\/v2\/posts\/46970\/revisions"}],"wp:featuredmedia":[{"embeddable":true,"href":"https:\/\/www.europesays.com\/fr\/wp-json\/wp\/v2\/media\/46971"}],"wp:attachment":[{"href":"https:\/\/www.europesays.com\/fr\/wp-json\/wp\/v2\/media?parent=46970"}],"wp:term":[{"taxonomy":"category","embeddable":true,"href":"https:\/\/www.europesays.com\/fr\/wp-json\/wp\/v2\/categories?post=46970"},{"taxonomy":"post_tag","embeddable":true,"href":"https:\/\/www.europesays.com\/fr\/wp-json\/wp\/v2\/tags?post=46970"}],"curies":[{"name":"wp","href":"https:\/\/api.w.org\/{rel}","templated":true}]}}