{"id":469708,"date":"2025-10-17T10:18:11","date_gmt":"2025-10-17T10:18:11","guid":{"rendered":"https:\/\/www.europesays.com\/fr\/469708\/"},"modified":"2025-10-17T10:18:11","modified_gmt":"2025-10-17T10:18:11","slug":"shein-temu-chaque-article-venu-en-dehors-de-lue-bientot-taxe-2-euros","status":"publish","type":"post","link":"https:\/\/www.europesays.com\/fr\/469708\/","title":{"rendered":"Shein, Temu&#8230; Chaque article venu en dehors de l&rsquo;UE bient\u00f4t tax\u00e9 2 euros ?"},"content":{"rendered":"<p class=\"article-p mdl\">Le mardi 14 octobre 2025, lors du Conseil des ministres, le Premier ministre S\u00e9bastien Lecornu a pr\u00e9sent\u00e9 le projet de loi de finances pour 2026. Le gouvernement cherche \u00e0 \u00e9conomiser 25 milliards d&rsquo;euros, selon le ministre de l&rsquo;\u00c9conomie, Roland Lescure. Parmi les mesures propos\u00e9es, l&rsquo;une d&rsquo;elles pr\u00e9voit de taxer les petits colis en provenance de pays hors de l&rsquo;Union europ\u00e9enne.<\/p>\n<p class=\"article-p mdl\">Une taxe de deux euros sera appliqu\u00e9e \u00e0 chaque article pour les colis dont la valeur totale est inf\u00e9rieure \u00e0 150 euros. Cette mesure cible particuli\u00e8rement les colis exp\u00e9di\u00e9s de Chine via des plateformes de commerce en ligne telles que\u00a0<a class=\"link\" href=\"https:\/\/www.rtl.fr\/actu\/economie-consommation\/temu-coup-de-gueule-contre-les-pratiques-de-francisation-du-geant-chinois-7900541250\" title=\"Temu : coup de gueule contre les pratiques de &quot;francisation&quot; du g\u00e9ant chinois\" rel=\"nofollow noopener\" target=\"_blank\">Temu<\/a>\u00a0et\u00a0<a class=\"link\" href=\"https:\/\/www.rtl.fr\/actu\/economie-consommation\/la-vague-shein-n-a-rien-d-etonnant-comment-l-enseigne-chinoise-deferle-sur-le-marche-francais-7900552771\" title=\"&quot;La vague Shein n&#039;a rien d&#039;\u00e9tonnant&quot; : le point sur l&#039;arriv\u00e9e pol\u00e9mique des magasins physiques de l&#039;enseigne en France\" rel=\"nofollow noopener\" target=\"_blank\">Shein<\/a>, qui offrent des produits \u00e0 bas prix et exp\u00e9dient des millions de paquets vers la France.\u00a0<\/p>\n<p class=\"article-p mdl\">D&rsquo;apr\u00e8s les chiffres du projet de loi de finances, en 2024, plus de 775 millions d\u2019articles ont ainsi \u00e9t\u00e9 introduits sur le territoire fran\u00e7ais, via la proc\u00e9dure simplifi\u00e9e dite \u00ab H7 \u00bb, qui all\u00e8ge les d\u00e9marches d\u00e9claratives en douane pour les colis d\u2019une valeur de moins de 150 euros.<\/p>\n<p>            500 millions d&rsquo;euros \u00e0 la cl\u00e9<\/p>\n<p class=\"article-p mdl\">Invit\u00e9 sur RTL, le ministre des Petites et moyennes entreprises, du Commerce, de l&rsquo;Artisanat et du Tourisme, Serge Papi s&rsquo;est dit favorable \u00e0 cette taxe. \u00ab\u00a0Il faut la mettre en place\u00a0\u00bb, a-t-il insist\u00e9. \u00ab\u00a0Les produits, en moyenne, c&rsquo;est 5-6 euros. 2 euros, oui, \u00e7a p\u00e8se\u00a0\u00bb, assure-t-il.\u00a0<\/p>\n<p class=\"article-p mdl\">Cette mesure concernera \u00e9galement tous les sites exp\u00e9diant en France des colis emball\u00e9s dans un pays non membre de l&rsquo;UE. Bien que\u00a0<a class=\"link\" href=\"https:\/\/www.rtl.fr\/actu\/economie-consommation\/shein-temu-bruxelles-propose-des-frais-de-2-euros-sur-chaque-petit-colis-entrant-dans-l-union-europeenne-7900507200\" title=\"Shein, Temu : Bruxelles propose des frais de 2 euros sur chaque petit colis entrant dans l&#039;Union europ\u00e9enne\" rel=\"nofollow noopener\" target=\"_blank\">la Commission europ\u00e9enne ait d\u00e9j\u00e0 envisag\u00e9 cette initiative<\/a>, le gouvernement fran\u00e7ais a d\u00e9cid\u00e9 de l&rsquo;appliquer sans attendre. L&rsquo;objectif est de lutter contre la concurrence d\u00e9loyale tout en augmentant les recettes de l&rsquo;\u00c9tat. Si la mesure est vot\u00e9e par le Parlement, elle pourrait rapporter environ 500 millions d&rsquo;euros en 2026.<\/p>\n<p>    La r\u00e9daction vous recommande<\/p>\n<p class=\"s-newsletter__title\">\n                L\u2019actualit\u00e9 par la r\u00e9daction de RTL dans votre bo\u00eete mail.\n            <\/p>\n<p class=\"s-newsletter__subtitle\">\n                Gr\u00e2ce \u00e0 votre compte RTL abonnez-vous \u00e0 la newsletter RTL info pour suivre toute l&rsquo;actualit\u00e9 au quotidien\n            <\/p>\n<p>\n                                    Lire la suite\n                                <\/p>\n","protected":false},"excerpt":{"rendered":"Le mardi 14 octobre 2025, lors du Conseil des ministres, le Premier ministre S\u00e9bastien Lecornu a pr\u00e9sent\u00e9 le&hellip;\n","protected":false},"author":2,"featured_media":469709,"comment_status":"","ping_status":"","sticky":false,"template":"","format":"standard","meta":{"footnotes":""},"categories":[1586],"tags":[11,1003,12784,215,6907,130,1777,674,1779,107,1011,27,310,12,25,1778,364],"class_list":{"0":"post-469708","1":"post","2":"type-post","3":"status-publish","4":"format-standard","5":"has-post-thumbnail","7":"category-europe","8":"tag-actualites","9":"tag-budget","10":"tag-colis","11":"tag-commerce","12":"tag-consommateur","13":"tag-consommation","14":"tag-eu","15":"tag-europe","16":"tag-european-union","17":"tag-fil-info","18":"tag-fr","19":"tag-france","20":"tag-internet","21":"tag-news","22":"tag-republique-francaise","23":"tag-ue","24":"tag-union-europeenne"},"share_on_mastodon":{"url":"https:\/\/pubeurope.com\/@fr\/115388999861093690","error":""},"_links":{"self":[{"href":"https:\/\/www.europesays.com\/fr\/wp-json\/wp\/v2\/posts\/469708","targetHints":{"allow":["GET"]}}],"collection":[{"href":"https:\/\/www.europesays.com\/fr\/wp-json\/wp\/v2\/posts"}],"about":[{"href":"https:\/\/www.europesays.com\/fr\/wp-json\/wp\/v2\/types\/post"}],"author":[{"embeddable":true,"href":"https:\/\/www.europesays.com\/fr\/wp-json\/wp\/v2\/users\/2"}],"replies":[{"embeddable":true,"href":"https:\/\/www.europesays.com\/fr\/wp-json\/wp\/v2\/comments?post=469708"}],"version-history":[{"count":0,"href":"https:\/\/www.europesays.com\/fr\/wp-json\/wp\/v2\/posts\/469708\/revisions"}],"wp:featuredmedia":[{"embeddable":true,"href":"https:\/\/www.europesays.com\/fr\/wp-json\/wp\/v2\/media\/469709"}],"wp:attachment":[{"href":"https:\/\/www.europesays.com\/fr\/wp-json\/wp\/v2\/media?parent=469708"}],"wp:term":[{"taxonomy":"category","embeddable":true,"href":"https:\/\/www.europesays.com\/fr\/wp-json\/wp\/v2\/categories?post=469708"},{"taxonomy":"post_tag","embeddable":true,"href":"https:\/\/www.europesays.com\/fr\/wp-json\/wp\/v2\/tags?post=469708"}],"curies":[{"name":"wp","href":"https:\/\/api.w.org\/{rel}","templated":true}]}}