{"id":46972,"date":"2025-04-23T16:13:10","date_gmt":"2025-04-23T16:13:10","guid":{"rendered":"https:\/\/www.europesays.com\/fr\/46972\/"},"modified":"2025-04-23T16:13:10","modified_gmt":"2025-04-23T16:13:10","slug":"amance-chasse-aux-oeufs-et-au-lapin","status":"publish","type":"post","link":"https:\/\/www.europesays.com\/fr\/46972\/","title":{"rendered":"Amance. Chasse aux \u0153ufs\u2026 et au lapin\u00a0!"},"content":{"rendered":"<p>Lundi matin, rendez-vous \u00e9tait donn\u00e9 aux enfants aux terrasses la Montjoie, pour une chasse un peu particuli\u00e8re. En effet, outre la chasse aux \u0153ufs habituelle, chaque enfant devait jouer de la cr\u00e9celle afin d\u2019\u00e9loigner le vilain lapin, cousin du gros lapin aman\u00e7ois, qui esp\u00e9rait s\u2019emparer des \u0153ufs. Il faut croire que le nombre de petits chasseurs et le bruit des cr\u00e9celles furent efficaces, car en fin de matin\u00e9e, chacun revenait avec une quantit\u00e9 impressionnante de chocolats.<\/p>\n<p>Un petit ap\u00e9ritif sans alcool destin\u00e9 \u00e0 r\u00e9chauffer les c\u0153urs cl\u00f4tura l\u2019\u00e9v\u00e8nement.<\/p>\n","protected":false},"excerpt":{"rendered":"Lundi matin, rendez-vous \u00e9tait donn\u00e9 aux enfants aux terrasses la Montjoie, pour une chasse un peu particuli\u00e8re. En&hellip;\n","protected":false},"author":2,"featured_media":46973,"comment_status":"","ping_status":"","sticky":false,"template":"","format":"standard","meta":{"footnotes":""},"categories":[9635],"tags":[1111,11,13680,12080,1687,1704,1777,674,1011,27,775,1702,12,25],"class_list":{"0":"post-46972","1":"post","2":"type-post","3":"status-publish","4":"format-standard","5":"has-post-thumbnail","7":"category-nancy","8":"tag-actu","9":"tag-actualites","10":"tag-amance","11":"tag-cc-de-seille-et-grand-couronne-54b","12":"tag-culture-loisirs","13":"tag-edition-nancy-et-agglomeration","14":"tag-eu","15":"tag-europe","16":"tag-fr","17":"tag-france","18":"tag-grand-est","19":"tag-nancy","20":"tag-news","21":"tag-republique-francaise"},"share_on_mastodon":{"url":"https:\/\/pubeurope.com\/@fr\/114388166585141140","error":""},"_links":{"self":[{"href":"https:\/\/www.europesays.com\/fr\/wp-json\/wp\/v2\/posts\/46972","targetHints":{"allow":["GET"]}}],"collection":[{"href":"https:\/\/www.europesays.com\/fr\/wp-json\/wp\/v2\/posts"}],"about":[{"href":"https:\/\/www.europesays.com\/fr\/wp-json\/wp\/v2\/types\/post"}],"author":[{"embeddable":true,"href":"https:\/\/www.europesays.com\/fr\/wp-json\/wp\/v2\/users\/2"}],"replies":[{"embeddable":true,"href":"https:\/\/www.europesays.com\/fr\/wp-json\/wp\/v2\/comments?post=46972"}],"version-history":[{"count":0,"href":"https:\/\/www.europesays.com\/fr\/wp-json\/wp\/v2\/posts\/46972\/revisions"}],"wp:featuredmedia":[{"embeddable":true,"href":"https:\/\/www.europesays.com\/fr\/wp-json\/wp\/v2\/media\/46973"}],"wp:attachment":[{"href":"https:\/\/www.europesays.com\/fr\/wp-json\/wp\/v2\/media?parent=46972"}],"wp:term":[{"taxonomy":"category","embeddable":true,"href":"https:\/\/www.europesays.com\/fr\/wp-json\/wp\/v2\/categories?post=46972"},{"taxonomy":"post_tag","embeddable":true,"href":"https:\/\/www.europesays.com\/fr\/wp-json\/wp\/v2\/tags?post=46972"}],"curies":[{"name":"wp","href":"https:\/\/api.w.org\/{rel}","templated":true}]}}