{"id":469758,"date":"2025-10-17T10:48:27","date_gmt":"2025-10-17T10:48:27","guid":{"rendered":"https:\/\/www.europesays.com\/fr\/469758\/"},"modified":"2025-10-17T10:48:27","modified_gmt":"2025-10-17T10:48:27","slug":"loisirs-que-faire-ce-week-end-en-lorraine-notre-selection-pour-des-idees-de-sorties-6","status":"publish","type":"post","link":"https:\/\/www.europesays.com\/fr\/469758\/","title":{"rendered":"Loisirs. Que faire ce week-end en Lorraine ? Notre s\u00e9lection pour des id\u00e9es de sorties"},"content":{"rendered":"<p>  Nancy : \u00ab\u200a Parenth\u00e8se\u200a \u00bb, le nouveau spectacle du cirque Arlette Gruss<\/p>\n<p>C\u2019est une tradition, lors des vacances de la Toussaint, le cirque Arlette Gruss fait \u00e9tape durant 15 jours sur la place Carnot \u00e0 Nancy. Guid\u00e9e par Arthur Vereano Huard, Monsieur Loyal, la troupe Arlette Gruss ouvre une parenth\u00e8se comme on interrompt le cours d\u2019une phrase, une pause dans notre vie. Ainsi ce nouveau spectacle est justement intitul\u00e9\u00a0 \u00ab\u200aParenth\u00e8se\u200a\u00bb car \u00ab\u200atoutes les \u00e9poques m\u00e9ritent leur parenth\u00e8se, un moment suspendu entre deux maux du quotidien, une pause, un entracte\u200a\u00bb.<\/p>\n<p>    &#13;<br \/>\n    &#13;<br \/>\n    &#13;<br \/>\n    <a href=\"https:\/\/cdn-s-www.estrepublicain.fr\/images\/f258231b-bc29-4a90-aa5d-5280656be0be\/NW_raw\/cirque-arlette-gruss-40-ans-1729636404.jpg\" title=\"Cirque Arlette Gruss - 40 ans\" class=\"chocolat-image GA-tracking\" data-ga_type=\"click\" data-ga_category=\"D\u00e9tail\" data-ga_action=\"zoomer\" data-ga_label=\"aggrandir image\" target=\"_blank\" rel=\"noopener\">&#13;<br \/>\n        <img src=\"https:\/\/www.europesays.com\/fr\/wp-content\/uploads\/2025\/10\/cirque-arlette-gruss-40-ans-1743413192.jpg\"   alt=\"Cirque Arlette Gruss - 40 ans\" fetchpriority=\"high\" decoding=\"async\" data-mobile=\"NW_listA_M|1729636404\" data-base=\"NW_listA|1743413192\"\/>&#13;<br \/>\n    <\/a>&#13;<\/p>\n<p>Cirque Arlette Gruss &#8211; 40 ans<\/p>\n<ul>\n<li><strong>Date<\/strong>. du 17 octobre au 2 novembre<\/li>\n<li><strong>Lieu.\u00a0<\/strong>PLace Carnbot \u00e0 Nancy.<\/li>\n<li><strong>R\u00e9servation en ligne <a href=\"http:\/\/www.cirque-gruss.com\" target=\"_blank\" rel=\"noopener\">www.cirque-gruss.com<\/a><\/strong><\/li>\n<li><strong>Tarif<\/strong>s : de 16 \u20ac \u00e0 51 \u20ac.<\/li>\n<\/ul>\n<p>  Vand\u0153uvre\u00a0: week-end festif\u00a0 autour de la bi\u00e8re artisanale<\/p>\n<p>Le week-end d\u00e9bute samedi \u00e0 18\u200ah\u200a30. Quatre-vingts exposants sont r\u00e9unis autour de la bi\u00e8re artisanale, de sp\u00e9cialit\u00e9s gourmandes et des Food trucks\u200a! De nombreuses animations musicales et conviviales animent la soir\u00e9e\u200a: taureau m\u00e9canique, jeux de bistrot, jeux de plateau, tatouage en live ou encore photobooth pour immortaliser cette soir\u00e9e\u200a!<br \/>Dimanche \u00e0 partir de 10\u200ah, place au march\u00e9 de produit artisanaux. Ce grand march\u00e9 couvert met \u00e0 l\u2019honneur la bi\u00e8re artisanale et les produits du terroir. De nombreux brasseurs artisans proposent plus de 300 bi\u00e8res \u00e0 la vente et en d\u00e9gustation. Entr\u00e9e gratuite sur invitation \u00e0 t\u00e9l\u00e9charger sur nancy-tourisme.fr<\/p>\n<p>    &#13;<br \/>\n    &#13;<br \/>\n    &#13;<br \/>\n    <a href=\"https:\/\/cdn-s-www.estrepublicain.fr\/images\/d75dbd15-6b4c-46b4-92fd-af232cc104aa\/NW_raw\/salon-de-la-biere-artisanale-1760619196.jpg\" title=\"Salon de la bi\u00e8re artisanale.\" class=\"chocolat-image GA-tracking\" data-ga_type=\"click\" data-ga_category=\"D\u00e9tail\" data-ga_action=\"zoomer\" data-ga_label=\"aggrandir image\" target=\"_blank\" rel=\"noopener\">&#13;<br \/>\n        <img src=\"https:\/\/www.europesays.com\/fr\/wp-content\/uploads\/2025\/10\/salon-de-la-biere-artisanale-1760619196.jpg\"   alt=\"Salon de la bi\u00e8re artisanale.\" fetchpriority=\"high\" decoding=\"async\" data-mobile=\"NW_listA_M|1760619196\" data-base=\"NW_listA|1760619196\"\/>&#13;<br \/>\n    <\/a>&#13;<\/p>\n<p>Salon de la bi\u00e8re artisanale.<\/p>\n<ul>\n<li><strong>Date<\/strong>.Samedi \u00e0 partir de 18\u200ah\u200a30 \u00e0 23 h. Dimanche 19 octobre de 10\u200ah \u00e0 18\u200ah.<\/li>\n<li><strong>Lieu.\u00a0<\/strong>Parc des expositions de Vandoeuvre-les-Nancy.<\/li>\n<li><strong>Tarifs<\/strong>\u200a:\u00a0Samedi 6 \u20ac. Dimanche gratuit.<\/li>\n<\/ul>\n<p>  \u00c9pinal : les M\u00e9caniques cintr\u00e9es explorent l\u2019alt\u00e9rit\u00e9<\/p>\n<p>La Compagnie Les M\u00e9caniques Cintr\u00e9es pr\u00e9sente son nouveau spectacle, co-chor\u00e9graphi\u00e9 par Julia Blumberg et Paul Upali Gou\u00ebllo. Le regard sensible de la vid\u00e9aste St\u00e9phanie Thernier accompagne cette aventure. Le spectacle r\u00e9unit trois groupes de danseurs amateurs &#8211; adolescents et adultes &#8211; accompagn\u00e9s tout au long de l\u2019ann\u00e9e dans un processus de cr\u00e9ation exigeant et collectif. Avec ce projet, la compagnie poursuit son travail de transmission et de cr\u00e9ation partag\u00e9e.<\/p>\n<p>    &#13;<br \/>\n    &#13;<br \/>\n    &#13;<br \/>\n    <a href=\"https:\/\/cdn-s-www.estrepublicain.fr\/images\/9a9d38b6-f10c-4e1a-9930-adba80060bfd\/NW_raw\/les-mecaniques-cintrees-1760617828.jpg\" title=\"Les M\u00e9caniques cintr\u00e9es\" class=\"chocolat-image GA-tracking\" data-ga_type=\"click\" data-ga_category=\"D\u00e9tail\" data-ga_action=\"zoomer\" data-ga_label=\"aggrandir image\" target=\"_blank\" rel=\"noopener\">&#13;<br \/>\n        <img src=\"https:\/\/www.europesays.com\/fr\/wp-content\/uploads\/2025\/10\/les-mecaniques-cintrees-1760617828.jpg\"   alt=\"Les M\u00e9caniques cintr\u00e9es\" fetchpriority=\"high\" decoding=\"async\" data-mobile=\"NW_listA_M|1760617828\" data-base=\"NW_listA|1760617828\"\/>&#13;<br \/>\n    <\/a>&#13;<\/p>\n<p>Les M\u00e9caniques cintr\u00e9es<\/p>\n<ul>\n<li><strong>Date<\/strong>. Le 18 octobre \u00e0 20\u200ah\u200a30 et 19 octobre \u00e0 15\u200ah.<\/li>\n<li><strong>Lieu.\u00a0<\/strong>A l\u2019auditorium\u00a0 de La Louvi\u00e8re \u00e0 \u00c9pinal.<\/li>\n<\/ul>\n<p>  Pont-\u00e0-Mousson : place au 44e salon d\u2019Automne des artistes<\/p>\n<p>\u00a0Venez d\u00e9couvrir la 44e\u00a0\u00e9dition du Salon d\u2019Automne organis\u00e9 par l\u2019Association Artistique Mussipontaine. Du 18 au 26\u00a0octobre, l\u2019Espace Montrichard \u00e0 Pont-\u00e0-Mousson accueillera 60 artistes qui pr\u00e9senteront plus de 250 \u0153uvres, incluant une exposition d\u00e9di\u00e9e aux Jeunes Talents.<br \/>Les invit\u00e9s d\u2019honneur cette ann\u00e9e sont LaCoco, c\u00e9ramiste, et Daniel Visse, photographe.<\/p>\n<p>    &#13;<br \/>\n    &#13;<br \/>\n    &#13;<br \/>\n    <a href=\"https:\/\/cdn-s-www.estrepublicain.fr\/images\/0feedb38-a3e9-4a8d-8f01-5646515b0124\/NW_raw\/salon-d-automne-des-artistes-mussipontains-1760458542.jpg\" title=\"Salon d&#039;automne des artistes Mussipontains.\" class=\"chocolat-image GA-tracking\" data-ga_type=\"click\" data-ga_category=\"D\u00e9tail\" data-ga_action=\"zoomer\" data-ga_label=\"aggrandir image\" target=\"_blank\" rel=\"noopener\">&#13;<br \/>\n        <img src=\"https:\/\/www.europesays.com\/fr\/wp-content\/uploads\/2025\/10\/salon-d-automne-des-artistes-mussipontains-1760458542.jpg\"   alt=\"Salon d'automne des artistes Mussipontains.\" fetchpriority=\"high\" decoding=\"async\" data-mobile=\"NW_listA_M|1760458542\" data-base=\"NW_listA|1760458542\"\/>&#13;<br \/>\n    <\/a>&#13;<\/p>\n<p>Salon d&rsquo;automne des artistes Mussipontains.<\/p>\n<ul>\n<li><strong>Date<\/strong>. Du 18 au 26 octobre\u00a0de 14\u200ah\u200a30 \u00e0 18\u200ah.<\/li>\n<li><strong>Lieu.\u00a0<\/strong>Espace Montrichard Pont-\u00e0-Mousson<\/li>\n<li><strong>Tarif<\/strong>s :\u00a0entr\u00e9e libre.<\/li>\n<\/ul>\n<p>  Xertigny : Musik Fabrik du 17 au 19 octobre<\/p>\n<p>Le festival Musik Fabrik s\u2019annonce rythm\u00e9 \u00e0 Xertigny du 17\u2002au 19 octobre. L\u2019ancienne cit\u00e9 des Brasseurs sera en f\u00eate avec pour reine, la bi\u00e8re. Le vendredi 17 octobre, \u00e0 20\u200ah, la salle polyvalente sera totalement d\u00e9di\u00e9e \u00e0 la musique avec, en premi\u00e8re partie, le trio Karpatt, suivi des Celtic Tramps. Le week-end, les festivit\u00e9s se poursuivront sous chapiteau place de la Brasserie, avec une sc\u00e8ne ouverte r\u00e9unissant plusieurs groupes.<\/p>\n<p>    &#13;<br \/>\n    &#13;<br \/>\n    &#13;<br \/>\n    <a href=\"https:\/\/cdn-s-www.estrepublicain.fr\/images\/a6d0aaa8-8657-4a07-ac73-dde26931e6a9\/NW_raw\/culture-lorraine-et-musique-au-festival-1760618132.jpg\" title=\"Culture lorraine\u00a0et musique au festival.\" class=\"chocolat-image GA-tracking\" data-ga_type=\"click\" data-ga_category=\"D\u00e9tail\" data-ga_action=\"zoomer\" data-ga_label=\"aggrandir image\" target=\"_blank\" rel=\"noopener\">&#13;<br \/>\n        <img src=\"https:\/\/www.europesays.com\/fr\/wp-content\/uploads\/2025\/10\/culture-lorraine-et-musique-au-festival-1760618132.jpg\"   alt=\"Culture lorraine\u00a0et musique au festival.\" fetchpriority=\"high\" decoding=\"async\" data-mobile=\"NW_listA_M|1760618132\" data-base=\"NW_listA|1760618132\"\/>&#13;<br \/>\n    <\/a>&#13;<\/p>\n<p>Culture lorraine\u00a0et musique au festival.<\/p>\n<ul>\n<li><strong>Date<\/strong>. Du 17 au 19 octobre. Le samedi \u00e0 partir de 14 h.<\/li>\n<li><strong>Lieu.\u00a0<\/strong>A la salle polyvalente de Xertigny.<\/li>\n<li><strong>Tarif<\/strong>s :\u00a0entr\u00e9e libre.<\/li>\n<\/ul>\n<p>  <strong>Bar-le-Duc : 12e \u00e9dition de la marche rose<\/strong><\/p>\n<p>La 12e \u00e9dition de la marche rose port\u00e9e par le centre m\u00e9dical de la femme du centre hospitalier de Bar-le-Duc aura lieu samedi 18 octobre au d\u00e9part du parc de l\u2019h\u00f4tel de ville. Cette ann\u00e9e encore, trois parcours sont propos\u00e9s\u200a: un 6 km urbain avec d\u00e9part group\u00e9 \u00e0 14\u200ah et deux parcours plus sylvestres de 12 et 16 km dont les d\u00e9parts pourront se faire de fa\u00e7on libre \u00e0 partir de 13\u200ah.<\/p>\n<p>    &#13;<br \/>\n    &#13;<br \/>\n    &#13;<br \/>\n    <a href=\"https:\/\/cdn-s-www.estrepublicain.fr\/images\/b2903bde-7dd6-44e4-b28e-9a023effb6c0\/NW_raw\/marche-rose-a-bar-le-duc-1760618272.jpg\" title=\"Marche rose \u00e0 Bar-le-Duc.\" class=\"chocolat-image GA-tracking\" data-ga_type=\"click\" data-ga_category=\"D\u00e9tail\" data-ga_action=\"zoomer\" data-ga_label=\"aggrandir image\" target=\"_blank\" rel=\"noopener\">&#13;<br \/>\n        <img src=\"https:\/\/www.europesays.com\/fr\/wp-content\/uploads\/2025\/10\/marche-rose-a-bar-le-duc-1760618272.jpg\"   alt=\"Marche rose \u00e0 Bar-le-Duc.\" fetchpriority=\"high\" decoding=\"async\" data-mobile=\"NW_listA_M|1760618272\" data-base=\"NW_listA|1760618272\"\/>&#13;<br \/>\n    <\/a>&#13;<\/p>\n<p>Marche rose \u00e0 Bar-le-Duc.<\/p>\n<ul>\n<li><strong>Date<\/strong>.Samedi 18 octobre, \u00e0 partir\u00a0 de 13\u200ah<\/li>\n<li><strong>Lieu.\u00a0<\/strong>Parc de l\u2019h\u00f4tel de ville \u00e0 Bar-le-Duc.<\/li>\n<li><strong>Tarif<\/strong>s : Inscriptions 3 \u20ac (gratuit pour les moins de 10 ans) en ligne (https:\/\/www.billetweb.fr\/marche-rose-2025) ou sur place.<\/li>\n<\/ul>\n<p>  Ch\u00e2teau-Salins : un salon du bien-\u00eatre<\/p>\n<p>Le 3e Salon du bien-\u00eatre se tient samedi de 10\u200ah \u00e0 19\u200ah \u00e0 la salle polyvalente de Ch\u00e2teau-Salins. Une trentaine d\u2019exposants proposeront ateliers, conf\u00e9rences et conseils autour des m\u00e9decines douces, de la d\u00e9tente, du d\u00e9veloppement personnel et des soins naturels.<\/p>\n<p>    &#13;<br \/>\n    &#13;<br \/>\n    &#13;<br \/>\n    <a href=\"https:\/\/cdn-s-www.estrepublicain.fr\/images\/10880ce3-ed6d-4dbb-8009-fcd261a057d7\/NW_raw\/salon-du-bien-etre-1760618665.jpg\" title=\"Salon du Bien-\u00eatre\" class=\"chocolat-image GA-tracking\" data-ga_type=\"click\" data-ga_category=\"D\u00e9tail\" data-ga_action=\"zoomer\" data-ga_label=\"aggrandir image\" target=\"_blank\" rel=\"noopener\">&#13;<br \/>\n        <img src=\"https:\/\/www.europesays.com\/fr\/wp-content\/uploads\/2025\/10\/salon-du-bien-etre-1760618665.jpg\"   alt=\"Salon du Bien-\u00eatre\" fetchpriority=\"high\" decoding=\"async\" data-mobile=\"NW_listA_M|1760618665\" data-base=\"NW_listA|1760618665\"\/>&#13;<br \/>\n    <\/a>&#13;<\/p>\n<p>Salon du Bien-\u00eatre<\/p>\n<ul>\n<li><strong>Date<\/strong>.Samedi de 10\u200ah \u00e0 19\u200ah.<\/li>\n<li><strong>Lieu.\u00a0<\/strong>A la salle polyvalente de Ch\u00e2teau-Salins.<strong>\u00a0<\/strong><\/li>\n<li><strong>Tarif<\/strong>s : Entr\u00e9e gratuite.<\/li>\n<\/ul>\n<p>  Verdun\u00a0: 11e \u00e9dition du Trail urbain verdunois<\/p>\n<p>Organis\u00e9 par l\u2019ASPTT Verdun, le trail revient pour une 11e \u00e9dition dimanche 19 octobre, avec plusieurs parcours \u00e0 travers la ville, un passage dans la Citadelle Haute et les jardins du Centre mondial de la Paix. Les coureurs exploreront \u00e9galement de nouveaux sentiers au Pr\u00e9-l\u2019Ev\u00eaque et d\u00e9couvriront le b\u00e2timent dit \u201cle d\u00e9versoir\u201d, \u00e0 proximit\u00e9 de la cascade. Le passage par les marches du monument \u00c0 la Victoire ne sera pas non plus oubli\u00e9 cette ann\u00e9e.<\/p>\n<p>    &#13;<br \/>\n    &#13;<br \/>\n    &#13;<br \/>\n    <a href=\"https:\/\/cdn-s-www.estrepublicain.fr\/images\/d470fe23-60ae-4231-9912-8ab4ac2f5283\/NW_raw\/nouveau-trail-a-verdun-1711292018.jpg\" title=\"Nouveau trail \u00e0 Verdun.\" class=\"chocolat-image GA-tracking\" data-ga_type=\"click\" data-ga_category=\"D\u00e9tail\" data-ga_action=\"zoomer\" data-ga_label=\"aggrandir image\" target=\"_blank\" rel=\"noopener\">&#13;<br \/>\n        <img src=\"https:\/\/www.europesays.com\/fr\/wp-content\/uploads\/2025\/10\/nouveau-trail-a-verdun-1743413192.jpg\"   alt=\"Nouveau trail \u00e0 Verdun.\" fetchpriority=\"high\" decoding=\"async\" data-mobile=\"NW_listA_M|1711292018\" data-base=\"NW_listA|1743413192\"\/>&#13;<br \/>\n    <\/a>&#13;<\/p>\n<p>Nouveau trail \u00e0 Verdun.<\/p>\n<ul>\n<li><strong>Date<\/strong>.Dimanche 19 octobre<\/li>\n<li><strong>Lieu. <\/strong>D\u00e9part et arriv\u00e9e au parc\u00a0 de Londres, buvette et restauration sur place.<\/li>\n<li><strong>Pratique.\u00a0<\/strong>D\u00e9part du 16 km \u00e0 9\u200ah\u200a30\u200a; d\u00e9part du 10 km \u00e0 10\u200ah\u200a15\u200a; d\u00e9part\u00a0 de la marche populaire \u00e0 10\u200ah\u200a16\u200a; pour les enfants, d\u00e9part\u00a0 du 1 km \u00e0 12\u200ah et du 3 km \u00e0 12\u200ah\u200a30<\/li>\n<\/ul>\n<p>  Amn\u00e9ville\u00a0: Dire Straits repris\u00a0 en live au Galaxie<\/p>\n<p>Le groupe hommage The Dire Straits Experience, form\u00e9 autour de Chris White, saxophoniste du groupe originel, revisitera les grands classiques de Dire Straits sur la sc\u00e8ne du Galaxie d\u2019Amn\u00e9ville dimanche \u00e0 19\u200ah, dans le cadre de sa tourn\u00e9e Live in 2025. Avec plus de 120 millions d\u2019albums vendus, l\u2019h\u00e9ritage du groupe reste intact.<\/p>\n<p>    &#13;<br \/>\n    &#13;<br \/>\n    &#13;<br \/>\n    <a href=\"https:\/\/cdn-s-www.estrepublicain.fr\/images\/f8737ff9-3f94-47e1-bcc9-de9bf74fe151\/NW_raw\/dire-straits-experience-1731360259.jpg\" title=\"Dire Straits Experience\" class=\"chocolat-image GA-tracking\" data-ga_type=\"click\" data-ga_category=\"D\u00e9tail\" data-ga_action=\"zoomer\" data-ga_label=\"aggrandir image\" target=\"_blank\" rel=\"noopener\">&#13;<br \/>\n        <img src=\"https:\/\/www.europesays.com\/fr\/wp-content\/uploads\/2025\/10\/dire-straits-experience-1743413192.jpg\"   alt=\"Dire Straits Experience\" fetchpriority=\"high\" decoding=\"async\" data-mobile=\"NW_listA_M|1731360259\" data-base=\"NW_listA|1743413192\"\/>&#13;<br \/>\n    <\/a>&#13;<\/p>\n<p>Dire Straits Experience<\/p>\n<ul>\n<li><strong>Date<\/strong>.Dimanche \u00e0 19\u200ah.<\/li>\n<li><strong>Lieu.\u00a0<\/strong>Au Galaxie d&rsquo;Amn\u00e9ville.<\/li>\n<li><strong>Tarifs<\/strong>\u200a: de 46,50 \u20ac \u00e0 85 \u20ac. R\u00e9servations sur www.label-ln.fr<\/li>\n<\/ul>\n","protected":false},"excerpt":{"rendered":"Nancy : \u00ab\u200a Parenth\u00e8se\u200a \u00bb, le nouveau spectacle du cirque Arlette Gruss C\u2019est une tradition, lors des vacances&hellip;\n","protected":false},"author":2,"featured_media":469759,"comment_status":"","ping_status":"","sticky":false,"template":"","format":"standard","meta":{"footnotes":""},"categories":[9635],"tags":[1111,11,3600,3601,1777,674,107,1011,27,775,1031,20065,3457,1702,12,10422,10423,3456,25,273,5711,10172,10173],"class_list":{"0":"post-469758","1":"post","2":"type-post","3":"status-publish","4":"format-standard","5":"has-post-thumbnail","7":"category-nancy","8":"tag-actu","9":"tag-actualites","10":"tag-bar-le-duc","11":"tag-bar-le-duc-ville-55a","12":"tag-eu","13":"tag-europe","14":"tag-fil-info","15":"tag-fr","16":"tag-france","17":"tag-grand-est","18":"tag-magazine","19":"tag-magazine-tourisme-et-patrimoine","20":"tag-meurthe-et-moselle","21":"tag-nancy","22":"tag-news","23":"tag-pont-a-mousson","24":"tag-pont-a-mousson-ville-54c","25":"tag-region-lorraine","26":"tag-republique-francaise","27":"tag-selection-de-la-redaction","28":"tag-vandoeuvre-les-nancy","29":"tag-verdun","30":"tag-verdun-ville-55a"},"share_on_mastodon":{"url":"https:\/\/pubeurope.com\/@fr\/115389119684388268","error":""},"_links":{"self":[{"href":"https:\/\/www.europesays.com\/fr\/wp-json\/wp\/v2\/posts\/469758","targetHints":{"allow":["GET"]}}],"collection":[{"href":"https:\/\/www.europesays.com\/fr\/wp-json\/wp\/v2\/posts"}],"about":[{"href":"https:\/\/www.europesays.com\/fr\/wp-json\/wp\/v2\/types\/post"}],"author":[{"embeddable":true,"href":"https:\/\/www.europesays.com\/fr\/wp-json\/wp\/v2\/users\/2"}],"replies":[{"embeddable":true,"href":"https:\/\/www.europesays.com\/fr\/wp-json\/wp\/v2\/comments?post=469758"}],"version-history":[{"count":0,"href":"https:\/\/www.europesays.com\/fr\/wp-json\/wp\/v2\/posts\/469758\/revisions"}],"wp:featuredmedia":[{"embeddable":true,"href":"https:\/\/www.europesays.com\/fr\/wp-json\/wp\/v2\/media\/469759"}],"wp:attachment":[{"href":"https:\/\/www.europesays.com\/fr\/wp-json\/wp\/v2\/media?parent=469758"}],"wp:term":[{"taxonomy":"category","embeddable":true,"href":"https:\/\/www.europesays.com\/fr\/wp-json\/wp\/v2\/categories?post=469758"},{"taxonomy":"post_tag","embeddable":true,"href":"https:\/\/www.europesays.com\/fr\/wp-json\/wp\/v2\/tags?post=469758"}],"curies":[{"name":"wp","href":"https:\/\/api.w.org\/{rel}","templated":true}]}}