{"id":469772,"date":"2025-10-17T10:57:10","date_gmt":"2025-10-17T10:57:10","guid":{"rendered":"https:\/\/www.europesays.com\/fr\/469772\/"},"modified":"2025-10-17T10:57:10","modified_gmt":"2025-10-17T10:57:10","slug":"grenoble-ce-site-municipal-occupe-illegalement-a-un-repreneur-la-ville-propose-une-solution","status":"publish","type":"post","link":"https:\/\/www.europesays.com\/fr\/469772\/","title":{"rendered":"Grenoble. Ce site municipal occup\u00e9 ill\u00e9galement a un repreneur, la Ville propose une solution"},"content":{"rendered":"<p>            Par<br \/>\n        <strong><br \/>\n            <a href=\"https:\/\/actu.fr\/auteur\/lisa-rodrigues\" title=\"Consulter tous les articles de Lisa Rodrigues\" target=\"_blank\" rel=\"noopener\">Lisa Rodrigues<\/a><br \/>\n        <\/strong><\/p>\n<p>        Publi\u00e9 le<\/p>\n<p>            17 oct. 2025 \u00e0 12h06        <\/p>\n<p>Cela fait un mois que <a href=\"https:\/\/actu.fr\/auvergne-rhone-alpes\/grenoble_38185\/grenoble-ce-lieu-emblematique-ferme-definitivement-ca-fait-peur-pour-l-avenir_62769559.html\" target=\"_blank\" rel=\"noopener\">la Bobine<\/a>, \u00e9quipement culturel associatif phare de Grenoble, <strong>est occup\u00e9e<\/strong> par des membres du mouvement \u00ab\u00a0Bloquons tout\u00a0\u00bb qui a anim\u00e9 la rentr\u00e9e sociale en France. Quelques heures apr\u00e8s la <a href=\"https:\/\/actu.fr\/auvergne-rhone-alpes\/grenoble_38185\/greve-du-18-septembre-a-grenoble-15-000-manifestants-dans-les-rues-j-en-ai-marre-d-avoir-peur_63181122.html\" target=\"_blank\" rel=\"noopener\">manifestation du 18 septembre<\/a>, plusieurs personnes ont pris possession des lieux.<br \/>La Ville de Grenoble, propri\u00e9taire des murs, a d\u00e9nonc\u00e9 <strong>un acte ill\u00e9gal<\/strong>, tout en assurant soutenir les revendications des manifestants. Un \u00ab\u00a0dialogue\u00a0\u00bb a \u00e9t\u00e9 instaur\u00e9 avec les occupants pour tenter de trouver une solution, car un repreneur a \u00e9t\u00e9 d\u00e9sign\u00e9 pour prendre les r\u00eanes de la Bobine.<\/p>\n<p>Une association cr\u00e9\u00e9e \u00e0 Annecy<\/p>\n<p class=\" wall-content\">Dans un communiqu\u00e9 en date du 16 octobre, la mairie indique que \u00ab\u00a0l\u2019association repreneuse est en attente pour prendre possession des lieux et y implanter un projet culturel coop\u00e9ratif\u00a0\u00bb.<\/p>\n<p class=\" wall-content\">Cette association, c\u2019est <strong>L\u2019Autre Sc\u00e8ne<\/strong> qui a \u00e9t\u00e9 choisie par le tribunal de commerce pour reprendre la Bobine. Cr\u00e9\u00e9e \u00e0 Annecy, elle a mont\u00e9 plusieurs projets et \u00e9v\u00e8nements culturels dans la ville haute-savoyarde et a tent\u00e9, sans succ\u00e8s, d\u2019y ouvrir un tiers-lieu.<\/p>\n<p class=\" wall-content\">Concernant son projet grenoblois, un appel \u00e0 participation a \u00e9t\u00e9 lanc\u00e9 sur le <a href=\"https:\/\/www.helloasso.com\/associations\/l-autre-asso\/boutiques\/sauver-la-bobine-achetez-des-bobinettes\" target=\"_blank\" rel=\"noopener\">site HelloAsso<\/a> avec un nouveau nom, L\u2019Autre Asso, pour \u00ab\u00a0cr\u00e9er un lieu qui appartient \u00e0 ses utilisateurs\u00a0\u00bb.<\/p>\n<p>    <a href=\"https:\/\/www.facebook.com\/plugins\/post.php?href=https%3A%2F%2Fwww.facebook.com%2Flabobinegrenoble%2Fposts%2Fpfbid02WFFAJuMPRwvdjNQqBikNn57yyFfNGs25GrzfSMfFUnSS1JR3L7nXzrQTZAs8oSfil&amp;show_text=true&amp;width=350\" title=\"Ouvrie le lien\" target=\"_blank\" rel=\"noopener\">Cliquez ici pour visualiser le contenu<\/a><\/p>\n<p class=\" wall-content\">Les membres de cette nouvelle entit\u00e9 se pr\u00e9sentent comme \u00ab\u00a0des <strong>citoyens grenoblois, acteurs de la transition<\/strong>, qui \u0153uvrent pour remettre au centre des priorit\u00e9s les principes de solidarit\u00e9, de collectif, du local et de partage\u00a0\u00bb.<\/p>\n<p>Une autre salle municipale mise \u00e0 disposition<\/p>\n<p class=\" wall-content\">Mais petit probl\u00e8me : depuis le 18 septembre, le mouvement \u00ab\u00a0Bloquons tout\u00a0\u00bb est pr\u00e9sent 24h\/24 et 7j\/7 sur place. Des<a href=\"https:\/\/www.instagram.com\/filo_che\/\" target=\"_blank\" rel=\"noopener\"> concerts, ateliers, animations et d\u00e9bats<\/a> sont r\u00e9guli\u00e8rement organis\u00e9s. Difficile donc de prendre possession des lieux pour avancer.<\/p>\n<p>Votre r\u00e9gion, votre actu !<\/p>\n<p>Recevez chaque jour les infos qui comptent pour vous.<\/p>\n<p>\t<a href=\"https:\/\/actu.fr\/newsletter\" class=\"ac-btn ac-btn--corner ac-btn--medium ac-btn--blue800\" target=\"_blank\" rel=\"noopener\">S&rsquo;incrire<\/a><\/p>\n<p class=\" wall-content\">La Ville de <a href=\"https:\/\/actu.fr\/grenoble\/\" target=\"_blank\" rel=\"noopener\">Grenoble<\/a> a donc propos\u00e9 une solution aux occupants actuels de la Bobine pour \u00ab\u00a0continuer d\u2019accompagner le mouvement social \u00e0 Grenoble\u00a0\u00bb : <strong>un acc\u00e8s gratuit \u00e0 la Salle rouge<\/strong>, dans le quartier Chorier-Berriat.<\/p>\n<p>    <a href=\"https:\/\/www.google.com\/maps\/embed?pb=!1m18!1m12!1m3!1d7953.815701035109!2d5.700283770822038!3d45.18510210398196!2m3!1f0!2f0!3f0!3m2!1i1024!2i768!4f13.1!3m3!1m2!1s0x478af364ac78df97%3A0x33fc47d639ab2c38!2sSalle%20Rouge!5e0!3m2!1sfr!2sfr!4v1760692563489!5m2!1sfr!2sfr\" title=\"Ouvrie le lien\" target=\"_blank\" rel=\"noopener\">Cliquez ici pour visualiser le contenu<\/a><\/p>\n<p class=\" wall-content\">\u00ab\u00a0La Ville est confiante quant \u00e0 la capacit\u00e9 des occupants \u00e0 continuer leur mobilisation entre les murs de la Salle rouge <strong>sur des cr\u00e9neaux \u00e0 d\u00e9finir<\/strong> et qu\u2019elles et ils feront preuve de responsabilit\u00e9 afin de laisser le projet de reprise suivre son cours sereinement\u00a0\u00bb, indiquent les services de la mairie dans un communiqu\u00e9.<\/p>\n<p class=\" wall-content\">\u00c0 voir maintenant si le mouvement acceptera ce d\u00e9m\u00e9nagement.<\/p>\n<p class=\" wall-content\">Personnalisez votre actualit\u00e9 en ajoutant vos villes et m\u00e9dias en favori avec <a href=\"https:\/\/moncompte.actu.fr\" title=\"D\u00e9couvez Mon Actu\" rel=\"nofollow noopener\" data-trk=\"{&quot;cta&quot;:{&quot;action&quot;:&quot;https:\\\/\\\/moncompte.actu.fr&quot;,&quot;category&quot;:&quot;mon compte&quot;,&quot;from&quot;:&quot;article footer&quot;,&quot;name&quot;:&quot;Mon actu&quot;,&quot;type&quot;:&quot;cta&quot;}}\" target=\"_blank\">Mon Actu<\/a>.<\/p>\n<p>                    <script async src=\"\/\/www.instagram.com\/embed.js\"><\/script><\/p>\n","protected":false},"excerpt":{"rendered":"Par Lisa Rodrigues Publi\u00e9 le 17 oct. 2025 \u00e0 12h06 Cela fait un mois que la Bobine, \u00e9quipement&hellip;\n","protected":false},"author":2,"featured_media":175012,"comment_status":"","ping_status":"","sticky":false,"template":"","format":"standard","meta":{"footnotes":""},"categories":[9566],"tags":[1111,11,2430,47212,1777,674,1011,27,2731,6151,1272,12,25,104],"class_list":{"0":"post-469772","1":"post","2":"type-post","3":"status-publish","4":"format-standard","5":"has-post-thumbnail","7":"category-grenoble","8":"tag-actu","9":"tag-actualites","10":"tag-auvergne-rhone-alpes","11":"tag-bloquons-tout","12":"tag-eu","13":"tag-europe","14":"tag-fr","15":"tag-france","16":"tag-grenoble","17":"tag-greve","18":"tag-manifestations","19":"tag-news","20":"tag-republique-francaise","21":"tag-societe"},"share_on_mastodon":{"url":"https:\/\/pubeurope.com\/@fr\/115389153000220805","error":""},"_links":{"self":[{"href":"https:\/\/www.europesays.com\/fr\/wp-json\/wp\/v2\/posts\/469772","targetHints":{"allow":["GET"]}}],"collection":[{"href":"https:\/\/www.europesays.com\/fr\/wp-json\/wp\/v2\/posts"}],"about":[{"href":"https:\/\/www.europesays.com\/fr\/wp-json\/wp\/v2\/types\/post"}],"author":[{"embeddable":true,"href":"https:\/\/www.europesays.com\/fr\/wp-json\/wp\/v2\/users\/2"}],"replies":[{"embeddable":true,"href":"https:\/\/www.europesays.com\/fr\/wp-json\/wp\/v2\/comments?post=469772"}],"version-history":[{"count":0,"href":"https:\/\/www.europesays.com\/fr\/wp-json\/wp\/v2\/posts\/469772\/revisions"}],"wp:featuredmedia":[{"embeddable":true,"href":"https:\/\/www.europesays.com\/fr\/wp-json\/wp\/v2\/media\/175012"}],"wp:attachment":[{"href":"https:\/\/www.europesays.com\/fr\/wp-json\/wp\/v2\/media?parent=469772"}],"wp:term":[{"taxonomy":"category","embeddable":true,"href":"https:\/\/www.europesays.com\/fr\/wp-json\/wp\/v2\/categories?post=469772"},{"taxonomy":"post_tag","embeddable":true,"href":"https:\/\/www.europesays.com\/fr\/wp-json\/wp\/v2\/tags?post=469772"}],"curies":[{"name":"wp","href":"https:\/\/api.w.org\/{rel}","templated":true}]}}