{"id":46978,"date":"2025-04-23T16:16:13","date_gmt":"2025-04-23T16:16:13","guid":{"rendered":"https:\/\/www.europesays.com\/fr\/46978\/"},"modified":"2025-04-23T16:16:13","modified_gmt":"2025-04-23T16:16:13","slug":"deux-eleves-policiers-agresses-apres-avoir-voulu-aider-des-jeunes-filles","status":"publish","type":"post","link":"https:\/\/www.europesays.com\/fr\/46978\/","title":{"rendered":"deux \u00e9l\u00e8ves policiers agress\u00e9s apr\u00e8s avoir voulu aider des jeunes filles"},"content":{"rendered":"<p>            Par<br \/>\n        <strong><br \/>\n            <a href=\"https:\/\/actu.fr\/auteur\/valentine-exantus-actu-fr\" title=\"Consulter tous les articles de Valentine Exantus\" rel=\"nofollow noopener\" target=\"_blank\">Valentine Exantus<\/a><br \/>\n        <\/strong><\/p>\n<p>        Publi\u00e9 le<\/p>\n<p>            23 avr. 2025 \u00e0 16h42        <\/p>\n<p>T\u00f4t dans la matin\u00e9e du dimanche 20\u00a0avril, vers 5\u2009h, la place de la Libert\u00e9 \u00e0 <a href=\"https:\/\/actu.fr\/provence-alpes-cote-d-azur\/toulon_83137\" rel=\"nofollow noopener\" target=\"_blank\">Toulon<\/a> (<a href=\"https:\/\/actu.fr\/provence-alpes-cote-d-azur\/var_83\" rel=\"nofollow noopener\" target=\"_blank\">Var<\/a>) a \u00e9t\u00e9 le th\u00e9\u00e2tre d\u2019une agression violente. D\u2019apr\u00e8s <a href=\"https:\/\/www.bfmtv.com\/var\/toulon-deux-eleves-policiers-hors-service-agresses-devant-une-boite-de-nuit-une-enquete-en-cours_AN-202504200308.html\" rel=\"nofollow noopener\" target=\"_blank\">BFM Var<\/a>, deux <strong>\u00e9l\u00e8ves gardiens de la paix<\/strong>, actuellement en stage \u00e0 Toulon mais form\u00e9s \u00e0 N\u00eemes, ont \u00e9t\u00e9 attaqu\u00e9s par un groupe de six individus apr\u00e8s avoir tent\u00e9 de d\u00e9fendre des jeunes filles.<\/p>\n<p class=\" wall-content\">Les faits se sont d\u00e9roul\u00e9s \u00e0 la sortie d\u2019une bo\u00eete de nuit, le Boy\u2019s Paradise, situ\u00e9e \u00e0 proximit\u00e9 de la gare.<\/p>\n<p>Une intervention qui vire \u00e0 l\u2019agression<\/p>\n<p class=\" wall-content\">En sortant de l\u2019\u00e9tablissement, les deux policiers hors service remarquent quatre jeunes filles visiblement en difficult\u00e9 face \u00e0 l\u2019insistance de six hommes. Le duo d\u00e9cide alors d\u2019intervenir.<\/p>\n<p class=\" wall-content\">Mais l\u2019intervention tourne mal. En nette inf\u00e9riorit\u00e9 num\u00e9rique, les deux stagiaires sont rapidement mis au sol. C\u2019est alors que l\u2019un des agresseurs aurait rep\u00e9r\u00e9 une carte de police tomb\u00e9e pendant la rixe.<\/p>\n<p>Les agresseurs en fuite, une enqu\u00eate lanc\u00e9e<\/p>\n<p class=\" wall-content\">Les six individus prennent ensuite la fuite. Les deux policiers, l\u00e9g\u00e8rement bless\u00e9s, ont \u00e9t\u00e9 pris en charge. Le commissariat de Toulon a \u00e9t\u00e9 saisi de l\u2019enqu\u00eate.<\/p>\n<p>Vid\u00e9os : en ce moment sur Actu<\/p>\n<p class=\" wall-content\">L\u2019objectif est d\u00e9sormais de retrouver les auteurs de cette agression, qui pourraient \u00eatre poursuivis pour violences aggrav\u00e9es.<\/p>\n<p class=\" wall-content\">Suivez toute l\u2019actualit\u00e9 de vos villes et m\u00e9dias favoris en vous inscrivant \u00e0 <a href=\"https:\/\/moncompte.actu.fr\" title=\"D\u00e9couvez Mon Actu\" rel=\"nofollow noopener\" data-trk=\"{&quot;cta&quot;:{&quot;action&quot;:&quot;https:\\\/\\\/moncompte.actu.fr&quot;,&quot;category&quot;:&quot;mon compte&quot;,&quot;from&quot;:&quot;article footer&quot;,&quot;name&quot;:&quot;Mon actu&quot;,&quot;type&quot;:&quot;cta&quot;}}\" target=\"_blank\">Mon Actu<\/a>.<\/p>\n<ul class=\"ac-article-tag wall-content\">\n<li><a href=\"https:\/\/actu.fr\/tag\/violences-policieres\" data-trk=\"{&quot;cta&quot;:{&quot;action&quot;:&quot;Violences polici\\u00e8res&quot;,&quot;category&quot;:&quot;tag&quot;,&quot;from&quot;:&quot;article footer&quot;,&quot;name&quot;:&quot;Violences polici\\u00e8res&quot;,&quot;type&quot;:&quot;cta&quot;}}\" rel=\"nofollow noopener\" target=\"_blank\">#Violences polici\u00e8res<\/a><\/li>\n<li><a href=\"https:\/\/actu.fr\/tag\/violences-urbaines\" data-trk=\"{&quot;cta&quot;:{&quot;action&quot;:&quot;Violences urbaines&quot;,&quot;category&quot;:&quot;tag&quot;,&quot;from&quot;:&quot;article footer&quot;,&quot;name&quot;:&quot;Violences urbaines&quot;,&quot;type&quot;:&quot;cta&quot;}}\" rel=\"nofollow noopener\" target=\"_blank\">#Violences urbaines<\/a><\/li>\n<\/ul>\n","protected":false},"excerpt":{"rendered":"Par Valentine Exantus Publi\u00e9 le 23 avr. 2025 \u00e0 16h42 T\u00f4t dans la matin\u00e9e du dimanche 20\u00a0avril, vers&hellip;\n","protected":false},"author":2,"featured_media":46979,"comment_status":"","ping_status":"","sticky":false,"template":"","format":"standard","meta":{"footnotes":""},"categories":[9619],"tags":[1111,11,1777,674,118,1011,27,12,882,25,2310,7374,7501],"class_list":{"0":"post-46978","1":"post","2":"type-post","3":"status-publish","4":"format-standard","5":"has-post-thumbnail","7":"category-toulon","8":"tag-actu","9":"tag-actualites","10":"tag-eu","11":"tag-europe","12":"tag-faits-divers","13":"tag-fr","14":"tag-france","15":"tag-news","16":"tag-provence-alpes-cote-dazur","17":"tag-republique-francaise","18":"tag-toulon","19":"tag-violences-policieres","20":"tag-violences-urbaines"},"share_on_mastodon":{"url":"https:\/\/pubeurope.com\/@fr\/114388178303353170","error":""},"_links":{"self":[{"href":"https:\/\/www.europesays.com\/fr\/wp-json\/wp\/v2\/posts\/46978","targetHints":{"allow":["GET"]}}],"collection":[{"href":"https:\/\/www.europesays.com\/fr\/wp-json\/wp\/v2\/posts"}],"about":[{"href":"https:\/\/www.europesays.com\/fr\/wp-json\/wp\/v2\/types\/post"}],"author":[{"embeddable":true,"href":"https:\/\/www.europesays.com\/fr\/wp-json\/wp\/v2\/users\/2"}],"replies":[{"embeddable":true,"href":"https:\/\/www.europesays.com\/fr\/wp-json\/wp\/v2\/comments?post=46978"}],"version-history":[{"count":0,"href":"https:\/\/www.europesays.com\/fr\/wp-json\/wp\/v2\/posts\/46978\/revisions"}],"wp:featuredmedia":[{"embeddable":true,"href":"https:\/\/www.europesays.com\/fr\/wp-json\/wp\/v2\/media\/46979"}],"wp:attachment":[{"href":"https:\/\/www.europesays.com\/fr\/wp-json\/wp\/v2\/media?parent=46978"}],"wp:term":[{"taxonomy":"category","embeddable":true,"href":"https:\/\/www.europesays.com\/fr\/wp-json\/wp\/v2\/categories?post=46978"},{"taxonomy":"post_tag","embeddable":true,"href":"https:\/\/www.europesays.com\/fr\/wp-json\/wp\/v2\/tags?post=46978"}],"curies":[{"name":"wp","href":"https:\/\/api.w.org\/{rel}","templated":true}]}}