{"id":469781,"date":"2025-10-17T11:02:17","date_gmt":"2025-10-17T11:02:17","guid":{"rendered":"https:\/\/www.europesays.com\/fr\/469781\/"},"modified":"2025-10-17T11:02:17","modified_gmt":"2025-10-17T11:02:17","slug":"strasbourg-la-justice-confirme-lannulation-du-conge-menstruel-a-la-ville-et-a-leurometropole","status":"publish","type":"post","link":"https:\/\/www.europesays.com\/fr\/469781\/","title":{"rendered":"Strasbourg. La justice confirme l&rsquo;annulation du cong\u00e9 menstruel \u00e0 la Ville et \u00e0 l&rsquo;Eurom\u00e9tropole"},"content":{"rendered":"<p>            Par<br \/>\n        <strong><br \/>\n            <a href=\"https:\/\/actu.fr\/auteur\/thomas-blanc\" title=\"Consulter tous les articles de Thomas Blanc\" target=\"_blank\" rel=\"noopener\">Thomas Blanc<\/a><br \/>\n        <\/strong><\/p>\n<p>        Publi\u00e9 le<\/p>\n<p>            17 oct. 2025 \u00e0 12h09        <\/p>\n<p>La cour administrative d\u2019appel de Nancy a confirm\u00e9 <strong>la suspension <\/strong><a href=\"https:\/\/actu.fr\/grand-est\/strasbourg_67482\/conge-menstruel-strasbourg-fait-appel-de-son-annulation-par-le-tribunal-administratif_63074699.html\" target=\"_blank\" rel=\"noopener\">du cong\u00e9 menstruel que veulent instaurer la Ville et l\u2019Eurom\u00e9tropole de Strasbourg<\/a> pour leurs employ\u00e9es. Elle a ainsi valid\u00e9 une d\u00e9cision du tribunal administratif de Strasbourg qui avait <strong>annul\u00e9 les d\u00e9lib\u00e9rations instituant ce cong\u00e9 in\u00e9dit<\/strong> dans le <a href=\"https:\/\/actu.fr\/grand-est\/bas-rhin_67\" target=\"_blank\" rel=\"noopener\">Bas-Rhin<\/a> en juin\u00a02025.<\/p>\n<p>Treize jours de cong\u00e9 suppl\u00e9mentaires pour les femmes qui ont des menstruations douloureuses<\/p>\n<p class=\" wall-content\">Tout a commenc\u00e9 en mai\u00a02024 quand, successivement, la Ville et l\u2019<a href=\"https:\/\/actu.fr\/tag\/eurometropole-de-strasbourg\" target=\"_blank\" rel=\"noopener\">Eurom\u00e9tropole de Strasbourg<\/a><strong> ont vot\u00e9 ce dispositif exp\u00e9rimental<\/strong>\u00a0<strong>pour une dur\u00e9e de deux ans<\/strong>.<\/p>\n<p class=\" wall-content\">Il comprenait la possibilit\u00e9 pour les femmes souffrant de r\u00e8gles douloureuses, d\u2019endom\u00e9triose et de sympt\u00f4mes li\u00e9s \u00e0 la m\u00e9nopause, de b\u00e9n\u00e9ficier <strong>de treize jours par an sous la forme d\u2019une autorisation sp\u00e9ciale d\u2019absence<\/strong> (ASA).<\/p>\n<p>Un recours en cassation devant le Conseil d\u2019\u00e9tat\u2009?<\/p>\n<p class=\" wall-content\">L\u2019ex-pr\u00e9f\u00e8te du Bas-Rhin, Josiane Chevalier, avait r\u00e9ussi <strong>\u00e0 faire annuler cette d\u00e9lib\u00e9ration devant le tribunal administratif de Strasbourg<\/strong> qui avait jug\u00e9 l\u2019octroiement de treize jours de cong\u00e9 \u00ab\u2009non conforme au droit\u2009\u00bb. L\u2019\u00e9quipe municipale avait alors <strong>fait appel de cette d\u00e9cision<\/strong>, mais\u00a0le r\u00e9sultat reste le m\u00eame.<\/p>\n<p class=\" wall-content\">La cour administrative de Nancy <strong>n\u2019a pas acc\u00e9d\u00e9 \u00e0 la demande<\/strong> des collectivit\u00e9s strasbourgeoises.<\/p>\n<blockquote class=\"ac-article-quote wall-content\">\n<p>Les moyens invoqu\u00e9s par la commune [et l&rsquo;Eurom\u00e9tropole] de Strasbourg ne paraissent pas, en l\u2019\u00e9tat de l\u2019instruction, s\u00e9rieux et de nature \u00e0 justifier, outre l\u2019annulation ou la r\u00e9formation du jugement attaqu\u00e9 du tribunal administratif de Strasbourg du 24 juin 2025, le rejet des conclusions \u00e0 fin d\u2019annulation accueillies par ce jugement.<\/p>\n<p>    <strong>Cour administrative d\u2019appel de Nancy<\/strong>\n            <\/p><\/blockquote>\n<p>Votre r\u00e9gion, votre actu !<\/p>\n<p>Recevez chaque jour les infos qui comptent pour vous.<\/p>\n<p>\t<a href=\"https:\/\/actu.fr\/newsletter\" class=\"ac-btn ac-btn--corner ac-btn--medium ac-btn--blue800\" target=\"_blank\" rel=\"noopener\">S&rsquo;incrire<\/a><\/p>\n<p class=\" wall-content\">La juridiction indique \u00e9galement que \u00ab\u2009le Conseil d\u2019\u00e9tat peut \u00eatre saisi d\u2019<strong>un recours en cassation dans un d\u00e9lai de 15\u00a0jours<\/strong>.\u2009\u00bb<\/p>\n<p class=\" wall-content\">Personnalisez votre actualit\u00e9 en ajoutant vos villes et m\u00e9dias en favori avec <a href=\"https:\/\/moncompte.actu.fr\" title=\"D\u00e9couvez Mon Actu\" rel=\"nofollow noopener\" data-trk=\"{&quot;cta&quot;:{&quot;action&quot;:&quot;https:\\\/\\\/moncompte.actu.fr&quot;,&quot;category&quot;:&quot;mon compte&quot;,&quot;from&quot;:&quot;article footer&quot;,&quot;name&quot;:&quot;Mon actu&quot;,&quot;type&quot;:&quot;cta&quot;}}\" target=\"_blank\">Mon Actu<\/a>.<\/p>\n","protected":false},"excerpt":{"rendered":"Par Thomas Blanc Publi\u00e9 le 17 oct. 2025 \u00e0 12h09 La cour administrative d\u2019appel de Nancy a confirm\u00e9&hellip;\n","protected":false},"author":2,"featured_media":469782,"comment_status":"","ping_status":"","sticky":false,"template":"","format":"standard","meta":{"footnotes":""},"categories":[2820],"tags":[1111,11,1777,5342,674,1011,27,775,303,12,25,104,640],"class_list":{"0":"post-469781","1":"post","2":"type-post","3":"status-publish","4":"format-standard","5":"has-post-thumbnail","7":"category-strasbourg","8":"tag-actu","9":"tag-actualites","10":"tag-eu","11":"tag-eurometropole-de-strasbourg","12":"tag-europe","13":"tag-fr","14":"tag-france","15":"tag-grand-est","16":"tag-justice","17":"tag-news","18":"tag-republique-francaise","19":"tag-societe","20":"tag-strasbourg"},"share_on_mastodon":{"url":"https:\/\/pubeurope.com\/@fr\/115389172607315406","error":""},"_links":{"self":[{"href":"https:\/\/www.europesays.com\/fr\/wp-json\/wp\/v2\/posts\/469781","targetHints":{"allow":["GET"]}}],"collection":[{"href":"https:\/\/www.europesays.com\/fr\/wp-json\/wp\/v2\/posts"}],"about":[{"href":"https:\/\/www.europesays.com\/fr\/wp-json\/wp\/v2\/types\/post"}],"author":[{"embeddable":true,"href":"https:\/\/www.europesays.com\/fr\/wp-json\/wp\/v2\/users\/2"}],"replies":[{"embeddable":true,"href":"https:\/\/www.europesays.com\/fr\/wp-json\/wp\/v2\/comments?post=469781"}],"version-history":[{"count":0,"href":"https:\/\/www.europesays.com\/fr\/wp-json\/wp\/v2\/posts\/469781\/revisions"}],"wp:featuredmedia":[{"embeddable":true,"href":"https:\/\/www.europesays.com\/fr\/wp-json\/wp\/v2\/media\/469782"}],"wp:attachment":[{"href":"https:\/\/www.europesays.com\/fr\/wp-json\/wp\/v2\/media?parent=469781"}],"wp:term":[{"taxonomy":"category","embeddable":true,"href":"https:\/\/www.europesays.com\/fr\/wp-json\/wp\/v2\/categories?post=469781"},{"taxonomy":"post_tag","embeddable":true,"href":"https:\/\/www.europesays.com\/fr\/wp-json\/wp\/v2\/tags?post=469781"}],"curies":[{"name":"wp","href":"https:\/\/api.w.org\/{rel}","templated":true}]}}