{"id":469787,"date":"2025-10-17T11:05:11","date_gmt":"2025-10-17T11:05:11","guid":{"rendered":"https:\/\/www.europesays.com\/fr\/469787\/"},"modified":"2025-10-17T11:05:11","modified_gmt":"2025-10-17T11:05:11","slug":"il-emboutit-deux-voitures-pour-fuir-la-police","status":"publish","type":"post","link":"https:\/\/www.europesays.com\/fr\/469787\/","title":{"rendered":"il emboutit deux voitures pour fuir la police"},"content":{"rendered":"<p>            Par<br \/>\n        <strong><br \/>\n            <a href=\"https:\/\/actu.fr\/auteur\/laure-gentil\" title=\"Consulter tous les articles de Laure Gentil\" target=\"_blank\" rel=\"noopener\">Laure Gentil<\/a><br \/>\n        <\/strong><\/p>\n<p>        Publi\u00e9 le<\/p>\n<p>            17 oct. 2025 \u00e0 12h53        <\/p>\n<p>La<strong> police de Nantes<\/strong> a plac\u00e9 un homme en garde \u00e0 vue jeudi 16\u00a0octobre 2025 apr\u00e8s un refus d\u2019obtemp\u00e9rer. Une course-poursuite, qui a pris des airs d\u2019autos tamponneuses, s\u2019est engag\u00e9e \u00e0 <strong>Saint-S\u00e9bastien-sur-Loire,<\/strong> avant que le conducteur ne soit arr\u00eat\u00e9, rue Aristide-Briand, vers 14\u2009h. Dans sa tentative de fuite, le mis en cause, \u00e2g\u00e9 de 21\u00a0ans, <strong>a fonc\u00e9 dans deux voitures.<\/strong><\/p>\n<p>Une personne bless\u00e9e<\/p>\n<p class=\" wall-content\">Selon une source proche du dossier, la police a voulu contr\u00f4ler une Renault M\u00e9gane qui roulait sans assurance. Le conducteur a refus\u00e9 d\u2019obtemp\u00e9rer et s\u2019est enfui. Il a percut\u00e9 dans sa course une Renault Clio 3. Le v\u00e9hicule a fini sur le toit, <strong>blessant l\u00e9g\u00e8rement son conducteur.<\/strong> La M\u00e9gane a continu\u00e9 sa fuite et a embouti un second v\u00e9hicule\u2009: une Twingo.<\/p>\n<p class=\" wall-content\">Le mis en cause a alors quitt\u00e9 sa voiture pour fuir \u00e0 pied, mais a finalement \u00e9t\u00e9 arr\u00eat\u00e9. <strong>Deux autres passagers<\/strong> se trouvaient dans la M\u00e9gane, mais ces derniers ont r\u00e9ussi \u00e0 s\u2019\u00e9chapper. En fouillant le suspect, les policiers ont trouv\u00e9 \u00ab\u2009un petit morceau de r\u00e9sine de <strong>cannabis\u2009<\/strong>\u00bb ainsi qu\u2019une<strong> cartouche de calibre 6,35\u00a0mm.<\/strong><\/p>\n<p class=\" wall-content\">Les conducteurs de la Clio et la Twingo <strong>ont port\u00e9 plainte.<\/strong><\/p>\n<p class=\" wall-content\">Personnalisez votre actualit\u00e9 en ajoutant vos villes et m\u00e9dias en favori avec <a href=\"https:\/\/moncompte.actu.fr\" title=\"D\u00e9couvez Mon Actu\" rel=\"nofollow noopener\" data-trk=\"{&quot;cta&quot;:{&quot;action&quot;:&quot;https:\\\/\\\/moncompte.actu.fr&quot;,&quot;category&quot;:&quot;mon compte&quot;,&quot;from&quot;:&quot;article footer&quot;,&quot;name&quot;:&quot;Mon actu&quot;,&quot;type&quot;:&quot;cta&quot;}}\" target=\"_blank\">Mon Actu<\/a>.<\/p>\n","protected":false},"excerpt":{"rendered":"Par Laure Gentil Publi\u00e9 le 17 oct. 2025 \u00e0 12h53 La police de Nantes a plac\u00e9 un homme&hellip;\n","protected":false},"author":2,"featured_media":175901,"comment_status":"","ping_status":"","sticky":false,"template":"","format":"standard","meta":{"footnotes":""},"categories":[2818],"tags":[119,1111,11,1777,674,118,1011,27,766,12,2636,1072,2852,25],"class_list":{"0":"post-469787","1":"post","2":"type-post","3":"status-publish","4":"format-standard","5":"has-post-thumbnail","7":"category-nantes","8":"tag-accident","9":"tag-actu","10":"tag-actualites","11":"tag-eu","12":"tag-europe","13":"tag-faits-divers","14":"tag-fr","15":"tag-france","16":"tag-nantes","17":"tag-news","18":"tag-pays-de-la-loire","19":"tag-police","20":"tag-refus-dobtemperer","21":"tag-republique-francaise"},"share_on_mastodon":{"url":"https:\/\/pubeurope.com\/@fr\/115389184473788220","error":""},"_links":{"self":[{"href":"https:\/\/www.europesays.com\/fr\/wp-json\/wp\/v2\/posts\/469787","targetHints":{"allow":["GET"]}}],"collection":[{"href":"https:\/\/www.europesays.com\/fr\/wp-json\/wp\/v2\/posts"}],"about":[{"href":"https:\/\/www.europesays.com\/fr\/wp-json\/wp\/v2\/types\/post"}],"author":[{"embeddable":true,"href":"https:\/\/www.europesays.com\/fr\/wp-json\/wp\/v2\/users\/2"}],"replies":[{"embeddable":true,"href":"https:\/\/www.europesays.com\/fr\/wp-json\/wp\/v2\/comments?post=469787"}],"version-history":[{"count":0,"href":"https:\/\/www.europesays.com\/fr\/wp-json\/wp\/v2\/posts\/469787\/revisions"}],"wp:featuredmedia":[{"embeddable":true,"href":"https:\/\/www.europesays.com\/fr\/wp-json\/wp\/v2\/media\/175901"}],"wp:attachment":[{"href":"https:\/\/www.europesays.com\/fr\/wp-json\/wp\/v2\/media?parent=469787"}],"wp:term":[{"taxonomy":"category","embeddable":true,"href":"https:\/\/www.europesays.com\/fr\/wp-json\/wp\/v2\/categories?post=469787"},{"taxonomy":"post_tag","embeddable":true,"href":"https:\/\/www.europesays.com\/fr\/wp-json\/wp\/v2\/tags?post=469787"}],"curies":[{"name":"wp","href":"https:\/\/api.w.org\/{rel}","templated":true}]}}