{"id":469803,"date":"2025-10-17T11:14:12","date_gmt":"2025-10-17T11:14:12","guid":{"rendered":"https:\/\/www.europesays.com\/fr\/469803\/"},"modified":"2025-10-17T11:14:12","modified_gmt":"2025-10-17T11:14:12","slug":"la-bonne-mere-retrouve-sa-couronne-dor-et-tombera-bientot-son-echafaudage","status":"publish","type":"post","link":"https:\/\/www.europesays.com\/fr\/469803\/","title":{"rendered":"La Bonne M\u00e8re retrouve sa couronne d\u2019or et tombera bient\u00f4t son \u00e9chafaudage"},"content":{"rendered":"<p>Neuf mois bient\u00f4t que son \u00e9clat n\u2019illumine plus les regards ensoleill\u00e9s des <a href=\"https:\/\/www.20minutes.fr\/marseille\/\" class=\"c-link c-link--is-underlined\" target=\"_blank\" rel=\"noopener\">Marseillais<\/a>. Mais cela n\u2019est plus qu\u2019une question de jours.<\/p>\n<p>Surmont\u00e9 d\u2019un \u00e9chafaudage massif depuis f\u00e9vrier dernier, la <a href=\"https:\/\/www.20minutes.fr\/dossier\/statue\" class=\"c-link c-link--is-underlined\" target=\"_blank\" rel=\"noopener\">statue <\/a>de la Bonne M\u00e8re conna\u00eet une r\u00e9novation de son feuillage d\u2019or. Et ces <a href=\"https:\/\/www.20minutes.fr\/dossier\/travaux\" class=\"c-link c-link--is-underlined\" target=\"_blank\" rel=\"noopener\">travaux<\/a> sur la statue de 11,2 m\u00e8tres touchent \u00e0 leur fin.<\/p>\n<p class=\"mb-xxl@xs color-ultramarine font-weight-semi-bold@xs font-source-serif-pro heading-s@xs\">L\u2019acc\u00e8s \u00e0 ce contenu a \u00e9t\u00e9 bloqu\u00e9 afin de respecter votre choix de consentement<\/p>\n<p class=\"mb-m@xs text-l@xs\">En cliquant sur\u00ab J\u2019accepte \u00bb, vous acceptez le d\u00e9p\u00f4t de cookies par des services externes et aurez ainsi acc\u00e8s aux contenus de nos partenaires.<\/p>\n<p class=\"mb-xl@xs text-s@xs\">Plus d\u2019informations sur la page<a href=\"https:\/\/www.20minutes.fr\/gestion-cookies\" class=\"mx-xxs@xs color-ultramarine\" target=\"_blank\" rel=\"noopener\">Politique de gestion des cookies<\/a><\/p>\n<p>J\u2019accepte<\/p>\n<p>Pesant 150\u00a0kg et d\u00e9pos\u00e9e par h\u00e9licopt\u00e8re ce \u00e9t\u00e9 pour \u00eatre trait\u00e9e au sol, la couronne a retrouv\u00e9 de la m\u00eame mani\u00e8re ce vendredi sa place sur la t\u00eate de la Vierge \u00e0 l\u2019enfant.<\/p>\n<\/p>\n<p>A pr\u00e9sent, le d\u00e9montage des \u00e9chafaudages va pouvoir commencer, rendant progressivement la statue au paysage marseillais. L\u2019inauguration est pr\u00e9vue le 7\u00a0d\u00e9cembre.<\/p>\n<p>Pour financer ces travaux, quelque 1,9\u00a0million d\u2019euros ont \u00e9t\u00e9 collect\u00e9s aupr\u00e8s de grandes entreprises et pr\u00e8s de 40.000 particuliers, pr\u00e9cise ICI Provence. Les collectivit\u00e9s locales et les pouvoirs publics ont pour leur part vot\u00e9 des cr\u00e9dits pour un montant total de 1,3\u00a0million d\u2019euros.<\/p>\n","protected":false},"excerpt":{"rendered":"Neuf mois bient\u00f4t que son \u00e9clat n\u2019illumine plus les regards ensoleill\u00e9s des Marseillais. Mais cela n\u2019est plus qu\u2019une&hellip;\n","protected":false},"author":2,"featured_media":469804,"comment_status":"","ping_status":"","sticky":false,"template":"","format":"standard","meta":{"footnotes":""},"categories":[2814],"tags":[1111,47,11,31552,885,11863,12336,1777,674,1011,27,884,12,5190,883,882,25,104,11600,2086],"class_list":{"0":"post-469803","1":"post","2":"type-post","3":"status-publish","4":"format-standard","5":"has-post-thumbnail","7":"category-marseille","8":"tag-actu","9":"tag-actualite","10":"tag-actualites","11":"tag-basilique","12":"tag-bouches-du-rhone","13":"tag-catholicisme","14":"tag-eglise","15":"tag-eu","16":"tag-europe","17":"tag-fr","18":"tag-france","19":"tag-marseille","20":"tag-news","21":"tag-or","22":"tag-paca","23":"tag-provence-alpes-cote-dazur","24":"tag-republique-francaise","25":"tag-societe","26":"tag-statue","27":"tag-travaux"},"share_on_mastodon":{"url":"https:\/\/pubeurope.com\/@fr\/115389219780962881","error":""},"_links":{"self":[{"href":"https:\/\/www.europesays.com\/fr\/wp-json\/wp\/v2\/posts\/469803","targetHints":{"allow":["GET"]}}],"collection":[{"href":"https:\/\/www.europesays.com\/fr\/wp-json\/wp\/v2\/posts"}],"about":[{"href":"https:\/\/www.europesays.com\/fr\/wp-json\/wp\/v2\/types\/post"}],"author":[{"embeddable":true,"href":"https:\/\/www.europesays.com\/fr\/wp-json\/wp\/v2\/users\/2"}],"replies":[{"embeddable":true,"href":"https:\/\/www.europesays.com\/fr\/wp-json\/wp\/v2\/comments?post=469803"}],"version-history":[{"count":0,"href":"https:\/\/www.europesays.com\/fr\/wp-json\/wp\/v2\/posts\/469803\/revisions"}],"wp:featuredmedia":[{"embeddable":true,"href":"https:\/\/www.europesays.com\/fr\/wp-json\/wp\/v2\/media\/469804"}],"wp:attachment":[{"href":"https:\/\/www.europesays.com\/fr\/wp-json\/wp\/v2\/media?parent=469803"}],"wp:term":[{"taxonomy":"category","embeddable":true,"href":"https:\/\/www.europesays.com\/fr\/wp-json\/wp\/v2\/categories?post=469803"},{"taxonomy":"post_tag","embeddable":true,"href":"https:\/\/www.europesays.com\/fr\/wp-json\/wp\/v2\/tags?post=469803"}],"curies":[{"name":"wp","href":"https:\/\/api.w.org\/{rel}","templated":true}]}}