{"id":469807,"date":"2025-10-17T11:16:13","date_gmt":"2025-10-17T11:16:13","guid":{"rendered":"https:\/\/www.europesays.com\/fr\/469807\/"},"modified":"2025-10-17T11:16:13","modified_gmt":"2025-10-17T11:16:13","slug":"la-prefecture-ferme-en-urgence-cette-pizzeria-de-la-part-dieu","status":"publish","type":"post","link":"https:\/\/www.europesays.com\/fr\/469807\/","title":{"rendered":"la pr\u00e9fecture ferme en urgence cette pizzeria de la Part-Dieu"},"content":{"rendered":"<p>La Squadra, pizzeria de la rue Voltaire (3e), dans le quartier de la Part-Dieu, est contrainte de baisser le rideau. Un contr\u00f4le sanitaire a r\u00e9v\u00e9l\u00e9, ce jeudi 16\u00a0octobre, des \u00ab\u00a0manquements graves aux r\u00e8gles d\u2019hygi\u00e8ne\u00a0\u00bb en vigueur. \u00c0 la lecture du rapport \u00e9tabli \u00e0 l\u2019issue de cette inspection, la pr\u00e9fecture du Rh\u00f4ne n\u2019a eu d\u2019autre choix que de fermer en urgence l\u2019\u00e9tablissement.<\/p>\n<p>Ont \u00e9t\u00e9 relev\u00e9es, entre autres entorses aux normes en vigueur\u00a0: la pr\u00e9sence de cadavres d\u2019insectes (blattes, cloportes) et de d\u00e9jections de souris en zone de stockage, la d\u00e9tention de denr\u00e9es p\u00e9rim\u00e9es, une tra\u00e7abilit\u00e9 incompl\u00e8te des aliments, l\u2019absence de formation \u00e0 l\u2019hygi\u00e8ne du personnel ou encore des mauvaises conditions de conservation des mati\u00e8res premi\u00e8res.<\/p>\n<p>  Une menace pour la sant\u00e9 des consommateurs<\/p>\n<p>La pr\u00e9fecture a donc jug\u00e9 que la poursuite de l\u2019activit\u00e9 de La Squadra, dans les conditions constat\u00e9es, constitue \u00ab\u00a0une menace importante pour la sant\u00e9 des consommateurs en raison de la probabilit\u00e9 importante de contaminations et des risques d\u2019intoxication qui en r\u00e9sultent.\u00a0\u00bb La pizzeria de la rue Voltaire ne pourra rouvrir qu\u2019une fois les <a href=\"https:\/\/www.leprogres.fr\/economie\/2022\/06\/22\/comment-sont-controlees-les-usines-agroalimentaires-du-rhone\" target=\"_blank\" rel=\"nofollow noopener\">normes d\u2019hygi\u00e8ne respect\u00e9es<\/a>.<\/p>\n<p>Contact\u00e9 par la r\u00e9daction ce vendredi matin, l\u2019\u00e9tablissement n\u2019a pas donn\u00e9 suite.<\/p>\n<p class=\"note\">En tant que consommateur, vous pouvez signaler un manque d&rsquo;hygi\u00e8ne ou un probl\u00e8me de non-respect du droit de la consommation que vous rep\u00e9rez dans un magasin, un restaurant ou sur un site internet, via la plateforme <a href=\"http:\/\/www.signal.conso.gouv.fr\" rel=\"nofollow noopener\" target=\"_blank\">www.signal.conso.gouv.fr<\/a>\u00a0<\/p>\n","protected":false},"excerpt":{"rendered":"La Squadra, pizzeria de la rue Voltaire (3e), dans le quartier de la Part-Dieu, est contrainte de baisser&hellip;\n","protected":false},"author":2,"featured_media":469808,"comment_status":"","ping_status":"","sticky":false,"template":"","format":"standard","meta":{"footnotes":""},"categories":[1889],"tags":[1111,11,2430,4406,33,2757,1777,674,274,107,1011,27,2428,2756,12,25,2429],"class_list":{"0":"post-469807","1":"post","2":"type-post","3":"status-publish","4":"format-standard","5":"has-post-thumbnail","7":"category-lyon","8":"tag-actu","9":"tag-actualites","10":"tag-auvergne-rhone-alpes","11":"tag-commerce-et-services","12":"tag-economie","13":"tag-edition-lyon-villeurbanne","14":"tag-eu","15":"tag-europe","16":"tag-faits-divers-justice","17":"tag-fil-info","18":"tag-fr","19":"tag-france","20":"tag-lyon","21":"tag-lyon-bassin","22":"tag-news","23":"tag-republique-francaise","24":"tag-rhone"},"share_on_mastodon":{"url":"https:\/\/pubeurope.com\/@fr\/115389227510191170","error":""},"_links":{"self":[{"href":"https:\/\/www.europesays.com\/fr\/wp-json\/wp\/v2\/posts\/469807","targetHints":{"allow":["GET"]}}],"collection":[{"href":"https:\/\/www.europesays.com\/fr\/wp-json\/wp\/v2\/posts"}],"about":[{"href":"https:\/\/www.europesays.com\/fr\/wp-json\/wp\/v2\/types\/post"}],"author":[{"embeddable":true,"href":"https:\/\/www.europesays.com\/fr\/wp-json\/wp\/v2\/users\/2"}],"replies":[{"embeddable":true,"href":"https:\/\/www.europesays.com\/fr\/wp-json\/wp\/v2\/comments?post=469807"}],"version-history":[{"count":0,"href":"https:\/\/www.europesays.com\/fr\/wp-json\/wp\/v2\/posts\/469807\/revisions"}],"wp:featuredmedia":[{"embeddable":true,"href":"https:\/\/www.europesays.com\/fr\/wp-json\/wp\/v2\/media\/469808"}],"wp:attachment":[{"href":"https:\/\/www.europesays.com\/fr\/wp-json\/wp\/v2\/media?parent=469807"}],"wp:term":[{"taxonomy":"category","embeddable":true,"href":"https:\/\/www.europesays.com\/fr\/wp-json\/wp\/v2\/categories?post=469807"},{"taxonomy":"post_tag","embeddable":true,"href":"https:\/\/www.europesays.com\/fr\/wp-json\/wp\/v2\/tags?post=469807"}],"curies":[{"name":"wp","href":"https:\/\/api.w.org\/{rel}","templated":true}]}}