{"id":469821,"date":"2025-10-17T11:26:10","date_gmt":"2025-10-17T11:26:10","guid":{"rendered":"https:\/\/www.europesays.com\/fr\/469821\/"},"modified":"2025-10-17T11:26:10","modified_gmt":"2025-10-17T11:26:10","slug":"lukraine-se-prepare-a-un-nouvel-hiver-sans-gaz-sans-eau-sans-electricite","status":"publish","type":"post","link":"https:\/\/www.europesays.com\/fr\/469821\/","title":{"rendered":"L\u2019Ukraine se pr\u00e9pare \u00e0 un nouvel hiver sans gaz, sans eau, sans \u00e9lectricit\u00e9"},"content":{"rendered":"\n<p>\u201cDepuis les derniers tirs russes destructeurs sur les infrastructures \u00e9nerg\u00e9tiques en Ukraine, on entend des d\u00e9clarations apocalyptiques sur le risque de coupures de gaz dans des quartiers entiers cet hiver\u201d, d\u00e9crit <a class=\"ithalc\" data-ithal=\"lien_externe\" data-ithalc=\"[nav_article]\" target=\"_blank\" href=\"https:\/\/tsn.ua\/exclusive\/repetytsiia-apokalipsysu-iak-vyzyty-v-ukrayini-bez-hazu-svitla-ta-vody-2930942.html\" rel=\"noopener\">sur son site l\u2019\u00e9mission d\u2019information <strong>TSN<\/strong><\/a><strong>.<\/strong> Les forces russes proc\u00e8dent \u00e0 des attaques syst\u00e9matiques contre les centrales thermiques, les canalisations de gaz et d\u2019eau, les transformateurs.<\/p>\n<p>\u201cLes Russes ont r\u00e9\u00e9dit\u00e9 un crime vieux de trois ans, souligne le site <a class=\"ithalc\" data-ithal=\"lien_externe\" data-ithalc=\"[nav_article]\" target=\"_blank\" href=\"https:\/\/tsn.ua\/exclusive\/blekaut-v-ukrayini-iak-mozna-vyzyty-bez-elektryky-i-shcho-robyty-iakshcho-ne-bude-opalennia-2931713.html\" rel=\"noopener\">dans un autre article<\/a>. Le 10\u00a0octobre 2022, la F\u00e9d\u00e9ration de Russie avait lanc\u00e9 une attaque massive contre les sites \u00e9nerg\u00e9tiques en Ukraine.\u201d Cette ann\u00e9e, dans la nuit du 9\u00a0au 10\u00a0octobre, Moscou a recommenc\u00e9 \u00e0 viser sp\u00e9cifiquement le r\u00e9seau ukrainien. \u201cPlusieurs r\u00e9gions se sont retrouv\u00e9es sans \u00e9lectricit\u00e9. La capitale aussi a \u00e9t\u00e9 priv\u00e9e d\u2019\u00e9clairage.\u201d<\/p>\n<p>Dans ce contexte, les m\u00e9dias du pays s\u2019efforcent de donner des conseils au public en proposant divers t\u00e9moignages. \u00c0 Soumy, par exemple, \u201cdepuis ce matin [le 10\u00a0octobre], des dizaines de personnes \u00e9quip\u00e9es de grosses bonbonnes font la queue pour de l\u2019eau\u201d. Un reportage photo montre comment les habitants de la ville survivent apr\u00e8s une attaque qui a vis\u00e9 les installations \u00e9nerg\u00e9tiques\u00a0:<\/p>\n<blockquote><p>\u201cLes gens font cuire leurs repas dans des marmites pos\u00e9es sur des barbecues, [\u2026] i<\/p><\/blockquote>\n","protected":false},"excerpt":{"rendered":"\u201cDepuis les derniers tirs russes destructeurs sur les infrastructures \u00e9nerg\u00e9tiques en Ukraine, on entend des d\u00e9clarations apocalyptiques sur&hellip;\n","protected":false},"author":2,"featured_media":469822,"comment_status":"","ping_status":"","sticky":false,"template":"","format":"standard","meta":{"footnotes":""},"categories":[1591],"tags":[11,674,1887,1892,131,12,1885,1886,132,8904,220],"class_list":{"0":"post-469821","1":"post","2":"type-post","3":"status-publish","4":"format-standard","5":"has-post-thumbnail","7":"category-russie","8":"tag-actualites","9":"tag-europe","10":"tag-federation-de-russie","11":"tag-gu00e9opolitique","12":"tag-guerre-en-ukraine","13":"tag-news","14":"tag-russia","15":"tag-russian-federation","16":"tag-russie","17":"tag-u00e9nergie","18":"tag-ukraine"},"share_on_mastodon":{"url":"https:\/\/pubeurope.com\/@fr\/115389266966520006","error":""},"_links":{"self":[{"href":"https:\/\/www.europesays.com\/fr\/wp-json\/wp\/v2\/posts\/469821","targetHints":{"allow":["GET"]}}],"collection":[{"href":"https:\/\/www.europesays.com\/fr\/wp-json\/wp\/v2\/posts"}],"about":[{"href":"https:\/\/www.europesays.com\/fr\/wp-json\/wp\/v2\/types\/post"}],"author":[{"embeddable":true,"href":"https:\/\/www.europesays.com\/fr\/wp-json\/wp\/v2\/users\/2"}],"replies":[{"embeddable":true,"href":"https:\/\/www.europesays.com\/fr\/wp-json\/wp\/v2\/comments?post=469821"}],"version-history":[{"count":0,"href":"https:\/\/www.europesays.com\/fr\/wp-json\/wp\/v2\/posts\/469821\/revisions"}],"wp:featuredmedia":[{"embeddable":true,"href":"https:\/\/www.europesays.com\/fr\/wp-json\/wp\/v2\/media\/469822"}],"wp:attachment":[{"href":"https:\/\/www.europesays.com\/fr\/wp-json\/wp\/v2\/media?parent=469821"}],"wp:term":[{"taxonomy":"category","embeddable":true,"href":"https:\/\/www.europesays.com\/fr\/wp-json\/wp\/v2\/categories?post=469821"},{"taxonomy":"post_tag","embeddable":true,"href":"https:\/\/www.europesays.com\/fr\/wp-json\/wp\/v2\/tags?post=469821"}],"curies":[{"name":"wp","href":"https:\/\/api.w.org\/{rel}","templated":true}]}}