{"id":469863,"date":"2025-10-17T11:50:12","date_gmt":"2025-10-17T11:50:12","guid":{"rendered":"https:\/\/www.europesays.com\/fr\/469863\/"},"modified":"2025-10-17T11:50:12","modified_gmt":"2025-10-17T11:50:12","slug":"un-changement-radical-pour-la-serie-hbo-max","status":"publish","type":"post","link":"https:\/\/www.europesays.com\/fr\/469863\/","title":{"rendered":"un changement radical pour la s\u00e9rie HBO Max"},"content":{"rendered":"<p class=\"p1\">Le village de Lustleigh en Grande-Bretagne a des airs de<strong> Godrick\u2019s Hollow<\/strong> depuis quelques semaines. Les \u00e9quipes de tournage de la <a href=\"https:\/\/www.journaldugeek.com\/dossier\/harry-potter-la-serie-est-officielle-date-intrigue-tout-savoir\/\" rel=\"nofollow noopener\" target=\"_blank\">s\u00e9rie Harry Potter<\/a> y ont pos\u00e9 leurs valises pour immortaliser un \u00e9v\u00e9nement important de l\u2019histoire du petit sorcier \u00e0 lunettes. Si la premi\u00e8re saison, promise pour 2027, se concentre sur la rentr\u00e9e du jeune sorcier \u00e0 Poudlard et son affrontement avec Voldemort et Quirrell, les \u00e9quipes cr\u00e9atives ne vont pas exclusivement d\u00e9ambuler dans l\u2019enceinte de l\u2019\u00e9cole magique. Et cette envie de d\u00e9cors r\u00e9els n\u2019est pas pass\u00e9e inaper\u00e7ue, de nombreux photographes se rendent aux abords des lieux de tournage pour immortaliser cette production hors norme.<\/p>\n<p>Peu \u00e0 peu, la vision de Francesca Gardiner et Mark Mylod se r\u00e9v\u00e8le. Ils sont bien d\u00e9cid\u00e9s \u00e0 s\u2019affranchir des films de Chris Columbus. En effet, dans les rues de Lustleigh, les costumes arbor\u00e9s par les figurants ne laissent que peu de place au doute concernant la teneur des sc\u00e8nes tourn\u00e9es. Des citrouilles et des costumes effrayants, pour les adorateurs de la saga litt\u00e9raire, ce choix ne peut signifier qu\u2019une chose\u2026 la nuit du meurtre de James et Lily Potter sera montr\u00e9e \u00e0 l\u2019\u00e9cran.<\/p>\n<p>C\u2019est dans la nuit du <strong>31 octobre 1981<\/strong> que les parents d\u2019Harry sont tu\u00e9s \u00e0 Godrick\u2019s Hollow par le Seigneur des t\u00e9n\u00e8bres. <strong>Un \u00e9v\u00e9nement traumatique<\/strong> que la saga s\u2019\u00e9tait gard\u00e9e de montrer au cin\u00e9ma avant l\u2019ultime chapitre. C\u2019est via les souvenirs de Rogue que le sacrifice de Lily Potter avait \u00e9t\u00e9 d\u00e9voil\u00e9.<\/p>\n<p>La s\u00e9rie va vraisemblable <strong>s\u2019ouvrir sur cette trag\u00e9die<\/strong> pour appuyer son importance dans l\u2019histoire du jeune sorcier autant que pour pr\u00e9senter Voldemort aux spectateurs. Rappelons qu\u2019en 2001, c\u2019est l\u2019arriv\u00e9e d\u2019un myst\u00e9rieux sorcier dans une banlieue pavillonnaire qui lan\u00e7ait les hostilit\u00e9s. Une introduction efficace qu\u2019il sera sans doute bien difficile de surpasser.<\/p>\n<blockquote class=\"twitter-tweet\" data-width=\"500\" data-dnt=\"true\">\n<p lang=\"en\" dir=\"ltr\">Better look at the filming of the HARRY POTTER TV series in Lustleigh<\/p>\n<p>This is the night when Lord Voldemort k*lls Lily and James Potter in Godric&rsquo;s Hollow, on Halloween night, October 31, 1981 \ud83c\udf83<\/p>\n<p>(Credit to William Dax \/ SWNS) <a href=\"https:\/\/t.co\/40BC5otJFi\" rel=\"nofollow\">pic.twitter.com\/40BC5otJFi<\/a><\/p>\n<p>\u2014 Wizarding World Direct (@WW_Direct) <a href=\"https:\/\/twitter.com\/WW_Direct\/status\/1978448077506634096?ref_src=twsrc%5Etfw\" rel=\"nofollow noopener\" target=\"_blank\">October 15, 2025<\/a><\/p>\n<\/blockquote>\n<p>  Une bonne id\u00e9e\u00a0? <\/p>\n<p>La s\u00e9rie Harry Potter a bien des d\u00e9fis \u00e0 surmonter pour s\u00e9duire les spectateurs. Alors que les fans de la premi\u00e8re heure questionnent le choix de rejouer la m\u00eame histoire, Francesca Gardiner va devoir offrir juste ce qu\u2019il faut de nouveaut\u00e9 pour s\u2019\u00e9viter de vives critiques sur le manque d\u2019originalit\u00e9 de son projet. Cela ne <a href=\"https:\/\/www.journaldugeek.com\/2025\/08\/28\/harry-potter-meme-chris-columbus-est-deja-soule-par-la-serie\/\" rel=\"nofollow noopener\" target=\"_blank\">passera visiblement pas<\/a> par l\u2019esth\u00e9tique g\u00e9n\u00e9rale de la s\u00e9rie, du moins pas les costumes qui ressemblent \u00e0 s\u2019y m\u00e9prendre \u00e0 ceux de la saga.<\/p>\n<p>Avec entre huit et dix heures par saison, elle aura surtout l\u2019occasion d\u2019approfondir des id\u00e9es et \u00e9l\u00e9ments que la saga avait pass\u00e9s sous silence. On sait d\u00e9j\u00e0 que Peeves, que Chris Columbus n\u2019\u00e9tait pas parvenu \u00e0 inclure dans son film, fera partie int\u00e9grante de cette aventure. Dans le cas du 31 octobre 1981, la description pr\u00e9cise du d\u00e9roulement de la soir\u00e9e n\u2019est m\u00eame pas dans les romans. Cet ajout pourrait profiter \u00e0 la port\u00e9e dramatique du r\u00e9cit. On imagine assez bien une ouverture men\u00e9e tambour battant, o\u00f9 James et Lily assistent impuissant \u00e0 l\u2019irruption de Voldemort chez eux. Montrer le sacrifice des parents d\u2019Harry fera <strong>basculer l\u2019univers plus rapidement vers la maturit\u00e9<\/strong>. Au cin\u00e9ma, il avait fallu attendre le troisi\u00e8me film pour que s\u2019op\u00e8re un v\u00e9ritable changement de ton.<\/p>\n<p>Reste \u00e0 voir maintenant comment ces changements seront accueillis par les spectateurs et si HBO Max parviendra \u00e0 les convaincre du bienfond\u00e9 d\u2019un tel remake. La plateforme mise \u00e9norm\u00e9ment sur ce projet qui doit ajouter \u00e0 l\u2019attrait de son catalogue d\u00e9j\u00e0 centr\u00e9 sur Game of Thrones et ses <a href=\"https:\/\/www.journaldugeek.com\/2025\/10\/09\/oubliez-tout-ce-que-vous-savez-sur-game-of-thrones-ce-spin-off-change-totalement-les-regles-du-jeu\/\" target=\"_blank\" rel=\"false noopener nofollow\">s\u00e9ries d\u00e9riv\u00e9es<\/a> autant que les s\u00e9ries DC et dans l\u2019univers de \u00c7a. Rendez-vous en 2027 pour le d\u00e9couvrir.<\/p>\n<blockquote>\n<p class=\"text-base text-neutral-700 dark:text-neutral-300\">\ud83d\udfe3 Pour ne manquer aucune news sur le Journal du Geek, abonnez-vous sur <a href=\"https:\/\/news.google.com\/publications\/CAAqBwgKMNr_hAswwYyCAw?hl=fr&amp;gl=FR&amp;ceid=FR%3Afr\" target=\"_blank\" rel=\"nofollow noopener\">Google Actualit\u00e9s<\/a> et sur <a href=\"https:\/\/whatsapp.com\/channel\/0029VaClM5y4tRry12tb7D2h\" target=\"_blank\" rel=\"nofollow noopener\">notre WhatsApp<\/a>. Et si vous nous adorez, on a <a href=\"https:\/\/www.journaldugeek.com\/newsletter\/\" target=\"_blank\" rel=\"nofollow noopener\">une newsletter tous les matins<\/a>.<\/p>\n<\/blockquote>\n<p>                  <script async src=\"https:\/\/platform.twitter.com\/widgets.js\" charset=\"utf-8\"><\/script><\/p>\n","protected":false},"excerpt":{"rendered":"Le village de Lustleigh en Grande-Bretagne a des airs de Godrick\u2019s Hollow depuis quelques semaines. Les \u00e9quipes de&hellip;\n","protected":false},"author":2,"featured_media":469864,"comment_status":"","ping_status":"","sticky":false,"template":"","format":"standard","meta":{"footnotes":""},"categories":[1354],"tags":[58,59,1346,1011,27,6610,5371,1360,5523],"class_list":{"0":"post-469863","1":"post","2":"type-post","3":"status-publish","4":"format-standard","5":"has-post-thumbnail","7":"category-films","8":"tag-divertissement","9":"tag-entertainment","10":"tag-films","11":"tag-fr","12":"tag-france","13":"tag-harry-potter","14":"tag-hbo-max","15":"tag-movies","16":"tag-warner-bros"},"share_on_mastodon":{"url":"https:\/\/pubeurope.com\/@fr\/115389361355368360","error":""},"_links":{"self":[{"href":"https:\/\/www.europesays.com\/fr\/wp-json\/wp\/v2\/posts\/469863","targetHints":{"allow":["GET"]}}],"collection":[{"href":"https:\/\/www.europesays.com\/fr\/wp-json\/wp\/v2\/posts"}],"about":[{"href":"https:\/\/www.europesays.com\/fr\/wp-json\/wp\/v2\/types\/post"}],"author":[{"embeddable":true,"href":"https:\/\/www.europesays.com\/fr\/wp-json\/wp\/v2\/users\/2"}],"replies":[{"embeddable":true,"href":"https:\/\/www.europesays.com\/fr\/wp-json\/wp\/v2\/comments?post=469863"}],"version-history":[{"count":0,"href":"https:\/\/www.europesays.com\/fr\/wp-json\/wp\/v2\/posts\/469863\/revisions"}],"wp:featuredmedia":[{"embeddable":true,"href":"https:\/\/www.europesays.com\/fr\/wp-json\/wp\/v2\/media\/469864"}],"wp:attachment":[{"href":"https:\/\/www.europesays.com\/fr\/wp-json\/wp\/v2\/media?parent=469863"}],"wp:term":[{"taxonomy":"category","embeddable":true,"href":"https:\/\/www.europesays.com\/fr\/wp-json\/wp\/v2\/categories?post=469863"},{"taxonomy":"post_tag","embeddable":true,"href":"https:\/\/www.europesays.com\/fr\/wp-json\/wp\/v2\/tags?post=469863"}],"curies":[{"name":"wp","href":"https:\/\/api.w.org\/{rel}","templated":true}]}}