{"id":46988,"date":"2025-04-23T16:21:19","date_gmt":"2025-04-23T16:21:19","guid":{"rendered":"https:\/\/www.europesays.com\/fr\/46988\/"},"modified":"2025-04-23T16:21:19","modified_gmt":"2025-04-23T16:21:19","slug":"sassenage-une-visite-du-chateau-le-4-mai","status":"publish","type":"post","link":"https:\/\/www.europesays.com\/fr\/46988\/","title":{"rendered":"Sassenage. Une visite du ch\u00e2teau le 4\u00a0mai"},"content":{"rendered":"<p>Entrez dans l\u2019histoire et d\u00e9couvrez la vie de ch\u00e2teau du XVIIe\u00a0si\u00e8cle \u00e0 nos jours\u00a0! Site class\u00e9 Monument historique depuis plus de 70 ans, le ch\u00e2teau de Sassenage est l\u2019un des rares \u00e0 abriter une collection d\u2019objets mobiliers aussi exceptionnelle. Des meubles de grande facture magnifiquement pr\u00e9sent\u00e9s au sein de salons d\u2019apparats et d\u2019appartements priv\u00e9s situ\u00e9s au 1er \u00e9tage.<\/p>\n<p class=\"note\">Dimanche 4\u00a0mai de 10\u00a0h\u00a030 \u00e0 11\u00a0h\u00a045 au ch\u00e2teau de Sassenage. 8\u00a0\u20ac\/10\u00a0\u20ac\/gratuit pour les moins de 6 ans.<\/p>\n","protected":false},"excerpt":{"rendered":"Entrez dans l\u2019histoire et d\u00e9couvrez la vie de ch\u00e2teau du XVIIe\u00a0si\u00e8cle \u00e0 nos jours\u00a0! Site class\u00e9 Monument historique&hellip;\n","protected":false},"author":2,"featured_media":46989,"comment_status":"","ping_status":"","sticky":false,"template":"","format":"standard","meta":{"footnotes":""},"categories":[9566],"tags":[1111,11,2430,1687,112,1777,674,1011,27,2731,2732,108,12,2661,25],"class_list":{"0":"post-46988","1":"post","2":"type-post","3":"status-publish","4":"format-standard","5":"has-post-thumbnail","7":"category-grenoble","8":"tag-actu","9":"tag-actualites","10":"tag-auvergne-rhone-alpes","11":"tag-culture-loisirs","12":"tag-edition-grenoble-agglomeration","13":"tag-eu","14":"tag-europe","15":"tag-fr","16":"tag-france","17":"tag-grenoble","18":"tag-grenoble-bassin","19":"tag-isere","20":"tag-news","21":"tag-patrimoine-culturel","22":"tag-republique-francaise"},"share_on_mastodon":{"url":"https:\/\/pubeurope.com\/@fr\/114388197917727806","error":""},"_links":{"self":[{"href":"https:\/\/www.europesays.com\/fr\/wp-json\/wp\/v2\/posts\/46988","targetHints":{"allow":["GET"]}}],"collection":[{"href":"https:\/\/www.europesays.com\/fr\/wp-json\/wp\/v2\/posts"}],"about":[{"href":"https:\/\/www.europesays.com\/fr\/wp-json\/wp\/v2\/types\/post"}],"author":[{"embeddable":true,"href":"https:\/\/www.europesays.com\/fr\/wp-json\/wp\/v2\/users\/2"}],"replies":[{"embeddable":true,"href":"https:\/\/www.europesays.com\/fr\/wp-json\/wp\/v2\/comments?post=46988"}],"version-history":[{"count":0,"href":"https:\/\/www.europesays.com\/fr\/wp-json\/wp\/v2\/posts\/46988\/revisions"}],"wp:featuredmedia":[{"embeddable":true,"href":"https:\/\/www.europesays.com\/fr\/wp-json\/wp\/v2\/media\/46989"}],"wp:attachment":[{"href":"https:\/\/www.europesays.com\/fr\/wp-json\/wp\/v2\/media?parent=46988"}],"wp:term":[{"taxonomy":"category","embeddable":true,"href":"https:\/\/www.europesays.com\/fr\/wp-json\/wp\/v2\/categories?post=46988"},{"taxonomy":"post_tag","embeddable":true,"href":"https:\/\/www.europesays.com\/fr\/wp-json\/wp\/v2\/tags?post=46988"}],"curies":[{"name":"wp","href":"https:\/\/api.w.org\/{rel}","templated":true}]}}