{"id":469889,"date":"2025-10-17T12:04:19","date_gmt":"2025-10-17T12:04:19","guid":{"rendered":"https:\/\/www.europesays.com\/fr\/469889\/"},"modified":"2025-10-17T12:04:19","modified_gmt":"2025-10-17T12:04:19","slug":"toulon-sur-arroux-le-telethon-debute-des-ce-samedi-par-un-concours-de-petanque","status":"publish","type":"post","link":"https:\/\/www.europesays.com\/fr\/469889\/","title":{"rendered":"Toulon-sur-Arroux. Le T\u00e9l\u00e9thon d\u00e9bute d\u00e8s ce samedi par un concours de p\u00e9tanque"},"content":{"rendered":"<p>Derni\u00e8rement, des repr\u00e9sentants associatifs de Toulon-sur-Arroux \u00e9taient r\u00e9unis en mairie pour la premi\u00e8re r\u00e9union de pr\u00e9paration du T\u00e9l\u00e9thon. 3\u00a0900\u00a0\u20ac avaient \u00e9t\u00e9 r\u00e9colt\u00e9s l\u2019an pass\u00e9. \u00ab Cette constante progression est une des plus importante du secteur\u00a0\u00bb, souligne l\u2019\u00e9lu coordinateur, Fr\u00e9d\u00e9rick Gu\u00e9nard.<\/p>\n<p>Forts de <a href=\"https:\/\/www.lejsl.com\/societe\/2023\/12\/10\/117-km-de-trail-pour-le-telethon\" target=\"_blank\" rel=\"noopener\">ce succ\u00e8s<\/a> , c\u2019est tout naturellement que les acteurs b\u00e9n\u00e9voles locaux du rendez-vous ont renouvel\u00e9 le programme. Et les activit\u00e9s d\u00e9buteront bien en amont avec, d\u00e8s ce samedi, un concours de p\u00e9tanque. Les rencontres auront lieu sur le terrain de l\u2019amicale au faubourg, en doublette form\u00e9e ouvert \u00e0 tous, licenci\u00e9s ou non. Les inscriptions seront \u00e0 13\u00a0h\u00a030, d\u00e9but du concours \u00e0 14\u00a0h\u00a030.<\/p>\n<p>  Un trail en nocturne de 123\u00a0km avec\u00a03\u00a0200 m\u00e8tres de d\u00e9nivel\u00e9<\/p>\n<p>Puis pour le week-end du T\u00e9l\u00e9thon, vendredi 5\u00a0d\u00e9cembre, les \u00e9coliers prendront le relais avec des petites courses sur le stade. En soir\u00e9e, d\u00e9butera le trail en nocturne \u00e0 23\u00a0h\u00a030. \u00ab\u00a0Cette ann\u00e9e, nous partons plus t\u00f4t pour que le retour, apr\u00e8s une vingtaine d\u2019heures de course, soit effectu\u00e9 dans les temps\u00a0\u00bb, indique Nicolas Desbrosses \u00e0 l\u2019origine de la cr\u00e9ation sportive. Un parcours de 123\u00a0km segment\u00e9 en 10 ou 12 \u00e9tapes avec 3\u00a0200 m\u00e8tres de d\u00e9nivel\u00e9, qui conduira les participants sur les monts du Morvan et hauteurs du Folin.<\/p>\n<p>Samedi 6\u00a0d\u00e9cembre, en matin\u00e9e, les donneurs de sang vendront leurs fameuses brioches sous le kiosque du centre-ville tandis que le conseil municipal jeunes partira \u00e0 la conqu\u00eate des communes du secteur d\u2019intervention des pompiers. Un week-end de partage qui se terminera par un repas concert aux c\u00f4t\u00e9s d\u2019un groupe musical de l\u2019Allier.<\/p>\n","protected":false},"excerpt":{"rendered":"Derni\u00e8rement, des repr\u00e9sentants associatifs de Toulon-sur-Arroux \u00e9taient r\u00e9unis en mairie pour la premi\u00e8re r\u00e9union de pr\u00e9paration du T\u00e9l\u00e9thon.&hellip;\n","protected":false},"author":2,"featured_media":469890,"comment_status":"","ping_status":"","sticky":false,"template":"","format":"standard","meta":{"footnotes":""},"categories":[9619],"tags":[1111,11,12568,1777,674,107,1011,27,14000,12,882,25,104,2310,13999,1631],"class_list":{"0":"post-469889","1":"post","2":"type-post","3":"status-publish","4":"format-standard","5":"has-post-thumbnail","7":"category-toulon","8":"tag-actu","9":"tag-actualites","10":"tag-edition-montceau-les-mines","11":"tag-eu","12":"tag-europe","13":"tag-fil-info","14":"tag-fr","15":"tag-france","16":"tag-montceau-les-mines-bassin","17":"tag-news","18":"tag-provence-alpes-cote-dazur","19":"tag-republique-francaise","20":"tag-societe","21":"tag-toulon","22":"tag-toulon-sur-arroux","23":"tag-vie-associative"},"share_on_mastodon":{"url":"https:\/\/pubeurope.com\/@fr\/115389416277638206","error":""},"_links":{"self":[{"href":"https:\/\/www.europesays.com\/fr\/wp-json\/wp\/v2\/posts\/469889","targetHints":{"allow":["GET"]}}],"collection":[{"href":"https:\/\/www.europesays.com\/fr\/wp-json\/wp\/v2\/posts"}],"about":[{"href":"https:\/\/www.europesays.com\/fr\/wp-json\/wp\/v2\/types\/post"}],"author":[{"embeddable":true,"href":"https:\/\/www.europesays.com\/fr\/wp-json\/wp\/v2\/users\/2"}],"replies":[{"embeddable":true,"href":"https:\/\/www.europesays.com\/fr\/wp-json\/wp\/v2\/comments?post=469889"}],"version-history":[{"count":0,"href":"https:\/\/www.europesays.com\/fr\/wp-json\/wp\/v2\/posts\/469889\/revisions"}],"wp:featuredmedia":[{"embeddable":true,"href":"https:\/\/www.europesays.com\/fr\/wp-json\/wp\/v2\/media\/469890"}],"wp:attachment":[{"href":"https:\/\/www.europesays.com\/fr\/wp-json\/wp\/v2\/media?parent=469889"}],"wp:term":[{"taxonomy":"category","embeddable":true,"href":"https:\/\/www.europesays.com\/fr\/wp-json\/wp\/v2\/categories?post=469889"},{"taxonomy":"post_tag","embeddable":true,"href":"https:\/\/www.europesays.com\/fr\/wp-json\/wp\/v2\/tags?post=469889"}],"curies":[{"name":"wp","href":"https:\/\/api.w.org\/{rel}","templated":true}]}}