{"id":469911,"date":"2025-10-17T12:18:16","date_gmt":"2025-10-17T12:18:16","guid":{"rendered":"https:\/\/www.europesays.com\/fr\/469911\/"},"modified":"2025-10-17T12:18:16","modified_gmt":"2025-10-17T12:18:16","slug":"portrait-capucine-militante-nantaise-et-creatrice-du-compte-ovaires-the-rainbow-big-city-nantes","status":"publish","type":"post","link":"https:\/\/www.europesays.com\/fr\/469911\/","title":{"rendered":"Portrait. Capucine, militante nantaise et cr\u00e9atrice du compte Ovaires The Rainbow \u2013 Big City Nantes"},"content":{"rendered":"<p><img fetchpriority=\"high\" width=\"527\" height=\"296\" src=\"https:\/\/www.europesays.com\/fr\/wp-content\/uploads\/2025\/10\/1017-1-527x296.jpg\" class=\"attachment-csco-thumbnail-uncropped size-csco-thumbnail-uncropped wp-post-image\" alt=\"\" decoding=\"async\"   data-pagespeed-url-hash=\"1603929716\" onload=\"pagespeed.CriticalImages.checkImageForCriticality(this);\"\/>\t<img loading=\"lazy\" width=\"1044\" height=\"587\" src=\"https:\/\/www.europesays.com\/fr\/wp-content\/uploads\/2025\/10\/1017-1-1044x587.jpg\" class=\"attachment-csco-large-uncropped size-csco-large-uncropped wp-post-image\" alt=\"\" decoding=\"async\"   data-pagespeed-url-hash=\"3739991814\" onload=\"pagespeed.CriticalImages.checkImageForCriticality(this);\"\/>\t<\/p>\n<p>\nCr\u00e9dit : Morgane Mabit &#8211; Big City\t<\/p>\n<p>Derri\u00e8re le compte Ovaires The Rainbow se cache Capucine, 25 ans, Nantaise et cr\u00e9atrice de contenu engag\u00e9e. Sur les r\u00e9seaux, elle d\u00e9crypte l\u2019actualit\u00e9 nationale sous le prisme du f\u00e9minisme et des luttes LGBTQIA+, avec un ton \u00e0 la fois p\u00e9dagogique, sinc\u00e8re et accessible.<\/p>\n<p>Big City est all\u00e9 \u00e0 sa rencontre !<\/p>\n<blockquote class=\"instagram-media\" data-instgrm-permalink=\"https:\/\/www.instagram.com\/reel\/DO87QkdiCE7\/?utm_source=ig_embed&amp;utm_campaign=loading\" data-instgrm-version=\"14\" style=\" background:#FFF; border:0; border-radius:3px; box-shadow:0 0 1px 0 rgba(0,0,0,0.5),0 1px 10px 0 rgba(0,0,0,0.15); margin: 1px; max-width:540px; min-width:326px; padding:0; width:99.375%; width:-webkit-calc(100% - 2px); width:calc(100% - 2px);\"\/>\n<p>Victime et survivante de violences conjugales \u00e0 l\u2019adolescence, Capucine a choisi de transformer sa douleur en force. Aujourd\u2019hui, elle utilise sa voix pour informer, sensibiliser et d\u00e9noncer.<\/p>\n<p>Avec<a href=\"https:\/\/www.instagram.com\/ovairestherainbow\/?hl=fr\" target=\"_blank\" rel=\"noopener\"> plus de 100 000 abonn\u00e9es sur Instagram<\/a>, Ovaires The Rainbow s\u2019impose comme une figure incontournable du militantisme en ligne.<\/p>\n<p><script async src=\"\/\/www.instagram.com\/embed.js\"><\/script><\/p>\n","protected":false},"excerpt":{"rendered":"Cr\u00e9dit : Morgane Mabit &#8211; Big City Derri\u00e8re le compte Ovaires The Rainbow se cache Capucine, 25 ans,&hellip;\n","protected":false},"author":2,"featured_media":469912,"comment_status":"","ping_status":"","sticky":false,"template":"","format":"standard","meta":{"footnotes":""},"categories":[2818],"tags":[1111,11,1777,674,6757,1011,27,766,12,2636,9026,25],"class_list":{"0":"post-469911","1":"post","2":"type-post","3":"status-publish","4":"format-standard","5":"has-post-thumbnail","7":"category-nantes","8":"tag-actu","9":"tag-actualites","10":"tag-eu","11":"tag-europe","12":"tag-feminisme","13":"tag-fr","14":"tag-france","15":"tag-nantes","16":"tag-news","17":"tag-pays-de-la-loire","18":"tag-portrait","19":"tag-republique-francaise"},"share_on_mastodon":{"url":"https:\/\/pubeurope.com\/@fr\/115389472162832038","error":""},"_links":{"self":[{"href":"https:\/\/www.europesays.com\/fr\/wp-json\/wp\/v2\/posts\/469911","targetHints":{"allow":["GET"]}}],"collection":[{"href":"https:\/\/www.europesays.com\/fr\/wp-json\/wp\/v2\/posts"}],"about":[{"href":"https:\/\/www.europesays.com\/fr\/wp-json\/wp\/v2\/types\/post"}],"author":[{"embeddable":true,"href":"https:\/\/www.europesays.com\/fr\/wp-json\/wp\/v2\/users\/2"}],"replies":[{"embeddable":true,"href":"https:\/\/www.europesays.com\/fr\/wp-json\/wp\/v2\/comments?post=469911"}],"version-history":[{"count":0,"href":"https:\/\/www.europesays.com\/fr\/wp-json\/wp\/v2\/posts\/469911\/revisions"}],"wp:featuredmedia":[{"embeddable":true,"href":"https:\/\/www.europesays.com\/fr\/wp-json\/wp\/v2\/media\/469912"}],"wp:attachment":[{"href":"https:\/\/www.europesays.com\/fr\/wp-json\/wp\/v2\/media?parent=469911"}],"wp:term":[{"taxonomy":"category","embeddable":true,"href":"https:\/\/www.europesays.com\/fr\/wp-json\/wp\/v2\/categories?post=469911"},{"taxonomy":"post_tag","embeddable":true,"href":"https:\/\/www.europesays.com\/fr\/wp-json\/wp\/v2\/tags?post=469911"}],"curies":[{"name":"wp","href":"https:\/\/api.w.org\/{rel}","templated":true}]}}