{"id":469921,"date":"2025-10-17T12:23:10","date_gmt":"2025-10-17T12:23:10","guid":{"rendered":"https:\/\/www.europesays.com\/fr\/469921\/"},"modified":"2025-10-17T12:23:10","modified_gmt":"2025-10-17T12:23:10","slug":"nocturnes-maisons-hantees-labyrinthe-halloween-celebre-dans-ces-parcs-pres-de-lille","status":"publish","type":"post","link":"https:\/\/www.europesays.com\/fr\/469921\/","title":{"rendered":"Nocturnes, maisons hant\u00e9es, labyrinthe\u2026 Halloween c\u00e9l\u00e9br\u00e9 dans ces parcs pr\u00e8s de Lille"},"content":{"rendered":"<p>            Par<br \/>\n        <strong><br \/>\n            <a href=\"https:\/\/actu.fr\/auteur\/amandine-vachez\" title=\"Consulter tous les articles de Amandine Vachez\" target=\"_blank\" rel=\"noopener\">Amandine Vachez<\/a><br \/>\n        <\/strong><\/p>\n<p>        Publi\u00e9 le<\/p>\n<p>            17 oct. 2025 \u00e0 13h48        <\/p>\n<p>C\u2019est l\u2019occasion de se d\u00e9guiser pour aller chercher des friandises, bien s\u00fbr. Mais aussi de passer un moment sympathique en <a href=\"https:\/\/actu.fr\/tag\/famille\" target=\"_blank\" rel=\"noopener\">famille<\/a> ou entre amis, voire de <b>se faire frissonner <\/b>dans des lieux inexplor\u00e9s\u2026 <a href=\"https:\/\/actu.fr\/tag\/halloween\" target=\"_blank\" rel=\"noopener\">Halloween<\/a> revient le <b>vendredi 31\u00a0octobre 2025. <\/b>Pour surfer sur cette actualit\u00e9, les <b>parcs d\u2019attractions adaptent leurs d\u00e9cors et proposent des animations sp\u00e9ciales<\/b>, adapt\u00e9es aux petits et plus grands visiteurs. Ce qui est pr\u00e9vu pour ces <a href=\"https:\/\/actu.fr\/tag\/vacances-scolaires\" target=\"_blank\" rel=\"noopener\">vacances<\/a> de la Toussaint de cette ann\u00e9e, dans les parcs \u00e0 proximit\u00e9 de <a href=\"https:\/\/actu.fr\/lille\/\" target=\"_blank\" rel=\"noopener\">Lille<\/a> (Nord).<\/p>\n<p>\u00c0 Lille et autour<\/p>\n<ul class=\" wall-content\">\n<li><b>Le Cit\u2019Halloween \u00e0 la citadelle<\/b><\/li>\n<\/ul>\n<p class=\" wall-content\">Le parc d\u2019attractions de la citadelle de Lille, Cita Parc, passe en mode \u00ab\u2009Cit\u2019Halloween\u2009\u00bb, d\u00e8s le premier samedi des vacances scolaires. Vos petits monstres seront plong\u00e9s dans l\u2019ambiance de cette c\u00e9l\u00e9bration d\u2019automne, adapt\u00e9e aux \u00e2ges des petits qui fr\u00e9quentent le parc. En effet, le Cita Parc est <a href=\"https:\/\/actu.fr\/hauts-de-france\/lille_59350\/photos-lille-tout-ce-quil-faut-savoir-sur-cita-parc_18145846.html\" target=\"_blank\" rel=\"noopener\">pens\u00e9 pour de tr\u00e8s jeunes visiteurs<\/a>. Plus d\u2019infos sur les attractions <a href=\"https:\/\/www.cita-parc.fr\/\" target=\"_blank\" rel=\"noopener\">sur le site officiel du parc<\/a>.<\/p>\n<p class=\" wall-content\"><a href=\"https:\/\/www.instagram.com\/p\/DP0kuMfDEqc\/embed\" title=\"Ouvrir le lien sur Instagram\" target=\"_blank\" rel=\"noopener\">Visualiser le contenu sur Instagram<\/a><\/p>\n<ul class=\" wall-content\">\n<li><b>Petits et grands frissons au Fleury<\/b><\/li>\n<\/ul>\n<p class=\" wall-content\">\u00c0 moins d\u2019une heure de Lille, le Fleury pr\u00e9voit pendant ces vacances des animations d\u2019Halloween, sur-mesure pour diff\u00e9rents \u00e2ges. Des animations seront propos\u00e9es pour les plus jeunes, mais il sera possible aux plus t\u00e9m\u00e9raires de se faire gentiment peur, notamment avec un escape game accessible d\u00e8s 12\u00a0ans. Le parc propose une ouverture en nocturne, le soir du vendredi 31\u00a0octobre, jusqu\u2019\u00e0 21\u2009h. Pour plus d\u2019infos sur le parc, <a href=\"https:\/\/www.lefleury.com\/halloween\/\" target=\"_blank\" rel=\"noopener\">consultez le site officiel du Fleury<\/a>.<\/p>\n<p>\u00c0 une heure de Lille<\/p>\n<ul class=\" wall-content\">\n<li><b>\u00ab\u2009Pumpkin panic\u2009\u00bb et nocturnes \u00e0 Bellewaerde<\/b><\/li>\n<\/ul>\n<p class=\" wall-content\">D\u00e8s le lancement des vacances, Bellewaerde Park rouvre ses portes \u00ab\u2009pour un Halloween terriblement amusant\u2009!\u2009\u00bb Pour l\u2019occasion, des d\u00e9cors spectaculaires seront install\u00e9s. Petits et grands courageux pourront visiter des maisons hant\u00e9es. Des animations surprenantes et pas moins de cinq nocturnes \u2013 jusqu\u2019\u00e0 21\u2009h \u2013 \u00e0 ne pas manquer, avec feu d\u2019artifice, sont au programme. Une grande nouveaut\u00e9 attend les visiteurs cette ann\u00e9e\u2009: le labyrinthe gratuit Pumpkin panic, o\u00f9 les enfants peuvent eux-m\u00eames jouer aux petits fant\u00f4mes. Parmi les citrouilles lumineuses et les guirlandes color\u00e9es, ils cherchent leur chemin et font la connaissance de joyeux petits bonshommes citrouilles et d\u2019une myst\u00e9rieuse dame corbeau qui les prot\u00e8ge. Plus d\u2019infos <a href=\"https:\/\/www.bellewaerde.be\/halloween\/fr\" target=\"_blank\" rel=\"noopener\">sur le site officiel du parc<\/a>.<\/p>\n<p>Votre r\u00e9gion, votre actu !<\/p>\n<p>Recevez chaque jour les infos qui comptent pour vous.<\/p>\n<p>\t<a href=\"https:\/\/actu.fr\/newsletter\" class=\"ac-btn ac-btn--corner ac-btn--medium ac-btn--blue800\" target=\"_blank\" rel=\"noopener\">S&rsquo;incrire<\/a><\/p>\n<ul class=\" wall-content\">\n<li><b>Un monde parall\u00e8le terrifiant \u00e0 Walibi<\/b><\/li>\n<\/ul>\n<p class=\" wall-content\">Un nouveau souffle de terreur souffle en ce moment et jusqu\u2019au 2\u00a0novembre au parc Walibi, en Belgique. \u00ab\u2009Ibilaw\u2009\u00bb est un monde parall\u00e8le terrifiant\u2026 \u00ab\u2009Tapi dans l\u2019ombre, Bill a observ\u00e9. Chaque visiteur. Chaque geste. Chaque frisson. Il s\u2019est nourri de leurs peurs, grandissant au rythme des cris. Aujourd\u2019hui, Bill est plus puissant que jamais. Son pouvoir s\u2019est amplifi\u00e9, et ses fid\u00e8les l\u2019attendent pour propager un nouveau souffle de terreur. Pour la premi\u00e8re fois, Bill sort de l\u2019ombre, pr\u00eat \u00e0 d\u00e9fier les visiteurs les plus t\u00e9m\u00e9raires\u2026 en personne. Oserez-vous franchir les portes du parc\u2009?\u2009\u00bb, annonce l\u2019\u00e9quipe de Walibi. Une belle \u00e9dition d\u2019Halloween en perspective\u2009! Plus d\u2019infos <a href=\"https:\/\/www.walibi.be\/halloween-walibi\/fr\" target=\"_blank\" rel=\"noopener\">sur le site officiel du parc<\/a>.<\/p>\n<ul class=\" wall-content\">\n<li><b>Roi Citrouille, sorci\u00e8re, nocturnes et animations \u00e0 Plopsaland<\/b><\/li>\n<\/ul>\n<p class=\" wall-content\">Plopsaland se pr\u00e9pare pour ce qu\u2019il d\u00e9crit comme \u00ab\u2009une p\u00e9riode d\u2019Halloween myst\u00e9rieuse et conviviale pour toute la famille. Le parc se transforme avec des d\u00e9cors enchanteurs, des personnages surprenants et des animations effrayantes qui \u00e9merveillent petits et grands.\u2009\u00bb Des spectacles sont au programme, les visiteurs pourront aussi rencontrer l\u2019effrayant Roi Citrouille ou l\u2019impressionnante sorci\u00e8re de Blanche-Neige\u2026 Plopsaland ouvrira aussi en nocturne plusieurs jours\u2009: les 25 et 31\u00a0octobre, ainsi que le 1er\u00a0novembre, jusqu\u2019\u00e0 22\u2009h\u2009! Plus d\u2019infos <a href=\"https:\/\/www.plopsa.com\/fr\/plopsaland-belgium\/shows-evenements\/halloween-celebration\" target=\"_blank\" rel=\"noopener\">sur le site officiel du parc<\/a>.<\/p>\n<p>\u00c0 moins de 2\u2009h de Lille<\/p>\n<ul class=\" wall-content\">\n<li><b>Deux mondes, deux frissons au parc Bagatelle<\/b><\/li>\n<\/ul>\n<p class=\" wall-content\">Deux mondes se c\u00f4toieront dans le parc du Pas-de-Calais, <a href=\"https:\/\/actu.fr\/hauts-de-france\/merlimont_62571\/pas-de-calais-le-plus-ancien-parc-dattractions-francais-en-activite-fete-ses-70-ans_62472081.html\" target=\"_blank\" rel=\"noopener\">qui f\u00eate cette ann\u00e9e ses 70\u00a0ans<\/a>, pour les vacances de la Toussaint. \u00ab\u2009Entrez dans le monde enchanteur des lutins malicieux\u2009: un univers magique, color\u00e9\u2026 pour les petits aventuriers. Mais attention\u2026 les plus t\u00e9m\u00e9raires devront affronter\u2026 le parc oubli\u00e9\u2026 et son terrifiant cin\u00e9ma hant\u00e9\u2009\u00bb, annonce le parc.\u00a0Deux mondes\u2026 deux frissons, une seule destination\u2009: Bagatelle. Petit bonus\u2009: le billet d\u2019entr\u00e9e est affich\u00e9 \u00e0 un tarif r\u00e9duit pour les enfants qui viennent d\u00e9guis\u00e9s\u2009! Plus d\u2019infos <a href=\"https:\/\/www.parcbagatelle.com\/le-parc\/halloween-bagatelle\" target=\"_blank\" rel=\"noopener\">sur le site du parc<\/a>.<\/p>\n<ul class=\" wall-content\">\n<li><b>Frissons et nocturnes anim\u00e9es au Dennlys Parc<\/b><\/li>\n<\/ul>\n<p class=\" wall-content\">Le <a href=\"https:\/\/actu.fr\/hauts-de-france\/dennebroeucq_62267\/pas-de-calais-la-plus-ambitieuse-des-montagnes-russes-familiales-en-projet-a-dennlys-parc_63166085.html\" target=\"_blank\" rel=\"noopener\">parc d\u2019attractions de Dennebr\u0153ucq<\/a> passe aussi en mode Halloween, pendant les vacances de la Toussaint. Il se transformera en un univers de frissons et d\u2019\u00e9merveillement. Pour les plus audacieux, quatre soir\u00e9es nocturnes sont pr\u00e9vues, les dimanches 19 et 26\u00a0octobre, le vendredi 31\u00a0octobre et le samedi 1er\u00a0novembre. Les attractions seront ouvertes jusqu\u2019\u00e0 20\u2009h\u200945, vous pourrez aussi profiter de deux spectacles (un conte musical et un show chor\u00e9graphique) \u00e0 18\u2009h et 20\u2009h. Les restaurants resteront ouverts jusqu\u2019\u00e0 20\u2009h\u200930, un feu d\u2019artifice \u00e0 21\u2009h pour cl\u00f4turer la f\u00eate sera donn\u00e9, si la m\u00e9t\u00e9o le permet. Infos et r\u00e9servations <a href=\"https:\/\/www.dennlys-parc.com\/\" target=\"_blank\" rel=\"noopener\">via le site officiel du parc<\/a>.<\/p>\n<p>    <a href=\"https:\/\/www.facebook.com\/plugins\/video.php?height=314&amp;href=https%3A%2F%2Fwww.facebook.com%2Freel%2F1978701022916752%2F&amp;show_text=false&amp;width=350&amp;t=0\" title=\"Ouvrie le lien\" target=\"_blank\" rel=\"noopener\">Cliquez ici pour visualiser le contenu<\/a><\/p>\n<ul class=\" wall-content\">\n<li><b>\u00ab\u2009Peur sur le parc\u2009\u00bb au parc Ast\u00e9rix<\/b><\/li>\n<\/ul>\n<p class=\" wall-content\">En ce moment, c\u2019est le retour de \u00ab\u2009Peur sur le parc\u2009\u00bb au parc Ast\u00e9rix\u2009! Plusieurs nocturnes th\u00e9matiques sont pr\u00e9vues, les 17, 18, 23, 24, 25, 29, 30, 31\u00a0octobre et 1er, 8, 10\u00a0novembre. Pour l\u2019occasion, le parc de <a href=\"https:\/\/actu.fr\/oise\/\" target=\"_blank\" rel=\"noopener\">l\u2019Oise<\/a> propose une toute nouvelle zone de frayeur intense pour les plus t\u00e9m\u00e9raires\u2009: Le camp des Lames d\u2019Acier, une zone d\u00e9saffect\u00e9e oubli\u00e9e de tous, o\u00f9 Brakkor impose sa loi entre affrontements et flammes d\u00e9cha\u00een\u00e9es\u2026 Entre rencontres effrayantes, maisons hant\u00e9es et d\u00e9cors terrifiants, cette ann\u00e9e encore, le parc d\u2019attractions inspir\u00e9 de la BD d\u2019Uderzo et Goscinny se m\u00e9tamorphose pour faire vivre une immersion permanente \u00e0 ses visiteurs, dans une ambiance merveilleusement horrifique. Plus d\u2019infos <a href=\"https:\/\/www.parcasterix.fr\/\" target=\"_blank\" rel=\"noopener\">sur le site officiel du parc<\/a>.<\/p>\n<p class=\" wall-content\">Personnalisez votre actualit\u00e9 en ajoutant vos villes et m\u00e9dias en favori avec <a href=\"https:\/\/moncompte.actu.fr\" title=\"D\u00e9couvez Mon Actu\" rel=\"nofollow noopener\" data-trk=\"{&quot;cta&quot;:{&quot;action&quot;:&quot;https:\\\/\\\/moncompte.actu.fr&quot;,&quot;category&quot;:&quot;mon compte&quot;,&quot;from&quot;:&quot;article footer&quot;,&quot;name&quot;:&quot;Mon actu&quot;,&quot;type&quot;:&quot;cta&quot;}}\" target=\"_blank\">Mon Actu<\/a>.<\/p>\n<p>                    <script async src=\"\/\/www.instagram.com\/embed.js\"><\/script><\/p>\n","protected":false},"excerpt":{"rendered":"Par Amandine Vachez Publi\u00e9 le 17 oct. 2025 \u00e0 13h48 C\u2019est l\u2019occasion de se d\u00e9guiser pour aller chercher&hellip;\n","protected":false},"author":2,"featured_media":469922,"comment_status":"","ping_status":"","sticky":false,"template":"","format":"standard","meta":{"footnotes":""},"categories":[2815],"tags":[1111,11,1777,674,652,1011,27,20815,811,1307,1652,12,25,3176],"class_list":{"0":"post-469921","1":"post","2":"type-post","3":"status-publish","4":"format-standard","5":"has-post-thumbnail","7":"category-lille","8":"tag-actu","9":"tag-actualites","10":"tag-eu","11":"tag-europe","12":"tag-famille","13":"tag-fr","14":"tag-france","15":"tag-halloween","16":"tag-hauts-de-france","17":"tag-lille","18":"tag-loisirs-culture","19":"tag-news","20":"tag-republique-francaise","21":"tag-vacances-scolaires"},"share_on_mastodon":{"url":"https:\/\/pubeurope.com\/@fr\/115389491277483503","error":""},"_links":{"self":[{"href":"https:\/\/www.europesays.com\/fr\/wp-json\/wp\/v2\/posts\/469921","targetHints":{"allow":["GET"]}}],"collection":[{"href":"https:\/\/www.europesays.com\/fr\/wp-json\/wp\/v2\/posts"}],"about":[{"href":"https:\/\/www.europesays.com\/fr\/wp-json\/wp\/v2\/types\/post"}],"author":[{"embeddable":true,"href":"https:\/\/www.europesays.com\/fr\/wp-json\/wp\/v2\/users\/2"}],"replies":[{"embeddable":true,"href":"https:\/\/www.europesays.com\/fr\/wp-json\/wp\/v2\/comments?post=469921"}],"version-history":[{"count":0,"href":"https:\/\/www.europesays.com\/fr\/wp-json\/wp\/v2\/posts\/469921\/revisions"}],"wp:featuredmedia":[{"embeddable":true,"href":"https:\/\/www.europesays.com\/fr\/wp-json\/wp\/v2\/media\/469922"}],"wp:attachment":[{"href":"https:\/\/www.europesays.com\/fr\/wp-json\/wp\/v2\/media?parent=469921"}],"wp:term":[{"taxonomy":"category","embeddable":true,"href":"https:\/\/www.europesays.com\/fr\/wp-json\/wp\/v2\/categories?post=469921"},{"taxonomy":"post_tag","embeddable":true,"href":"https:\/\/www.europesays.com\/fr\/wp-json\/wp\/v2\/tags?post=469921"}],"curies":[{"name":"wp","href":"https:\/\/api.w.org\/{rel}","templated":true}]}}