{"id":469927,"date":"2025-10-17T12:26:11","date_gmt":"2025-10-17T12:26:11","guid":{"rendered":"https:\/\/www.europesays.com\/fr\/469927\/"},"modified":"2025-10-17T12:26:11","modified_gmt":"2025-10-17T12:26:11","slug":"un-cadavre-repeche-par-les-marins-pompiers-dans-le-vieux-port","status":"publish","type":"post","link":"https:\/\/www.europesays.com\/fr\/469927\/","title":{"rendered":"un cadavre rep\u00each\u00e9 par les marins-pompiers dans le Vieux-Port"},"content":{"rendered":"<p>\n    Le corps a \u00e9t\u00e9 rep\u00e9r\u00e9 dans la matin\u00e9e par les services de la m\u00e9tropole puis rep\u00each\u00e9 par les militaires. La victime serait \u00e2g\u00e9e d\u2019une trentaine d\u2019ann\u00e9es.<\/p>\n<p class=\"fig-paragraph\">Un corps a \u00e9t\u00e9 rep\u00each\u00e9 dans\u00a0<a href=\"http:\/\/www.lefigaro.fr\/marseille\/marseille-deux-militaires-americains-agresses-pres-du-vieux-port-20241129\" data-fig-type=\"NewsFlash\" data-gtm-custom-categorie=\"navigation\" data-gtm-custom-action=\"crossclick\" data-gtm-custom-label=\"Contextuel\" data-gtm-event=\"customEventSPE\" data-fig-domain=\"LEFIGARO\" target=\"_blank\" rel=\"noopener\">le Vieux-Port de Marseille<\/a>\u00a0ce vendredi matin, a appris Le Figaro des marins-pompiers, qui confirment une information de\u00a0<a href=\"https:\/\/www.laprovence.com\/article\/faits-divers-justice\/1967356442729914\/le-corps-dun-homme-decouvert-dans-le-vieux-port-de-marseille\" target=\"_blank\" rel=\"sponsored noopener\" data-gtm-custom-categorie=\"navigation\" data-gtm-custom-action=\"crossclick\" data-gtm-custom-label=\"Contextuel\" data-gtm-event=\"customEventSPE\">La Provence<\/a> .<\/p>\n<p class=\"fig-paragraph\">Le cadavre a \u00e9t\u00e9 rep\u00e9r\u00e9 flottant dans l\u2019eau aux alentours de 8 heures du matin par les services de la m\u00e9tropole d\u2019Aix-Marseille-Provence. Le bataillon des\u00a0<a href=\"http:\/\/www.lefigaro.fr\/marseille\/marseille-trois-marins-pompiers-agresses-a-l-arme-blanche-lors-d-une-intervention-20250603\" data-fig-type=\"NewsFlash\" data-gtm-custom-categorie=\"navigation\" data-gtm-custom-action=\"crossclick\" data-gtm-custom-label=\"Contextuel\" data-gtm-event=\"customEventSPE\" data-fig-domain=\"LEFIGARO\" target=\"_blank\" rel=\"noopener\">marins-pompiers de Marseille<\/a>\u00a0(BMPM) a \u00e9t\u00e9 rapidement sollicit\u00e9 et est intervenu dans la foul\u00e9e pour le rep\u00eacher gr\u00e2ce \u00e0 une embarcation.<\/p>\n<p>                                    <a class=\"fig-a11y-skip a11y-hidden\" href=\"#fig-a11y-skip-main-inarticle\"><br \/>\n        Passer la publicit\u00e9<br \/>\n    <\/a><\/p>\n<p>Enqu\u00eate ouverte<\/p>\n<p class=\"fig-paragraph\">La victime, qui serait un homme \u00e2g\u00e9 d\u2019une trentaine d\u2019ann\u00e9es, n\u2019a pas encore \u00e9t\u00e9 formellement identifi\u00e9e. Les militaires ont confi\u00e9 le corps aux forces de l\u2019ordre. Selon nos confr\u00e8res d\u2019<a href=\"https:\/\/www.francebleu.fr\/infos\/faits-divers-justice\/le-corps-d-un-homme-repeche-dans-le-vieux-port-de-marseille-6878832\" target=\"_blank\" rel=\"sponsored noopener\" data-gtm-custom-categorie=\"navigation\" data-gtm-custom-action=\"crossclick\" data-gtm-custom-label=\"Contextuel\" data-gtm-event=\"customEventSPE\">ICI Provence<\/a>, une enqu\u00eate a \u00e9t\u00e9 ouverte par le parquet de Marseille des chefs de \u00abrecherche des causes de la mort\u00bb.<\/p>\n","protected":false},"excerpt":{"rendered":"Le corps a \u00e9t\u00e9 rep\u00e9r\u00e9 dans la matin\u00e9e par les services de la m\u00e9tropole puis rep\u00each\u00e9 par les&hellip;\n","protected":false},"author":2,"featured_media":469928,"comment_status":"","ping_status":"","sticky":false,"template":"","format":"standard","meta":{"footnotes":""},"categories":[2814],"tags":[1111,11,30197,1777,674,1011,27,884,12,1072,882,25],"class_list":{"0":"post-469927","1":"post","2":"type-post","3":"status-publish","4":"format-standard","5":"has-post-thumbnail","7":"category-marseille","8":"tag-actu","9":"tag-actualites","10":"tag-cadavre","11":"tag-eu","12":"tag-europe","13":"tag-fr","14":"tag-france","15":"tag-marseille","16":"tag-news","17":"tag-police","18":"tag-provence-alpes-cote-dazur","19":"tag-republique-francaise"},"share_on_mastodon":{"url":"https:\/\/pubeurope.com\/@fr\/115389502851492896","error":""},"_links":{"self":[{"href":"https:\/\/www.europesays.com\/fr\/wp-json\/wp\/v2\/posts\/469927","targetHints":{"allow":["GET"]}}],"collection":[{"href":"https:\/\/www.europesays.com\/fr\/wp-json\/wp\/v2\/posts"}],"about":[{"href":"https:\/\/www.europesays.com\/fr\/wp-json\/wp\/v2\/types\/post"}],"author":[{"embeddable":true,"href":"https:\/\/www.europesays.com\/fr\/wp-json\/wp\/v2\/users\/2"}],"replies":[{"embeddable":true,"href":"https:\/\/www.europesays.com\/fr\/wp-json\/wp\/v2\/comments?post=469927"}],"version-history":[{"count":0,"href":"https:\/\/www.europesays.com\/fr\/wp-json\/wp\/v2\/posts\/469927\/revisions"}],"wp:featuredmedia":[{"embeddable":true,"href":"https:\/\/www.europesays.com\/fr\/wp-json\/wp\/v2\/media\/469928"}],"wp:attachment":[{"href":"https:\/\/www.europesays.com\/fr\/wp-json\/wp\/v2\/media?parent=469927"}],"wp:term":[{"taxonomy":"category","embeddable":true,"href":"https:\/\/www.europesays.com\/fr\/wp-json\/wp\/v2\/categories?post=469927"},{"taxonomy":"post_tag","embeddable":true,"href":"https:\/\/www.europesays.com\/fr\/wp-json\/wp\/v2\/tags?post=469927"}],"curies":[{"name":"wp","href":"https:\/\/api.w.org\/{rel}","templated":true}]}}