{"id":469952,"date":"2025-10-17T12:44:12","date_gmt":"2025-10-17T12:44:12","guid":{"rendered":"https:\/\/www.europesays.com\/fr\/469952\/"},"modified":"2025-10-17T12:44:12","modified_gmt":"2025-10-17T12:44:12","slug":"les-bleus-facilement-qualifies-en-demi-finale-par-equipes","status":"publish","type":"post","link":"https:\/\/www.europesays.com\/fr\/469952\/","title":{"rendered":"les Bleus facilement qualifi\u00e9s en demi-finale par \u00e9quipes"},"content":{"rendered":"<p>Injouable face \u00e0 la Belgique (3-0), l&rsquo;\u00e9quipe de France s&rsquo;est qualifi\u00e9e vendredi pour les demi-finales des championnats d&rsquo;Europe de tennis de table par \u00e9quipes \u00e0 Zadar (Croatie), o\u00f9 les Bleus pourraient croiser l&rsquo;Allemagne.<\/p>\n<p>Comme en 2023 \u00e0 Malm\u00f6 -o\u00f9 ils avaient d\u00e9croch\u00e9 le bronze- les Fran\u00e7ais emmen\u00e9s par <a href=\"https:\/\/www.estrepublicain.fr\/p\/alexis-lebrun\" target=\"_blank\" rel=\"noopener\">Alexis Lebrun<\/a>, <a href=\"https:\/\/www.estrepublicain.fr\/p\/felix-lebrun\" target=\"_blank\" rel=\"noopener\">F\u00e9lix Lebrun<\/a> et Simon Gauzy retrouvent le dernier carr\u00e9 d&rsquo;une comp\u00e9tition qu&rsquo;ils ont jusqu&rsquo;ici travers\u00e9 sans encombre.<\/p>\n<p>Faire mieux qu&rsquo;en Su\u00e8de leur demandera certainement d&rsquo;\u00e9lever encore le niveau, alors que l&rsquo;Allemagne, un des favoris, pourrait bien croiser leur chemin samedi.<\/p>\n<p>Face \u00e0 l&rsquo;obstacle croate<\/p>\n<p>Avant cela, les co\u00e9quipiers de Benedikt Duda, 8e joueur mondial, devront n\u00e9anmoins se d\u00e9faire de la Croatie, pays h\u00f4te de la comp\u00e9tition, dans la journ\u00e9e.<\/p>\n<p><a href=\"https:\/\/www.estrepublicain.fr\/sport\/2025\/10\/16\/euro-par-equipes-les-bleus-ecrasent-la-slovaquie-et-filent-en-quarts\" target=\"_blank\" rel=\"noopener\">D\u00e9j\u00e0 bien sup\u00e9rieurs \u00e0 la Slovaquie la veille en huiti\u00e8mes<\/a>, les Bleus n&rsquo;ont litt\u00e9ralement rien laiss\u00e9 \u00e0 leur adversaire belge (trois victoires 3-0), dont le joueur le mieux class\u00e9, Adrien Rassenfosse, est 60e mondial.<\/p>\n<p>Comme depuis le d\u00e9but des championnats d&rsquo;Europe, F\u00e9lix Lebrun a lanc\u00e9 id\u00e9alement les siens par une victoire express devant Cedric Nuytinck (3-0: 11-6, 11-4, 11-7), avant qu&rsquo;Alexis ne d\u00e9fie justement Rassenfosse.<\/p>\n<p>Alexis Lebrun n&rsquo;a toujours pas perdu un set<\/p>\n<p>Tr\u00e8s en forme \u00e0 Zadar, lui qui a d\u00fb conjuguer cette saison avec une blessure \u00e0 la main, le Montpelli\u00e9rain de 22 ans a pu compter sur la puissance de son jeu et a \u00e9c\u0153ur\u00e9 son adversaire. A l&rsquo;image de ces deux \u00e9changes remport\u00e9s dans un deuxi\u00e8me set pourtant domin\u00e9 un temps par le Belge, qui en a montr\u00e9 des signes d&rsquo;exasp\u00e9ration.<\/p>\n<p>Finalement, Alexis Lebrun s&rsquo;est lui aussi impos\u00e9 nettement (3-0: 11-4, 11-8, 11-5) et n&rsquo;a toujours pas perdu de set en Croatie.<\/p>\n<p>Simon Gauzy, \u00ab v\u00e9t\u00e9ran \u00bb de 30 ans en grande forme cette ann\u00e9e, a ensuite parfaitement valid\u00e9 la qualification en disposant rapidement de Martin Allegro (3-0: 11-6, 11-7, 11-5).<\/p>\n","protected":false},"excerpt":{"rendered":"Injouable face \u00e0 la Belgique (3-0), l&rsquo;\u00e9quipe de France s&rsquo;est qualifi\u00e9e vendredi pour les demi-finales des championnats d&rsquo;Europe&hellip;\n","protected":false},"author":2,"featured_media":469953,"comment_status":"","ping_status":"","sticky":false,"template":"","format":"standard","meta":{"footnotes":""},"categories":[1586],"tags":[11,1777,674,107,1011,27,12,25,517,1947,16149],"class_list":{"0":"post-469952","1":"post","2":"type-post","3":"status-publish","4":"format-standard","5":"has-post-thumbnail","7":"category-europe","8":"tag-actualites","9":"tag-eu","10":"tag-europe","11":"tag-fil-info","12":"tag-fr","13":"tag-france","14":"tag-news","15":"tag-republique-francaise","16":"tag-sport","17":"tag-sport-national","18":"tag-tennis-de-table"},"share_on_mastodon":{"url":"https:\/\/pubeurope.com\/@fr\/115389573659541150","error":""},"_links":{"self":[{"href":"https:\/\/www.europesays.com\/fr\/wp-json\/wp\/v2\/posts\/469952","targetHints":{"allow":["GET"]}}],"collection":[{"href":"https:\/\/www.europesays.com\/fr\/wp-json\/wp\/v2\/posts"}],"about":[{"href":"https:\/\/www.europesays.com\/fr\/wp-json\/wp\/v2\/types\/post"}],"author":[{"embeddable":true,"href":"https:\/\/www.europesays.com\/fr\/wp-json\/wp\/v2\/users\/2"}],"replies":[{"embeddable":true,"href":"https:\/\/www.europesays.com\/fr\/wp-json\/wp\/v2\/comments?post=469952"}],"version-history":[{"count":0,"href":"https:\/\/www.europesays.com\/fr\/wp-json\/wp\/v2\/posts\/469952\/revisions"}],"wp:featuredmedia":[{"embeddable":true,"href":"https:\/\/www.europesays.com\/fr\/wp-json\/wp\/v2\/media\/469953"}],"wp:attachment":[{"href":"https:\/\/www.europesays.com\/fr\/wp-json\/wp\/v2\/media?parent=469952"}],"wp:term":[{"taxonomy":"category","embeddable":true,"href":"https:\/\/www.europesays.com\/fr\/wp-json\/wp\/v2\/categories?post=469952"},{"taxonomy":"post_tag","embeddable":true,"href":"https:\/\/www.europesays.com\/fr\/wp-json\/wp\/v2\/tags?post=469952"}],"curies":[{"name":"wp","href":"https:\/\/api.w.org\/{rel}","templated":true}]}}