{"id":469954,"date":"2025-10-17T12:45:12","date_gmt":"2025-10-17T12:45:12","guid":{"rendered":"https:\/\/www.europesays.com\/fr\/469954\/"},"modified":"2025-10-17T12:45:12","modified_gmt":"2025-10-17T12:45:12","slug":"lue-affirme-son-independance-strategique","status":"publish","type":"post","link":"https:\/\/www.europesays.com\/fr\/469954\/","title":{"rendered":"l\u2019UE affirme son ind\u00e9pendance strat\u00e9gique"},"content":{"rendered":"<p>Le parlement europ\u00e9en demande la pr\u00e9f\u00e9rence europ\u00e9enne<\/p>\n<p data-start=\"482\" data-end=\"1109\">Le <strong data-start=\"485\" data-end=\"504\">16 octobre 2025<\/strong>, le Parlement europ\u00e9en et le <strong data-start=\"534\" data-end=\"567\">Conseil de l\u2019Union europ\u00e9enne<\/strong> ont conclu un accord historique sur le <strong data-start=\"607\" data-end=\"625\">programme EDIP<\/strong> (European Defence Industry Programme). Officiellement destin\u00e9 \u00e0 soutenir la production militaire commune et \u00e0 r\u00e9duire la d\u00e9pendance envers les fournisseurs \u00e9trangers, ce texte instaure de fait une <strong data-start=\"823\" data-end=\"852\">\u00ab pr\u00e9f\u00e9rence europ\u00e9enne \u00bb<\/strong> dans les appels d\u2019offres. Le principe est simple : pour b\u00e9n\u00e9ficier des <strong data-start=\"924\" data-end=\"963\">1,5 milliard d\u2019euros de subventions<\/strong> pr\u00e9vues entre 2025 et 2027, les industriels devront prouver qu\u2019au moins <strong data-start=\"1036\" data-end=\"1059\">65 % des composants<\/strong> de leurs syst\u00e8mes proviennent d\u2019un pays membre.<\/p>\n<p data-start=\"1111\" data-end=\"1681\">Pour les institutions europ\u00e9ennes, ce seuil constitue une avanc\u00e9e strat\u00e9gique. Apr\u00e8s les chocs de la pand\u00e9mie et de la guerre en Ukraine, Bruxelles entend affirmer une <strong data-start=\"1279\" data-end=\"1318\">autonomie industrielle et militaire<\/strong> qu\u2019elle juge indispensable. Selon le communiqu\u00e9 du <strong data-start=\"1370\" data-end=\"1389\">Conseil de l\u2019UE<\/strong>, l\u2019objectif est de \u00ab combler l\u2019\u00e9cart entre les mesures d\u2019urgence adopt\u00e9es apr\u00e8s 2022 et une politique de d\u00e9fense structur\u00e9e \u00e0 long terme \u00bb. Le message, adress\u00e9 autant \u00e0 Washington qu\u2019\u00e0 Moscou, vise \u00e0 rappeler que l\u2019Europe veut d\u00e9sormais ma\u00eetriser ses cha\u00eenes d\u2019approvisionnement critiques.<\/p>\n<p>Un d\u00e9bat qui divise les \u00c9tats membres et leurs partenaires<\/p>\n<p data-start=\"1754\" data-end=\"2321\">Mais derri\u00e8re l\u2019unit\u00e9 affich\u00e9e, les divergences demeurent. Certains \u00c9tats membres, notamment la Pologne et les Pays baltes, craignent qu\u2019une telle pr\u00e9f\u00e9rence ne <strong data-start=\"1915\" data-end=\"1952\">fragilise leurs liens avec l\u2019OTAN<\/strong> et les industriels am\u00e9ricains. D\u2019autres, comme la France ou l\u2019Italie, y voient au contraire une \u00e9tape n\u00e9cessaire vers une v\u00e9ritable <strong data-start=\"2085\" data-end=\"2109\">Europe de la d\u00e9fense<\/strong>. \u00ab Cet accord constitue une \u00e9tape majeure pour la s\u00e9curit\u00e9 du continent europ\u00e9en et pour le d\u00e9veloppement de notre industrie \u00bb, a affirm\u00e9 <strong data-start=\"2248\" data-end=\"2275\">Fran\u00e7ois-Xavier Bellamy<\/strong>, rapporteur du texte au Parlement europ\u00e9en.<\/p>\n<p data-start=\"2323\" data-end=\"2804\">Les partenaires ext\u00e9rieurs, eux, s\u2019inqui\u00e8tent d\u2019une fermeture du march\u00e9 europ\u00e9en. En <strong data-start=\"2408\" data-end=\"2418\">Isra\u00ebl<\/strong>, les entreprises du secteur de la d\u00e9fense anticipent une baisse significative de leurs contrats. D\u2019apr\u00e8s IsraelValley, le gouvernement isra\u00e9lien redoute une \u00e9rosion de sa coop\u00e9ration militaire avec plusieurs pays de l\u2019Union. Le d\u00e9bat prend donc une tournure diplomatique : Bruxelles assume d\u00e9sormais une <strong data-start=\"2725\" data-end=\"2759\">politique industrielle assum\u00e9e<\/strong>, quitte \u00e0 froisser des alli\u00e9s historiques.<\/p>\n<p>Entre ambition industrielle et tensions g\u00e9opolitiques<\/p>\n<p data-start=\"2872\" data-end=\"3325\">L\u2019EDIP ne se limite pas \u00e0 une logique de soutien financier. Le programme ambitionne de <strong data-start=\"2959\" data-end=\"3042\"><a href=\"https:\/\/www.politiquematin.fr\/defense-safe-europe-entre-tensions-ambitions\" rel=\"nofollow noopener\" target=\"_blank\">r\u00e9organiser la base industrielle et technologique<\/a> de d\u00e9fense europ\u00e9enne (BITDE)<\/strong>, longtemps dispers\u00e9e entre des dizaines d\u2019acteurs nationaux. \u00c0 ce titre, il s\u2019inscrit dans une continuit\u00e9 politique : apr\u00e8s les programmes de relance de l\u2019armement commun et les commandes mutualis\u00e9es pour l\u2019Ukraine, l\u2019Union cherche \u00e0 consolider une <strong data-start=\"3292\" data-end=\"3322\">capacit\u00e9 d\u2019action autonome<\/strong>.<\/p>\n<p data-start=\"3327\" data-end=\"4008\">Cependant,<a href=\"https:\/\/www.politiquematin.fr\/emmanuel-macron-promesses-defense-personne\" rel=\"nofollow noopener\" target=\"_blank\"> la mise en \u0153uvre s\u2019annonce complexe.<\/a> Certains parlementaires d\u00e9noncent une \u00ab vitrine politique \u00bb qui risque d\u2019avantager les grands groupes au d\u00e9triment des PME. Le <strong data-start=\"3502\" data-end=\"3531\">Parti communiste fran\u00e7ais<\/strong> parle m\u00eame<a href=\"https:\/\/www.economiematin.fr\/defense-union-europeenne-preference-europeenne\" target=\"_blank\" rel=\"noopener nofollow\"> d\u2019\u00ab enfumage \u00bb et de \u00ab tromperie \u00bb<\/a>, estimant que le texte ne remet pas en cause la d\u00e9pendance r\u00e9elle de l\u2019Europe aux technologies am\u00e9ricaines. \u00c0 l\u2019inverse, le <strong data-start=\"3702\" data-end=\"3719\">groupe du PPE<\/strong> d\u00e9fend une avanc\u00e9e \u00ab pragmatique \u00bb et \u00ab structurante \u00bb pour l\u2019avenir du continent. Quoi qu\u2019il en soit, la <strong data-start=\"3826\" data-end=\"3867\">pr\u00e9f\u00e9rence europ\u00e9enne dans la d\u00e9fense<\/strong> s\u2019impose d\u00e9j\u00e0 comme un nouveau terrain de confrontation entre partisans d\u2019une Europe puissance et tenants d\u2019une ouverture transatlantique.<\/p>\n<p>Une pr\u00e9f\u00e9rence europ\u00e9enne ou un protectionnisme d\u00e9guis\u00e9 ?<\/p>\n<p data-start=\"4039\" data-end=\"4566\">\u00c0 gauche, le d\u00e9bat est vif. Le <strong data-start=\"4070\" data-end=\"4105\">Parti communiste fran\u00e7ais (PCF)<\/strong> d\u00e9nonce affirme que la pr\u00e9f\u00e9rence europ\u00e9enne est destin\u00e9e \u00e0 renforcer les grands groupes au d\u00e9triment des \u00c9tats et des travailleurs. \u00ab Derri\u00e8re la rh\u00e9torique de la souverainet\u00e9, l\u2019UE soutient avant tout les champions industriels, sans v\u00e9ritable contr\u00f4le d\u00e9mocratique \u00bb, a estim\u00e9 le d\u00e9put\u00e9 <strong data-start=\"4369\" data-end=\"4390\">L\u00e9on Deffontaines<\/strong>. Le <strong data-start=\"4395\" data-end=\"4415\">groupe des Verts<\/strong> au Parlement europ\u00e9en a, de son c\u00f4t\u00e9, demand\u00e9 davantage de transparence sur la r\u00e9partition des financements et l\u2019impact social des projets soutenus.<\/p>\n<p data-start=\"4568\" data-end=\"5003\">Mais pour la majorit\u00e9 des \u00c9tats membres, la pr\u00e9f\u00e9rence europ\u00e9enne rel\u00e8ve avant tout d\u2019un <strong data-start=\"4657\" data-end=\"4689\">choix de coh\u00e9rence politique<\/strong>. \u00ab Les fonds europ\u00e9ens doivent d\u2019abord renforcer nos capacit\u00e9s communes \u00bb, r\u00e9sume un diplomate cit\u00e9 par Le Monde. \u00c0 terme, Bruxelles esp\u00e8re qu\u2019EDIP servira de socle \u00e0 une <strong data-start=\"4863\" data-end=\"4921\">politique europ\u00e9enne de d\u00e9fense v\u00e9ritablement int\u00e9gr\u00e9e<\/strong>, pr\u00e9lude \u00e0 une Europe capable de d\u00e9cider et d\u2019agir sans d\u00e9pendre de Washington.<\/p>\n","protected":false},"excerpt":{"rendered":"Le parlement europ\u00e9en demande la pr\u00e9f\u00e9rence europ\u00e9enne Le 16 octobre 2025, le Parlement europ\u00e9en et le Conseil de&hellip;\n","protected":false},"author":2,"featured_media":469955,"comment_status":"","ping_status":"","sticky":false,"template":"","format":"standard","meta":{"footnotes":""},"categories":[1586],"tags":[11,1777,674,1779,1011,27,12,25,1778,364],"class_list":{"0":"post-469954","1":"post","2":"type-post","3":"status-publish","4":"format-standard","5":"has-post-thumbnail","7":"category-europe","8":"tag-actualites","9":"tag-eu","10":"tag-europe","11":"tag-european-union","12":"tag-fr","13":"tag-france","14":"tag-news","15":"tag-republique-francaise","16":"tag-ue","17":"tag-union-europeenne"},"share_on_mastodon":{"url":"https:\/\/pubeurope.com\/@fr\/115389577605025452","error":""},"_links":{"self":[{"href":"https:\/\/www.europesays.com\/fr\/wp-json\/wp\/v2\/posts\/469954","targetHints":{"allow":["GET"]}}],"collection":[{"href":"https:\/\/www.europesays.com\/fr\/wp-json\/wp\/v2\/posts"}],"about":[{"href":"https:\/\/www.europesays.com\/fr\/wp-json\/wp\/v2\/types\/post"}],"author":[{"embeddable":true,"href":"https:\/\/www.europesays.com\/fr\/wp-json\/wp\/v2\/users\/2"}],"replies":[{"embeddable":true,"href":"https:\/\/www.europesays.com\/fr\/wp-json\/wp\/v2\/comments?post=469954"}],"version-history":[{"count":0,"href":"https:\/\/www.europesays.com\/fr\/wp-json\/wp\/v2\/posts\/469954\/revisions"}],"wp:featuredmedia":[{"embeddable":true,"href":"https:\/\/www.europesays.com\/fr\/wp-json\/wp\/v2\/media\/469955"}],"wp:attachment":[{"href":"https:\/\/www.europesays.com\/fr\/wp-json\/wp\/v2\/media?parent=469954"}],"wp:term":[{"taxonomy":"category","embeddable":true,"href":"https:\/\/www.europesays.com\/fr\/wp-json\/wp\/v2\/categories?post=469954"},{"taxonomy":"post_tag","embeddable":true,"href":"https:\/\/www.europesays.com\/fr\/wp-json\/wp\/v2\/tags?post=469954"}],"curies":[{"name":"wp","href":"https:\/\/api.w.org\/{rel}","templated":true}]}}