{"id":469964,"date":"2025-10-17T12:51:13","date_gmt":"2025-10-17T12:51:13","guid":{"rendered":"https:\/\/www.europesays.com\/fr\/469964\/"},"modified":"2025-10-17T12:51:13","modified_gmt":"2025-10-17T12:51:13","slug":"carter-mccaw-odriscoll-lomu-sean-fitzpatrick-nouvelle-zelande-devoile-son-xv-de-legende","status":"publish","type":"post","link":"https:\/\/www.europesays.com\/fr\/469964\/","title":{"rendered":"Carter, McCaw, O&rsquo;Driscoll, Lomu&#8230; Sean Fitzpatrick (Nouvelle-Z\u00e9lande) d\u00e9voile son XV de l\u00e9gende"},"content":{"rendered":"<p>L\u2019ancien capitaine des All Blacks, Sean Fitzpatrick, a r\u00e9v\u00e9l\u00e9 son XV mondial de tous les temps. Une \u00e9quipe de r\u00eave o\u00f9 la Nouvelle-Z\u00e9lande est largement repr\u00e9sent\u00e9e, aux c\u00f4t\u00e9s de quelques l\u00e9gendes galloises, anglaises et irlandaises.<br \/>\n<img data-recalc-dims=\"1\" fetchpriority=\"high\" decoding=\"async\" width=\"696\" height=\"393\" src=\"data:image\/svg+xml,%3Csvg%20xmlns=\" http:=\"\" alt=\"Sean Fitzpatrick&#10;\" class=\"wp-image-5891\" style=\"width:984px;height:auto\" data-lazy- data-lazy- data-lazy-src=\"https:\/\/www.europesays.com\/fr\/wp-content\/uploads\/2025\/10\/Sean-Fitzpatrick.jpg\"\/>L\u00e9gende n\u00e9o-z\u00e9landaise, Sean Fitzpatrick a d\u00e9voil\u00e9 son XV de l\u00e9gende<\/p>\n<p>Sean Fitzpatrick, figure mythique du rugby n\u00e9o-z\u00e9landais, n\u2019a pas fait dans la demi-mesure. Sur les quinze \u00e9lus, pas moins de sept joueurs portent le maillot noir : Jonah Lomu, Ma\u2019a Nonu, Dan Carter, Dane Coles, Olo Brown, Colin Meads et Richie McCaw.<br \/>Une domination sans surprise pour celui qui a longtemps symbolis\u00e9 la rigueur et la grandeur du rugby kiwi. \u00ab\u00a0Ce sont des joueurs qui ont red\u00e9fini le jeu \u00e0 leur poste\u00a0\u00bb, a-t-il expliqu\u00e9 dans son choix relay\u00e9 par la presse britannique.<\/p>\n<p>Un XV intemporel<\/p>\n<p>\u00c0 c\u00f4t\u00e9 de ces monstres n\u00e9o-z\u00e9landais, Fitzpatrick a tenu \u00e0 inclure plusieurs figures embl\u00e9matiques du rugby britannique. Le Gallois Gareth Edwards, souvent cit\u00e9 parmi les plus grands demis de m\u00eal\u00e9e de l\u2019histoire, forme la charni\u00e8re avec Dan Carter. Derri\u00e8re, son compatriote JPR Williams occupe le poste d\u2019arri\u00e8re, tandis que l\u2019Anglais Jason Robinson apporte sa vitesse et ses appuis ravageurs sur l\u2019aile. Le pack, lui, s\u2019appuie sur la puissance anglaise de Martin Johnson, Richard Hill et Jason Leonard, tous piliers du sacre mondial de 2003.<\/p>\n<p>Enfin, deux choix rappellent l\u2019amour de Fitzpatrick pour les joueurs capables de sortir du cadre : Brian O\u2019Driscoll, r\u00e9f\u00e9rence absolue au centre, et Zinzan Brooke, le troisi\u00e8me ligne capable de tout faire ; buteur, manieur de balle, visionnaire.<br \/>Ce XV de r\u00eave illustre parfaitement la vision d\u2019un homme qui a tout connu du rugby mondial : de la rudesse des ann\u00e9es 80 \u00e0 la sophistication du jeu moderne.<\/p>\n<p>Le XV mondial de Sean Fitzpatrick :<\/p>\n<p>15. JPR Williams (PdG), 14. Jonah Lomu (NZ), 13. Brian O\u2019Driscoll (IRL), 12. Ma\u2019a Nonu (NZ), 11. Jason Robinson (ANG) ; 10. Dan Carter (NZ), 9. Gareth Edwards (PdG) ; 8. Zinzan Brooke (NZ), 7. Richie McCaw (NZ), 6. Richard Hill (ANG), 5. Colin Meads (NZ), 4. Martin Johnson (ANG), 3. Olo Brown (NZ), 2. Dane Coles (NZ), 1. Jason Leonard (ANG).<\/p>\n<p>\nSimilaire<\/p>\n","protected":false},"excerpt":{"rendered":"L\u2019ancien capitaine des All Blacks, Sean Fitzpatrick, a r\u00e9v\u00e9l\u00e9 son XV mondial de tous les temps. Une \u00e9quipe&hellip;\n","protected":false},"author":2,"featured_media":469965,"comment_status":"","ping_status":"","sticky":false,"template":"","format":"standard","meta":{"footnotes":""},"categories":[1416],"tags":[1011,27,479,1468,60],"class_list":{"0":"post-469964","1":"post","2":"type-post","3":"status-publish","4":"format-standard","5":"has-post-thumbnail","7":"category-rugby","8":"tag-fr","9":"tag-france","10":"tag-rugby","11":"tag-rugby-football","12":"tag-sports"},"share_on_mastodon":{"url":"https:\/\/pubeurope.com\/@fr\/115389601122154914","error":""},"_links":{"self":[{"href":"https:\/\/www.europesays.com\/fr\/wp-json\/wp\/v2\/posts\/469964","targetHints":{"allow":["GET"]}}],"collection":[{"href":"https:\/\/www.europesays.com\/fr\/wp-json\/wp\/v2\/posts"}],"about":[{"href":"https:\/\/www.europesays.com\/fr\/wp-json\/wp\/v2\/types\/post"}],"author":[{"embeddable":true,"href":"https:\/\/www.europesays.com\/fr\/wp-json\/wp\/v2\/users\/2"}],"replies":[{"embeddable":true,"href":"https:\/\/www.europesays.com\/fr\/wp-json\/wp\/v2\/comments?post=469964"}],"version-history":[{"count":0,"href":"https:\/\/www.europesays.com\/fr\/wp-json\/wp\/v2\/posts\/469964\/revisions"}],"wp:featuredmedia":[{"embeddable":true,"href":"https:\/\/www.europesays.com\/fr\/wp-json\/wp\/v2\/media\/469965"}],"wp:attachment":[{"href":"https:\/\/www.europesays.com\/fr\/wp-json\/wp\/v2\/media?parent=469964"}],"wp:term":[{"taxonomy":"category","embeddable":true,"href":"https:\/\/www.europesays.com\/fr\/wp-json\/wp\/v2\/categories?post=469964"},{"taxonomy":"post_tag","embeddable":true,"href":"https:\/\/www.europesays.com\/fr\/wp-json\/wp\/v2\/tags?post=469964"}],"curies":[{"name":"wp","href":"https:\/\/api.w.org\/{rel}","templated":true}]}}