{"id":469966,"date":"2025-10-17T12:52:12","date_gmt":"2025-10-17T12:52:12","guid":{"rendered":"https:\/\/www.europesays.com\/fr\/469966\/"},"modified":"2025-10-17T12:52:12","modified_gmt":"2025-10-17T12:52:12","slug":"jan-lennard-struff-corentin-moutet-atp-250-almaty-quarts-de-finale-vendredi-17-octobre-2025-lequipe","status":"publish","type":"post","link":"https:\/\/www.europesays.com\/fr\/469966\/","title":{"rendered":"Jan-Lennard Struff &#8211; Corentin Moutet, ATP 250, Almaty, Quarts de finale, Vendredi 17 octobre 2025 &#8211; L&#039;\u00c9quipe"},"content":{"rendered":"<ol>\n<li><a href=\"https:\/\/news.google.com\/rss\/articles\/CBMizAFBVV95cUxOYTdQZ0NFbTZiMXdxQktBQnp3dV92WW1RbzFDbkczY1htTmE3X3ZLVE5UUWZySkQ0U044Vm13OXBUb1NIbEpaYVBFYnZIUmxKZ190Y3VHY3ExcnI4TmltdTQ2dXFIWlBKOThYUmZGcXR0bnN6X2FCRGhtTEp6WVZBQXZacDRCbDNXdzM4QmVKaFJPMkNUSFE2a0xUb25EbHZYVVktdFVTSS1YR1ZrX3VLNXJrZWZ0WmRiSHc5VDhDYURRWUszemFMbmw2X0g?oc=5\" target=\"_blank\" rel=\"nofollow noopener\">Jan-Lennard Struff &#8211; Corentin Moutet, ATP 250, Almaty, Quarts de finale, Vendredi 17 octobre 2025<\/a>&nbsp;&nbsp;L&rsquo;\u00c9quipe<\/li>\n<li><a href=\"https:\/\/news.google.com\/rss\/articles\/CBMi8wFBVV95cUxQb2hWZFgzWFkxbThBZkUzVVF6b0NWUDRkcXkxdFpnRy1kejg3QVZqU3J6czhpWEpvUTFuNTROZGNabHJGdmRwZ2RuUUVpMFpYOVUwX3o5S0ZTbzJhQkFsWEM5RXhFWkg1SW5XVXZNLUdEeDNCRllKSGdwTUdJeGNFYTdvT3k3WXRFcmRiVlJmSGpVNXUzY2c3TEJQby0zRktKRmw5RGlESjJpU3NFekpKOGo2TTk0YkZIQk1tWE5VMmg3Z3ZxU1oycmFuN09Jd0hGdzcwTktuSk5pSjVTejdBN3F5cnBwdEVMVFc3eGRZS2h3Uzg?oc=5\" target=\"_blank\" rel=\"nofollow noopener\">Jan-Lennard Struff surprend Karen Khachanov et rejoint Corentin Moutet en quarts de finale de l&rsquo;ATP 250 d&rsquo;Almaty<\/a>&nbsp;&nbsp;L&rsquo;\u00c9quipe<\/li>\n<li><a href=\"https:\/\/news.google.com\/rss\/articles\/CBMikAFBVV95cUxOQ3FhMFRfREF5LXl2aTdhdTRzZFNRd2VkLUVET0U1V3I3QTNIVjdmX3d2cl9ndU9FNVh3X3RBWWYxeWU0cl9ZUHRFZjdKa1Z0Nlh6bW51cW5hREdTN3RMVDRmQ3lSQzNKZVRRRkEzci1tV0VUOWFvMjNMYXBDa3o0YWJXNzVXbURWaGNyaENwaW4?oc=5\" target=\"_blank\" rel=\"nofollow noopener\">Pronostic Jan-Lennard Struff Corentin Moutet GRATUIT &#8211; Almaty Open ATP 17\/10\/2025<\/a>&nbsp;&nbsp;RueDesJoueurs<\/li>\n<li><a href=\"https:\/\/news.google.com\/rss\/articles\/CBMigwFBVV95cUxPRUE4UEhVR3o5aUlKR0I0R2FfWU1hb1BiSEhtMDNqWnVYTnhVOVVYT2VDVlZ6UmxiUjNOMVl1MDRud3YyZTVSbmloMFFOaHFGTlF1VjQ4MDN3RW12OENGdFpWaXliSko2dWZGb3hzcjlBeGtyYkoyX2o2NHhZS1VaWmZtbw?oc=5\" target=\"_blank\" rel=\"nofollow noopener\">\u00ab C\u2019est b\u00e9n\u00e9fique pour la soci\u00e9t\u00e9 en g\u00e9n\u00e9ral \u00bb, Khachanov a rendu visite \u00e0 un centre pour enfants autistes \u00e0 Almaty<\/a>&nbsp;&nbsp;Tennis Temple<\/li>\n<li><a href=\"https:\/\/news.google.com\/rss\/articles\/CBMiigFBVV95cUxNazUwMENmcHl5QnB4VzdOOS1CSzQ3TVJVNlBSWHMzS1NQeDFwcGdHdk5FUGktd2ZNbVZfVlRMaVBYb2NyWlUtV0dhY2lJS3FpMUJIelFtdV9seXNtSkt1SlZKaG9nSEVVcmEzNTM3cjluNHVzTHd5RndzbDN2MlB1NmNJUmJyWk4wSFE?oc=5\" target=\"_blank\" rel=\"nofollow noopener\">Pronostic Karen Khachanov &#8211; Jan-Lennard Struff, ATP Almaty<\/a>&nbsp;&nbsp;SportyTrader<\/li>\n<\/ol>\n","protected":false},"excerpt":{"rendered":"Jan-Lennard Struff &#8211; Corentin Moutet, ATP 250, Almaty, Quarts de finale, Vendredi 17 octobre 2025&nbsp;&nbsp;L&rsquo;\u00c9quipe Jan-Lennard Struff surprend&hellip;\n","protected":false},"author":2,"featured_media":1983,"comment_status":"","ping_status":"","sticky":false,"template":"","format":"standard","meta":{"footnotes":""},"categories":[1415],"tags":[1011,27,60,1467],"class_list":{"0":"post-469966","1":"post","2":"type-post","3":"status-publish","4":"format-standard","5":"has-post-thumbnail","7":"category-tennis","8":"tag-fr","9":"tag-france","10":"tag-sports","11":"tag-tennis"},"share_on_mastodon":{"url":"https:\/\/pubeurope.com\/@fr\/115389605019316353","error":""},"_links":{"self":[{"href":"https:\/\/www.europesays.com\/fr\/wp-json\/wp\/v2\/posts\/469966","targetHints":{"allow":["GET"]}}],"collection":[{"href":"https:\/\/www.europesays.com\/fr\/wp-json\/wp\/v2\/posts"}],"about":[{"href":"https:\/\/www.europesays.com\/fr\/wp-json\/wp\/v2\/types\/post"}],"author":[{"embeddable":true,"href":"https:\/\/www.europesays.com\/fr\/wp-json\/wp\/v2\/users\/2"}],"replies":[{"embeddable":true,"href":"https:\/\/www.europesays.com\/fr\/wp-json\/wp\/v2\/comments?post=469966"}],"version-history":[{"count":0,"href":"https:\/\/www.europesays.com\/fr\/wp-json\/wp\/v2\/posts\/469966\/revisions"}],"wp:featuredmedia":[{"embeddable":true,"href":"https:\/\/www.europesays.com\/fr\/wp-json\/wp\/v2\/media\/1983"}],"wp:attachment":[{"href":"https:\/\/www.europesays.com\/fr\/wp-json\/wp\/v2\/media?parent=469966"}],"wp:term":[{"taxonomy":"category","embeddable":true,"href":"https:\/\/www.europesays.com\/fr\/wp-json\/wp\/v2\/categories?post=469966"},{"taxonomy":"post_tag","embeddable":true,"href":"https:\/\/www.europesays.com\/fr\/wp-json\/wp\/v2\/tags?post=469966"}],"curies":[{"name":"wp","href":"https:\/\/api.w.org\/{rel}","templated":true}]}}